{"id":6839,"date":"2017-11-15T21:18:30","date_gmt":"2017-11-15T20:18:30","guid":{"rendered":"http:\/\/www.freilichtbuehne-nettelstedt.de?page_id=6839"},"modified":"2020-06-01T13:15:20","modified_gmt":"2020-06-01T11:15:20","slug":"emil-und-die-detektive-2018","status":"publish","type":"post","link":"https:\/\/www.freilichtbuehne-nettelstedt.de\/index.php\/emil-und-die-detektive-2018\/","title":{"rendered":"2018 &#8211; Emil und die Detektive"},"content":{"rendered":"<p>&nbsp;<\/p>\n<table>\n<tbody>\n<tr>\n<td><a href=\"https:\/\/www.freilichtbuehne-nettelstedt.de\/wp-content\/uploads\/2018\/03\/FBN_webAnsicht-Emil.jpg\"><img fetchpriority=\"high\" decoding=\"async\" class=\"alignnone wp-image-7049 size-medium\" alt=\"\" src=\"https:\/\/www.freilichtbuehne-nettelstedt.de\/wp-content\/uploads\/2018\/03\/FBN_webAnsicht-Emil-300x300.jpg\" width=\"300\" height=\"300\" srcset=\"https:\/\/www.freilichtbuehne-nettelstedt.de\/wp-content\/uploads\/2018\/03\/FBN_webAnsicht-Emil-300x300.jpg 300w, https:\/\/www.freilichtbuehne-nettelstedt.de\/wp-content\/uploads\/2018\/03\/FBN_webAnsicht-Emil-150x150.jpg 150w, https:\/\/www.freilichtbuehne-nettelstedt.de\/wp-content\/uploads\/2018\/03\/FBN_webAnsicht-Emil.jpg 567w\" sizes=\"(max-width: 300px) 100vw, 300px\" \/><\/a><\/td>\n<td style=\"width: 70%;\">Nach dem Buch von&nbsp;Erich K\u00e4stner<br \/>\nRegie: Poyraz T\u00fcrkay&nbsp;<strong>Ab 20. Mai 2018 jeden Sonntag um 16:00<br \/>\n<\/strong><strong><span style=\"background-color: rgb(255, 153, 0);\">Die letzte Vorstellung des Nachmittagsst\u00fcckes findet in diesem Jahr bereits am 12.08. statt.<\/span><\/strong><\/td>\n<\/tr>\n<\/tbody>\n<\/table>\n<div>\n<p>Eigentlich ist Emil ja ein ganz passabler Junge. Er hilft seiner Mutter im Waschsalon, ist immer nett und hat Freunde. Aber er hat ein schlechtes Gewissen. Ist er doch, ohne dass jemand davon wei\u00df, ein Verbrecher\u2026. Mit seinen Freunden hat er einer Statue im Park eine rote Nase und einen Schnurrbart verpasst und diese Schandtat w\u00e4re beinahe herausgekommen. Doch nun f\u00e4hrt er erst einmal nach Berlin um seine Gro\u00dfmutter und seine Cousine Pony H\u00fctchen zu besuchen. Und dann sind da noch die 140 DM, die er seiner Oma bringen soll. Nat\u00fcrlich f\u00e4hrt man in eine solch gro\u00dfe Stadt in seinem Sonntagsanzug und in diesen steckt Emil auch die 140 DM, damit er sie nicht verliert \u2026 Doch die Fahrt ist lang und Emil schl\u00e4ft ein. Schlie\u00dflich wacht er auf, doch: Das Geld ist weg, gestohlen von einem zwielichtigen Mitreisenden, der sich Grundeis nennt. Nun ist guter Rat teuer. An die Polizei wagt er sich nicht zu wenden, schlie\u00dflich hat er daheim ja etwas ausgefressen. Gott sei Dank trifft er in Berlin Gustav mit der Hupe und ehe er es sich versieht ist er mitten in einem gro\u00dfen Abenteuer, in dem auch der kleine Dienstag eine gro\u00dfe Rolle spielt. Wird die Geschichte ein gutes Ende nehmen?<\/p>\n<\/div>\n<h2 style=\"text-align: center;\"><span style=\"font-size: 18pt;\">Trailer zum St\u00fcck<\/span><\/h2>\n<p style=\"text-align: center;\"><iframe src=\"\/\/www.youtube.com\/embed\/GUPoLGOWRzE\" allowfullscreen=\"allowfullscreen\" width=\"425\" height=\"350\"><\/iframe><\/p>\n<h2><span style=\"font-family: tahoma,arial,helvetica,sans-serif;\">Auff\u00fchrungstermine:<\/span><\/h2>\n<table style=\"width: 600px;\">\n<tbody>\n<tr>\n<td style=\"width: 200px;\"><strong>Wochentag<\/strong><\/td>\n<td style=\"width: 200px;\"><strong>Datum<\/strong><\/td>\n<td style=\"width: 200px;\"><strong>Uhrzeit<\/strong><\/td>\n<\/tr>\n<tr>\n<td>Sonntag<\/td>\n<td>20.05<\/td>\n<td>16:00 Uhr&nbsp;&#8211;&nbsp; Premiere<\/td>\n<\/tr>\n<tr>\n<td>Sonntag<\/td>\n<td>27.05.<\/td>\n<td>16:00 Uhr<\/td>\n<\/tr>\n<tr>\n<td>Sonntag<\/td>\n<td>03.06.<\/td>\n<td>16:00 Uhr<\/td>\n<\/tr>\n<tr>\n<td>Sonntag<\/td>\n<td>10.06.<\/td>\n<td>16:00 Uhr<\/td>\n<\/tr>\n<tr>\n<td>Sonntag<\/td>\n<td>17.06.<\/td>\n<td>16:00 Uhr<\/td>\n<\/tr>\n<tr>\n<td style=\"width: 300px;\">Sonntag<\/td>\n<td style=\"width: 300px;\">24.06.<\/td>\n<td style=\"width: 300px;\">16:00 Uhr<\/td>\n<\/tr>\n<tr>\n<td>Sonntag<\/td>\n<td>01.07.<\/td>\n<td>16:00 Uhr<\/td>\n<\/tr>\n<tr>\n<td>Sonntag<\/td>\n<td>08.07.<\/td>\n<td>16:00 Uhr<\/td>\n<\/tr>\n<tr>\n<td>Sonntag<\/td>\n<td>15.07.<\/td>\n<td>16:00 Uhr<\/td>\n<\/tr>\n<tr>\n<td>Sonntag<\/td>\n<td>22.07.<\/td>\n<td>16:00 Uhr<\/td>\n<\/tr>\n<tr>\n<td>Sonntag<\/td>\n<td>29.07.<\/td>\n<td>16:00 Uhr<\/td>\n<\/tr>\n<tr>\n<td>Sonntag<\/td>\n<td>05.08.<\/td>\n<td>16:00 Uhr<\/td>\n<\/tr>\n<tr>\n<td>Sonntag<\/td>\n<td>12.08.<\/td>\n<td>16:00 Uhr&nbsp;&#8211;&nbsp;letzte Vorstellung<\/td>\n<\/tr>\n<\/tbody>\n<\/table>\n<h2>&nbsp;Besetzung:<\/h2>\n<table style=\"height: 1957px;\" width=\"575\">\n<tbody>\n<tr style=\"height: 12px;\">\n<td style=\"width: 40px; height: 12px; text-align: left;\" scope=\"col\"><strong>Erz\u00e4hler<\/strong><\/td>\n<td style=\"width: 40px; height: 12px; text-align: left;\" scope=\"col\">Niklas \u00d6wermann<\/td>\n<td style=\"width: 40px; height: 12px; text-align: left;\" scope=\"col\">Aaron Kracht<\/td>\n<\/tr>\n<tr style=\"height: 12px;\">\n<td style=\"width: 40px; height: 12px; text-align: left;\" scope=\"col\"><strong>Emil Tischbein<\/strong><\/td>\n<td style=\"width: 40px; height: 12px; text-align: left;\" scope=\"col\">Ole Fr\u00fcnd<\/td>\n<td style=\"width: 40px; height: 12px; text-align: left;\" scope=\"col\">Ian Tame<\/td>\n<\/tr>\n<tr style=\"height: 12px;\">\n<td style=\"width: 40px; height: 12px; text-align: left;\" scope=\"col\"><strong>Else<\/strong><\/td>\n<td style=\"width: 40px; height: 12px; text-align: left;\" scope=\"col\">Laetitia Luft<\/td>\n<td style=\"width: 40px; height: 12px; text-align: left;\" scope=\"col\">Zo\u00e9 Heitland<\/td>\n<\/tr>\n<tr style=\"height: 12px;\">\n<td style=\"width: 40px; height: 12px; text-align: left;\" scope=\"col\"><strong>Erna<\/strong><\/td>\n<td style=\"width: 40px; height: 12px; text-align: left;\" scope=\"col\">Finja L\u00fcbbert<\/td>\n<td style=\"width: 40px; height: 12px; text-align: left;\" scope=\"col\">Jaqueline Robertus<\/td>\n<\/tr>\n<tr style=\"height: 12px;\">\n<td style=\"width: 40px; height: 12px; text-align: left;\" scope=\"col\"><strong>Frieda<\/strong><\/td>\n<td style=\"width: 40px; height: 12px; text-align: left;\" scope=\"col\">Ela Giousouf<\/td>\n<td style=\"width: 40px; height: 12px; text-align: left;\" scope=\"col\">Paula Wulff<\/td>\n<\/tr>\n<tr style=\"height: 12px;\">\n<td style=\"width: 40px; height: 12px; text-align: left;\" scope=\"col\"><strong>Fritz<\/strong><\/td>\n<td style=\"width: 40px; height: 12px; text-align: left;\" scope=\"col\">Silas Rabe<\/td>\n<td style=\"width: 40px; height: 12px; text-align: left;\" scope=\"col\">Mike-Lukas Mitschke<\/td>\n<\/tr>\n<tr style=\"height: 12px;\">\n<td style=\"width: 40px; height: 12px; text-align: left;\" scope=\"col\"><strong>August \/ Auguste<\/strong><\/td>\n<td style=\"width: 40px; height: 12px; text-align: left;\" scope=\"col\">Niklas Wulff<\/td>\n<td style=\"width: 40px; height: 12px; text-align: left;\" scope=\"col\">Malin Hempel<\/td>\n<\/tr>\n<tr style=\"height: 12px;\">\n<td style=\"width: 40px; height: 12px; text-align: left;\" scope=\"col\"><strong>Wachtmeister Jeschke<\/strong><\/td>\n<td style=\"width: 40px; height: 12px; text-align: left;\" scope=\"col\">Manfred M\u00f6hlmann<\/td>\n<td style=\"width: 40px; height: 12px; text-align: left;\" scope=\"col\">Timo Hannemann<\/td>\n<\/tr>\n<tr style=\"height: 12px;\">\n<td style=\"width: 40px; height: 12px; text-align: left;\" scope=\"col\"><strong>Anna Tischbein<\/strong><\/td>\n<td style=\"width: 40px; height: 12px; text-align: left;\" scope=\"col\">Birgit Metje<\/td>\n<td style=\"width: 40px; height: 12px; text-align: left;\" scope=\"col\">Mareen Kracht<\/td>\n<\/tr>\n<tr style=\"height: 12px;\">\n<td style=\"width: 40px; height: 12px; text-align: left;\" scope=\"col\"><strong>Grundeis<\/strong><\/td>\n<td style=\"width: 40px; height: 12px; text-align: left;\" scope=\"col\">Axel Hucke-McClure<\/td>\n<td style=\"width: 40px; height: 12px; text-align: left;\" scope=\"col\">Jens Hildebrand<\/td>\n<\/tr>\n<tr style=\"height: 12px;\">\n<td style=\"width: 30px; height: 12px; text-align: left;\" scope=\"col\"><strong>Fr\u00e4ulein Jacob<\/strong><\/td>\n<td style=\"width: 30px; height: 12px; text-align: left;\" scope=\"col\">Pia Finke<\/td>\n<td style=\"width: 30px; height: 12px; text-align: left;\" scope=\"col\">Emily M\u00f6hr<\/td>\n<\/tr>\n<tr style=\"height: 12px;\">\n<td style=\"width: 30px; height: 12px; text-align: left;\" scope=\"col\"><strong>Zeitungsverk\u00e4ufer<\/strong><\/td>\n<td style=\"width: 30px; height: 12px; text-align: left;\" scope=\"col\">Laura Hillerkus<\/td>\n<td style=\"width: 30px; height: 12px; text-align: left;\" scope=\"col\">Anna Jutta Michelsohn<\/td>\n<\/tr>\n<tr style=\"height: 12px;\">\n<td style=\"width: 30px; height: 12px; text-align: left;\" scope=\"col\"><strong>Bahnbeamter<\/strong><\/td>\n<td style=\"width: 30px; height: 12px; text-align: left;\" scope=\"col\">Stephan Lorenzen<\/td>\n<td style=\"width: 30px; height: 12px; text-align: left;\" scope=\"col\">Friedhelm Knoop<\/td>\n<\/tr>\n<tr style=\"height: 12px;\">\n<td style=\"width: 30px; height: 12px; text-align: left;\" scope=\"col\"><strong>Pony H\u00fctchen<\/strong><\/td>\n<td style=\"width: 30px; height: 12px; text-align: left;\" scope=\"col\">Burcin Giousouf<\/td>\n<td style=\"width: 30px; height: 12px; text-align: left;\" scope=\"col\">Gwynne Tame<\/td>\n<\/tr>\n<tr style=\"height: 12px;\">\n<td style=\"width: 30px; height: 12px; text-align: left;\" scope=\"col\"><strong>Gro\u00dfmutter<\/strong><\/td>\n<td style=\"width: 30px; height: 12px; text-align: left;\" scope=\"col\">Monika M\u00f6hlmann<\/td>\n<td style=\"width: 30px; height: 12px; text-align: left;\" scope=\"col\">Michelle Tame<\/td>\n<\/tr>\n<tr style=\"height: 12px;\">\n<td style=\"width: 30px; height: 12px; text-align: left;\" scope=\"col\"><strong>Blumenfrau<\/strong><\/td>\n<td style=\"width: 30px; height: 12px; text-align: left;\" scope=\"col\">Katja Engelage<\/td>\n<td style=\"width: 30px; height: 12px; text-align: left;\" scope=\"col\">Stefanie Hempel<\/td>\n<\/tr>\n<tr style=\"height: 12px;\">\n<td style=\"width: 30px; height: 12px; text-align: left;\" scope=\"col\"><strong>&nbsp;Gustav mit der Hupe<\/strong><\/td>\n<td style=\"width: 30px; height: 12px; text-align: left;\" scope=\"col\">Tilman Knoop<\/td>\n<td style=\"width: 30px; height: 12px; text-align: left;\" scope=\"col\">Frederik Wulff<\/td>\n<\/tr>\n<tr style=\"height: 12px;\">\n<td style=\"width: 30px; height: 12px; text-align: left;\" scope=\"col\"><strong>Der Professor<\/strong><\/td>\n<td style=\"width: 30px; height: 12px; text-align: left;\" scope=\"col\">Sophie Grau<\/td>\n<td style=\"width: 30px; height: 12px; text-align: left;\" scope=\"col\">Jantje Siebarth<\/td>\n<\/tr>\n<tr style=\"height: 12px;\">\n<td style=\"width: 30px; height: 12px; text-align: left;\" scope=\"col\"><strong>Der kleine Dienstag<\/strong><\/td>\n<td style=\"width: 30px; height: 12px; text-align: left;\" scope=\"col\">Emma Knigge<\/td>\n<td style=\"width: 30px; height: 12px; text-align: left;\" scope=\"col\">Joyce Tame<\/td>\n<\/tr>\n<tr style=\"height: 12px;\">\n<td style=\"width: 30px; height: 12px; text-align: left;\" scope=\"col\"><strong>Krummbiegel<\/strong><\/td>\n<td style=\"width: 30px; height: 12px; text-align: left;\" scope=\"col\">Klaas Engelage<\/td>\n<td style=\"width: 30px; height: 12px; text-align: left;\" scope=\"col\">Jasper Bach<\/td>\n<\/tr>\n<tr style=\"height: 12px;\">\n<td style=\"width: 30px; height: 12px; text-align: left;\" scope=\"col\"><strong>Winnetou<\/strong><\/td>\n<td style=\"width: 30px; height: 12px; text-align: left;\" scope=\"col\">Ben Knicker<\/td>\n<td style=\"width: 30px; height: 12px; text-align: left;\" scope=\"col\">Benjamin Mitschke<\/td>\n<\/tr>\n<tr style=\"height: 12px;\">\n<td style=\"width: 30px; height: 12px; text-align: left;\" scope=\"col\"><strong>Lotte<\/strong><\/td>\n<td style=\"width: 30px; height: 12px; text-align: left;\" scope=\"col\">Aenne-Lin Seger<\/td>\n<td style=\"width: 30px; height: 12px; text-align: left;\" scope=\"col\">Lina Hannemann<\/td>\n<\/tr>\n<tr style=\"height: 12px;\">\n<td style=\"width: 30px; height: 12px; text-align: left;\" scope=\"col\"><strong>Inge<\/strong><\/td>\n<td style=\"width: 30px; height: 12px; text-align: left;\" scope=\"col\">Carlotta Stork<\/td>\n<td style=\"width: 30px; height: 12px; text-align: left;\" scope=\"col\">Angelique Robertus<\/td>\n<\/tr>\n<tr style=\"height: 12px;\">\n<td style=\"width: 30px; height: 12px; text-align: left;\" scope=\"col\"><strong>Ilse<\/strong><\/td>\n<td style=\"width: 30px; height: 12px; text-align: left;\" scope=\"col\">Leonie Grote<\/td>\n<td style=\"width: 30px; height: 12px; text-align: left;\" scope=\"col\">Emma Naue<\/td>\n<\/tr>\n<tr style=\"height: 12px;\">\n<td style=\"width: 30px; height: 12px; text-align: left;\" scope=\"col\"><strong>Hanna<\/strong><\/td>\n<td style=\"width: 30px; height: 12px; text-align: left;\" scope=\"col\">Lotta Grote<\/td>\n<td style=\"width: 30px; height: 12px; text-align: left;\" scope=\"col\">Greta Naue<\/td>\n<\/tr>\n<tr style=\"height: 12px;\">\n<td style=\"width: 30px; height: 12px; text-align: left;\" scope=\"col\"><strong>Frau mit Kinderwagen<\/strong><\/td>\n<td style=\"width: 30px; height: 12px; text-align: left;\" scope=\"col\">Charlotte Ratzmann<\/td>\n<td style=\"width: 30px; height: 12px; text-align: left;\" scope=\"col\">Stefanie Bach<\/td>\n<\/tr>\n<tr style=\"height: 12px;\">\n<td style=\"width: 30px; height: 12px; text-align: left;\" scope=\"col\"><strong>Kellnerin<\/strong><\/td>\n<td style=\"width: 30px; height: 12px; text-align: left;\" scope=\"col\">Lena Rabe<\/td>\n<td style=\"width: 30px; height: 12px; text-align: left;\" scope=\"col\">Lisa Hillerkus<\/td>\n<\/tr>\n<tr style=\"height: 12px;\">\n<td style=\"width: 30px; height: 12px; text-align: left;\" scope=\"col\"><strong>Hedwig Krawuttke<\/strong><\/td>\n<td style=\"width: 30px; height: 12px; text-align: left;\" scope=\"col\">Katja Westerfeld<\/td>\n<td style=\"width: 30px; height: 12px; text-align: left;\" scope=\"col\">Ivonne Knigge<\/td>\n<\/tr>\n<tr style=\"height: 12px;\">\n<td style=\"width: 30px; height: 12px; text-align: left;\" scope=\"col\"><strong>Wilhelmine Piper<\/strong><\/td>\n<td style=\"width: 30px; height: 12px; text-align: left;\" scope=\"col\">Maren Wulff<\/td>\n<td style=\"width: 30px; height: 12px; text-align: left;\" scope=\"col\">Charlotte Seger<\/td>\n<\/tr>\n<tr style=\"height: 12px;\">\n<td style=\"width: 30px; height: 12px; text-align: left;\" scope=\"col\"><strong>Hotelboy<\/strong><\/td>\n<td style=\"width: 30px; height: 12px; text-align: left;\" scope=\"col\">Paula Grau<\/td>\n<td style=\"width: 30px; height: 12px; text-align: left;\" scope=\"col\">Angelika Airich<\/td>\n<\/tr>\n<tr style=\"height: 12px;\">\n<td style=\"width: 30px; height: 12px; text-align: left;\" scope=\"col\"><strong>Bankkassiererin<\/strong><\/td>\n<td style=\"width: 30px; height: 12px; text-align: left;\" scope=\"col\">Luise Grau<\/td>\n<td style=\"width: 30px; height: 12px; text-align: left;\" scope=\"col\">Louisa Hempel<\/td>\n<\/tr>\n<tr style=\"height: 12px;\">\n<td style=\"width: 30px; height: 12px; text-align: left;\" scope=\"col\"><strong>Bankvorsteher<\/strong><\/td>\n<td style=\"width: 30px; height: 12px; text-align: left;\" scope=\"col\">Wolfgang Hovemeyer<\/td>\n<td style=\"width: 30px; height: 12px; text-align: left;\" scope=\"col\">Frederik Seger<\/td>\n<\/tr>\n<tr style=\"height: 12px;\">\n<td style=\"width: 30px; height: 12px; text-align: left;\" scope=\"col\"><strong>Wachtmeister Lurje<\/strong><\/td>\n<td style=\"width: 30px; height: 12px; text-align: left;\" scope=\"col\">Anna-Lena Peper<\/td>\n<td style=\"width: 30px; height: 12px; text-align: left;\" scope=\"col\">Emily Fr\u00fcnd<\/td>\n<\/tr>\n<tr style=\"height: 12px;\">\n<td style=\"width: 30px; height: 12px; text-align: left;\" scope=\"col\"><strong>Kriminalkommissar<\/strong><\/td>\n<td style=\"width: 30px; height: 12px; text-align: left;\" scope=\"col\">Stephan Lorenzen<\/td>\n<td style=\"width: 30px; height: 12px; text-align: left;\" scope=\"col\">Friedhelm Knoop<\/td>\n<\/tr>\n<tr style=\"height: 12px;\">\n<td style=\"width: 30px; height: 12px; text-align: left;\" scope=\"col\"><strong>Reporter<\/strong><\/td>\n<td style=\"width: 30px; height: 12px; text-align: left;\" scope=\"col\">Sylvia Siebarth<\/td>\n<td style=\"width: 30px; height: 12px; text-align: left;\" scope=\"col\">Sophie Hillerkus<\/td>\n<\/tr>\n<tr style=\"height: 12px;\">\n<td style=\"width: 30px; height: 12px; text-align: left;\" scope=\"col\"><strong>Kinder, Frauen, Reisende, Passanten,<\/strong><\/p>\n<p><strong>Kellnerinnen, Bankkunden<\/strong><\/td>\n<td style=\"width: 30px; height: 12px; text-align: left;\" scope=\"col\">Sabine Knoop<\/p>\n<p>Celina Stork<\/p>\n<p>Theresa Lentz<\/p>\n<p>Cedric McClure<\/td>\n<td style=\"width: 30px; height: 12px; text-align: left;\" scope=\"col\">Silke Lentz<\/p>\n<p>Agnes Levien<\/p>\n<p>Charlotte Glahs<\/p>\n<p>Liam McClure<\/td>\n<\/tr>\n<tr style=\"height: 12px;\">\n<td style=\"width: 30px; height: 12px; text-align: left;\" scope=\"col\"><strong>&nbsp;Pausenkinder<\/strong><\/td>\n<td style=\"width: 30px; height: 12px; text-align: left;\" scope=\"col\">Lotta Westerfeld<\/p>\n<p>Lukas Siebarth<\/p>\n<p>Bela Bach<\/p>\n<p>Max Ratzmann<\/td>\n<td style=\"width: 30px; height: 12px; text-align: left;\" scope=\"col\">Henri Kracht<\/p>\n<p>Luisa Kracht<\/p>\n<p>Len-Jarik Seger<\/p>\n<p>Lars Knigge<\/td>\n<\/tr>\n<tr style=\"height: 12px;\">\n<td style=\"width: 30px; height: 12px; text-align: left;\" scope=\"col\"><strong>Buch<\/strong><\/td>\n<td style=\"width: 30px; height: 12px; text-align: left;\" scope=\"col\">Erich K\u00e4stner<\/td>\n<td style=\"width: 30px; height: 12px; text-align: left;\" scope=\"col\">&nbsp;<\/td>\n<\/tr>\n<tr style=\"height: 12px;\">\n<td style=\"width: 30px; height: 12px; text-align: left;\" scope=\"col\"><strong>Regie<\/strong><\/td>\n<td style=\"width: 30px; height: 12px; text-align: left;\" scope=\"col\">Poyraz T\u00fcrkay<\/td>\n<td style=\"width: 30px; height: 12px; text-align: center;\" scope=\"col\">&nbsp;<\/td>\n<\/tr>\n<\/tbody>\n<\/table>\n<h2>Presseartikel<\/h2>\n<table style=\"height: 232px;\" width=\"600\">\n<tbody>\n<tr>\n<td style=\"width: 200px; text-align: left;\" scope=\"col\">\n<h3><strong>&nbsp;Zeitung<\/strong><\/h3>\n<\/td>\n<td style=\"width: 200px; text-align: left;\" scope=\"col\">\n<h3><strong>Schlagzeile<\/strong><\/h3>\n<\/td>\n<td style=\"width: 200px; text-align: left;\" scope=\"col\">\n<h3><strong>Ausgabe vom<\/strong><\/h3>\n<\/td>\n<\/tr>\n<tr>\n<td style=\"width: 200px; text-align: left;\" scope=\"col\">&nbsp;L\u00fcbbecker Kreiszeitung<\/td>\n<td style=\"width: 200px; text-align: left;\" scope=\"col\"><a href=\"httpss:\/\/www.freilichtbuehne-nettelstedt.dewp-content\/uploads\/2018\/05\/LK_20180516.jpg\">Emil, pa\u00df auf!<\/a><\/td>\n<td style=\"width: 200px; text-align: left;\" scope=\"col\">16.05.2018<\/td>\n<\/tr>\n<tr>\n<td style=\"width: 200px; text-align: left;\" scope=\"col\">Neue Westf\u00e4lische<\/td>\n<td style=\"width: 200px; text-align: left;\" scope=\"col\"><a href=\"httpss:\/\/www.freilichtbuehne-nettelstedt.dewp-content\/uploads\/2018\/05\/NW_20180516.pdf\">Dem Dieb auf der Spur<\/a><\/td>\n<td style=\"width: 200px; text-align: left;\" scope=\"col\">16.05.2018<\/td>\n<\/tr>\n<tr>\n<td style=\"width: 200px; text-align: left;\" scope=\"col\">L\u00fcbbecker Kreiszeitung<\/td>\n<td style=\"width: 200px; text-align: left;\" scope=\"col\"><a href=\"httpss:\/\/www.freilichtbuehne-nettelstedt.dewp-content\/uploads\/2018\/05\/LK_20180522.jpg\">Starke Bande legt Dieb das Handwerk<\/a><\/td>\n<td style=\"width: 200px; text-align: left;\" scope=\"col\">22.05.2018<\/td>\n<\/tr>\n<tr>\n<td style=\"width: 200px; text-align: left;\" scope=\"col\">Neue Westf\u00e4lische<\/td>\n<td style=\"width: 200px; text-align: left;\" scope=\"col\"><a href=\"httpss:\/\/www.freilichtbuehne-nettelstedt.dewp-content\/uploads\/2018\/05\/NW_20180522.pdf\">Zwei Emils und ein echter Schurke<\/a><\/td>\n<td style=\"width: 200px; text-align: left;\" scope=\"col\">22.05.2018<\/td>\n<\/tr>\n<\/tbody>\n<\/table>\n","protected":false},"excerpt":{"rendered":"<p>&nbsp; Nach dem Buch von&nbsp;Erich K\u00e4stner Regie: Poyraz T\u00fcrkay&nbsp;Ab 20. Mai 2018 jeden Sonntag um 16:00 Die letzte Vorstellung des Nachmittagsst\u00fcckes findet in diesem Jahr bereits am 12.08. statt. Eigentlich ist Emil ja ein ganz passabler Junge. Er hilft seiner Mutter im Waschsalon, ist immer nett und hat Freunde. Aber er hat ein schlechtes Gewissen. [&hellip;]<\/p>\n","protected":false},"author":62,"featured_media":7049,"comment_status":"closed","ping_status":"closed","sticky":false,"template":"","format":"standard","meta":{"_monsterinsights_skip_tracking":false,"_monsterinsights_sitenote_active":false,"_monsterinsights_sitenote_note":"","_monsterinsights_sitenote_category":0,"ngg_post_thumbnail":0,"footnotes":""},"categories":[31],"tags":[],"class_list":{"0":"post-6839","1":"post","2":"type-post","3":"status-publish","4":"format-standard","5":"has-post-thumbnail","7":"category-aktuelles","8":"czr-hentry"},"yoast_head":"<!-- This site is optimized with the Yoast SEO plugin v27.3 - https:\/\/yoast.com\/product\/yoast-seo-wordpress\/ -->\n<title>2018 - Emil und die Detektive - Freilichtb\u00fchne Nettelstedt<\/title>\n<meta name=\"robots\" content=\"index, follow, max-snippet:-1, max-image-preview:large, max-video-preview:-1\" \/>\n<link rel=\"canonical\" href=\"https:\/\/www.freilichtbuehne-nettelstedt.de\/index.php\/emil-und-die-detektive-2018\/\" \/>\n<meta property=\"og:locale\" content=\"de_DE\" \/>\n<meta property=\"og:type\" content=\"article\" \/>\n<meta property=\"og:title\" content=\"2018 - Emil und die Detektive - Freilichtb\u00fchne Nettelstedt\" \/>\n<meta property=\"og:description\" content=\"&nbsp; Nach dem Buch von&nbsp;Erich K\u00e4stner Regie: Poyraz T\u00fcrkay&nbsp;Ab 20. Mai 2018 jeden Sonntag um 16:00 Die letzte Vorstellung des Nachmittagsst\u00fcckes findet in diesem Jahr bereits am 12.08. statt. Eigentlich ist Emil ja ein ganz passabler Junge. Er hilft seiner Mutter im Waschsalon, ist immer nett und hat Freunde. Aber er hat ein schlechtes Gewissen. [&hellip;]\" \/>\n<meta property=\"og:url\" content=\"https:\/\/www.freilichtbuehne-nettelstedt.de\/index.php\/emil-und-die-detektive-2018\/\" \/>\n<meta property=\"og:site_name\" content=\"Freilichtb\u00fchne Nettelstedt\" \/>\n<meta property=\"article:publisher\" content=\"https:\/\/www.facebook.com\/freilichtbuehne.nettelstedt\/\" \/>\n<meta property=\"article:published_time\" content=\"2017-11-15T20:18:30+00:00\" \/>\n<meta property=\"article:modified_time\" content=\"2020-06-01T11:15:20+00:00\" \/>\n<meta property=\"og:image\" content=\"https:\/\/www.freilichtbuehne-nettelstedt.de\/wp-content\/uploads\/2018\/03\/FBN_webAnsicht-Emil.jpg\" \/>\n\t<meta property=\"og:image:width\" content=\"567\" \/>\n\t<meta property=\"og:image:height\" content=\"567\" \/>\n\t<meta property=\"og:image:type\" content=\"image\/jpeg\" \/>\n<meta name=\"author\" content=\"Volker Kracht\" \/>\n<meta name=\"twitter:card\" content=\"summary_large_image\" \/>\n<meta name=\"twitter:label1\" content=\"Verfasst von\" \/>\n\t<meta name=\"twitter:data1\" content=\"Volker Kracht\" \/>\n\t<meta name=\"twitter:label2\" content=\"Gesch\u00e4tzte Lesezeit\" \/>\n\t<meta name=\"twitter:data2\" content=\"3\u00a0Minuten\" \/>\n<script type=\"application\/ld+json\" class=\"yoast-schema-graph\">{\"@context\":\"https:\\\/\\\/schema.org\",\"@graph\":[{\"@type\":\"Article\",\"@id\":\"https:\\\/\\\/www.freilichtbuehne-nettelstedt.de\\\/index.php\\\/emil-und-die-detektive-2018\\\/#article\",\"isPartOf\":{\"@id\":\"https:\\\/\\\/www.freilichtbuehne-nettelstedt.de\\\/index.php\\\/emil-und-die-detektive-2018\\\/\"},\"author\":{\"name\":\"Volker Kracht\",\"@id\":\"https:\\\/\\\/www.freilichtbuehne-nettelstedt.de\\\/#\\\/schema\\\/person\\\/0bfc83692695844af334bf1f9bc16a25\"},\"headline\":\"2018 &#8211; Emil und die Detektive\",\"datePublished\":\"2017-11-15T20:18:30+00:00\",\"dateModified\":\"2020-06-01T11:15:20+00:00\",\"mainEntityOfPage\":{\"@id\":\"https:\\\/\\\/www.freilichtbuehne-nettelstedt.de\\\/index.php\\\/emil-und-die-detektive-2018\\\/\"},\"wordCount\":591,\"publisher\":{\"@id\":\"https:\\\/\\\/www.freilichtbuehne-nettelstedt.de\\\/#organization\"},\"image\":{\"@id\":\"https:\\\/\\\/www.freilichtbuehne-nettelstedt.de\\\/index.php\\\/emil-und-die-detektive-2018\\\/#primaryimage\"},\"thumbnailUrl\":\"https:\\\/\\\/www.freilichtbuehne-nettelstedt.de\\\/wp-content\\\/uploads\\\/2018\\\/03\\\/FBN_webAnsicht-Emil.jpg\",\"articleSection\":[\"Aktuelles\"],\"inLanguage\":\"de\"},{\"@type\":\"WebPage\",\"@id\":\"https:\\\/\\\/www.freilichtbuehne-nettelstedt.de\\\/index.php\\\/emil-und-die-detektive-2018\\\/\",\"url\":\"https:\\\/\\\/www.freilichtbuehne-nettelstedt.de\\\/index.php\\\/emil-und-die-detektive-2018\\\/\",\"name\":\"2018 - Emil und die Detektive - Freilichtb\u00fchne Nettelstedt\",\"isPartOf\":{\"@id\":\"https:\\\/\\\/www.freilichtbuehne-nettelstedt.de\\\/#website\"},\"primaryImageOfPage\":{\"@id\":\"https:\\\/\\\/www.freilichtbuehne-nettelstedt.de\\\/index.php\\\/emil-und-die-detektive-2018\\\/#primaryimage\"},\"image\":{\"@id\":\"https:\\\/\\\/www.freilichtbuehne-nettelstedt.de\\\/index.php\\\/emil-und-die-detektive-2018\\\/#primaryimage\"},\"thumbnailUrl\":\"https:\\\/\\\/www.freilichtbuehne-nettelstedt.de\\\/wp-content\\\/uploads\\\/2018\\\/03\\\/FBN_webAnsicht-Emil.jpg\",\"datePublished\":\"2017-11-15T20:18:30+00:00\",\"dateModified\":\"2020-06-01T11:15:20+00:00\",\"breadcrumb\":{\"@id\":\"https:\\\/\\\/www.freilichtbuehne-nettelstedt.de\\\/index.php\\\/emil-und-die-detektive-2018\\\/#breadcrumb\"},\"inLanguage\":\"de\",\"potentialAction\":[{\"@type\":\"ReadAction\",\"target\":[\"https:\\\/\\\/www.freilichtbuehne-nettelstedt.de\\\/index.php\\\/emil-und-die-detektive-2018\\\/\"]}]},{\"@type\":\"ImageObject\",\"inLanguage\":\"de\",\"@id\":\"https:\\\/\\\/www.freilichtbuehne-nettelstedt.de\\\/index.php\\\/emil-und-die-detektive-2018\\\/#primaryimage\",\"url\":\"https:\\\/\\\/www.freilichtbuehne-nettelstedt.de\\\/wp-content\\\/uploads\\\/2018\\\/03\\\/FBN_webAnsicht-Emil.jpg\",\"contentUrl\":\"https:\\\/\\\/www.freilichtbuehne-nettelstedt.de\\\/wp-content\\\/uploads\\\/2018\\\/03\\\/FBN_webAnsicht-Emil.jpg\",\"width\":567,\"height\":567},{\"@type\":\"BreadcrumbList\",\"@id\":\"https:\\\/\\\/www.freilichtbuehne-nettelstedt.de\\\/index.php\\\/emil-und-die-detektive-2018\\\/#breadcrumb\",\"itemListElement\":[{\"@type\":\"ListItem\",\"position\":1,\"name\":\"Startseite\",\"item\":\"https:\\\/\\\/www.freilichtbuehne-nettelstedt.de\\\/\"},{\"@type\":\"ListItem\",\"position\":2,\"name\":\"2018 &#8211; Emil und die Detektive\"}]},{\"@type\":\"WebSite\",\"@id\":\"https:\\\/\\\/www.freilichtbuehne-nettelstedt.de\\\/#website\",\"url\":\"https:\\\/\\\/www.freilichtbuehne-nettelstedt.de\\\/\",\"name\":\"Freilichtb\u00fchne Nettelstedt\",\"description\":\"Theater, das einfach Spa\u00df macht\",\"publisher\":{\"@id\":\"https:\\\/\\\/www.freilichtbuehne-nettelstedt.de\\\/#organization\"},\"potentialAction\":[{\"@type\":\"SearchAction\",\"target\":{\"@type\":\"EntryPoint\",\"urlTemplate\":\"https:\\\/\\\/www.freilichtbuehne-nettelstedt.de\\\/?s={search_term_string}\"},\"query-input\":{\"@type\":\"PropertyValueSpecification\",\"valueRequired\":true,\"valueName\":\"search_term_string\"}}],\"inLanguage\":\"de\"},{\"@type\":\"Organization\",\"@id\":\"https:\\\/\\\/www.freilichtbuehne-nettelstedt.de\\\/#organization\",\"name\":\"Freilichtb\u00fchne Nettelstedt e.V\",\"url\":\"https:\\\/\\\/www.freilichtbuehne-nettelstedt.de\\\/\",\"logo\":{\"@type\":\"ImageObject\",\"inLanguage\":\"de\",\"@id\":\"https:\\\/\\\/www.freilichtbuehne-nettelstedt.de\\\/#\\\/schema\\\/logo\\\/image\\\/\",\"url\":\"https:\\\/\\\/www.freilichtbuehne-nettelstedt.de\\\/wp-content\\\/uploads\\\/2016\\\/02\\\/Logo_Final_2016_Transp_klein.png\",\"contentUrl\":\"https:\\\/\\\/www.freilichtbuehne-nettelstedt.de\\\/wp-content\\\/uploads\\\/2016\\\/02\\\/Logo_Final_2016_Transp_klein.png\",\"width\":250,\"height\":100,\"caption\":\"Freilichtb\u00fchne Nettelstedt e.V\"},\"image\":{\"@id\":\"https:\\\/\\\/www.freilichtbuehne-nettelstedt.de\\\/#\\\/schema\\\/logo\\\/image\\\/\"},\"sameAs\":[\"https:\\\/\\\/www.facebook.com\\\/freilichtbuehne.nettelstedt\\\/\",\"https:\\\/\\\/www.instagram.com\\\/freilichtbuehnenettelstedt\\\/\"]},{\"@type\":\"Person\",\"@id\":\"https:\\\/\\\/www.freilichtbuehne-nettelstedt.de\\\/#\\\/schema\\\/person\\\/0bfc83692695844af334bf1f9bc16a25\",\"name\":\"Volker Kracht\",\"url\":\"https:\\\/\\\/www.freilichtbuehne-nettelstedt.de\\\/index.php\\\/author\\\/krachtl\\\/\"}]}<\/script>\n<!-- \/ Yoast SEO plugin. -->","yoast_head_json":{"title":"2018 - Emil und die Detektive - Freilichtb\u00fchne Nettelstedt","robots":{"index":"index","follow":"follow","max-snippet":"max-snippet:-1","max-image-preview":"max-image-preview:large","max-video-preview":"max-video-preview:-1"},"canonical":"https:\/\/www.freilichtbuehne-nettelstedt.de\/index.php\/emil-und-die-detektive-2018\/","og_locale":"de_DE","og_type":"article","og_title":"2018 - Emil und die Detektive - Freilichtb\u00fchne Nettelstedt","og_description":"&nbsp; Nach dem Buch von&nbsp;Erich K\u00e4stner Regie: Poyraz T\u00fcrkay&nbsp;Ab 20. Mai 2018 jeden Sonntag um 16:00 Die letzte Vorstellung des Nachmittagsst\u00fcckes findet in diesem Jahr bereits am 12.08. statt. Eigentlich ist Emil ja ein ganz passabler Junge. Er hilft seiner Mutter im Waschsalon, ist immer nett und hat Freunde. Aber er hat ein schlechtes Gewissen. [&hellip;]","og_url":"https:\/\/www.freilichtbuehne-nettelstedt.de\/index.php\/emil-und-die-detektive-2018\/","og_site_name":"Freilichtb\u00fchne Nettelstedt","article_publisher":"https:\/\/www.facebook.com\/freilichtbuehne.nettelstedt\/","article_published_time":"2017-11-15T20:18:30+00:00","article_modified_time":"2020-06-01T11:15:20+00:00","og_image":[{"width":567,"height":567,"url":"https:\/\/www.freilichtbuehne-nettelstedt.de\/wp-content\/uploads\/2018\/03\/FBN_webAnsicht-Emil.jpg","type":"image\/jpeg"}],"author":"Volker Kracht","twitter_card":"summary_large_image","twitter_misc":{"Verfasst von":"Volker Kracht","Gesch\u00e4tzte Lesezeit":"3\u00a0Minuten"},"schema":{"@context":"https:\/\/schema.org","@graph":[{"@type":"Article","@id":"https:\/\/www.freilichtbuehne-nettelstedt.de\/index.php\/emil-und-die-detektive-2018\/#article","isPartOf":{"@id":"https:\/\/www.freilichtbuehne-nettelstedt.de\/index.php\/emil-und-die-detektive-2018\/"},"author":{"name":"Volker Kracht","@id":"https:\/\/www.freilichtbuehne-nettelstedt.de\/#\/schema\/person\/0bfc83692695844af334bf1f9bc16a25"},"headline":"2018 &#8211; Emil und die Detektive","datePublished":"2017-11-15T20:18:30+00:00","dateModified":"2020-06-01T11:15:20+00:00","mainEntityOfPage":{"@id":"https:\/\/www.freilichtbuehne-nettelstedt.de\/index.php\/emil-und-die-detektive-2018\/"},"wordCount":591,"publisher":{"@id":"https:\/\/www.freilichtbuehne-nettelstedt.de\/#organization"},"image":{"@id":"https:\/\/www.freilichtbuehne-nettelstedt.de\/index.php\/emil-und-die-detektive-2018\/#primaryimage"},"thumbnailUrl":"https:\/\/www.freilichtbuehne-nettelstedt.de\/wp-content\/uploads\/2018\/03\/FBN_webAnsicht-Emil.jpg","articleSection":["Aktuelles"],"inLanguage":"de"},{"@type":"WebPage","@id":"https:\/\/www.freilichtbuehne-nettelstedt.de\/index.php\/emil-und-die-detektive-2018\/","url":"https:\/\/www.freilichtbuehne-nettelstedt.de\/index.php\/emil-und-die-detektive-2018\/","name":"2018 - Emil und die Detektive - Freilichtb\u00fchne Nettelstedt","isPartOf":{"@id":"https:\/\/www.freilichtbuehne-nettelstedt.de\/#website"},"primaryImageOfPage":{"@id":"https:\/\/www.freilichtbuehne-nettelstedt.de\/index.php\/emil-und-die-detektive-2018\/#primaryimage"},"image":{"@id":"https:\/\/www.freilichtbuehne-nettelstedt.de\/index.php\/emil-und-die-detektive-2018\/#primaryimage"},"thumbnailUrl":"https:\/\/www.freilichtbuehne-nettelstedt.de\/wp-content\/uploads\/2018\/03\/FBN_webAnsicht-Emil.jpg","datePublished":"2017-11-15T20:18:30+00:00","dateModified":"2020-06-01T11:15:20+00:00","breadcrumb":{"@id":"https:\/\/www.freilichtbuehne-nettelstedt.de\/index.php\/emil-und-die-detektive-2018\/#breadcrumb"},"inLanguage":"de","potentialAction":[{"@type":"ReadAction","target":["https:\/\/www.freilichtbuehne-nettelstedt.de\/index.php\/emil-und-die-detektive-2018\/"]}]},{"@type":"ImageObject","inLanguage":"de","@id":"https:\/\/www.freilichtbuehne-nettelstedt.de\/index.php\/emil-und-die-detektive-2018\/#primaryimage","url":"https:\/\/www.freilichtbuehne-nettelstedt.de\/wp-content\/uploads\/2018\/03\/FBN_webAnsicht-Emil.jpg","contentUrl":"https:\/\/www.freilichtbuehne-nettelstedt.de\/wp-content\/uploads\/2018\/03\/FBN_webAnsicht-Emil.jpg","width":567,"height":567},{"@type":"BreadcrumbList","@id":"https:\/\/www.freilichtbuehne-nettelstedt.de\/index.php\/emil-und-die-detektive-2018\/#breadcrumb","itemListElement":[{"@type":"ListItem","position":1,"name":"Startseite","item":"https:\/\/www.freilichtbuehne-nettelstedt.de\/"},{"@type":"ListItem","position":2,"name":"2018 &#8211; Emil und die Detektive"}]},{"@type":"WebSite","@id":"https:\/\/www.freilichtbuehne-nettelstedt.de\/#website","url":"https:\/\/www.freilichtbuehne-nettelstedt.de\/","name":"Freilichtb\u00fchne Nettelstedt","description":"Theater, das einfach Spa\u00df macht","publisher":{"@id":"https:\/\/www.freilichtbuehne-nettelstedt.de\/#organization"},"potentialAction":[{"@type":"SearchAction","target":{"@type":"EntryPoint","urlTemplate":"https:\/\/www.freilichtbuehne-nettelstedt.de\/?s={search_term_string}"},"query-input":{"@type":"PropertyValueSpecification","valueRequired":true,"valueName":"search_term_string"}}],"inLanguage":"de"},{"@type":"Organization","@id":"https:\/\/www.freilichtbuehne-nettelstedt.de\/#organization","name":"Freilichtb\u00fchne Nettelstedt e.V","url":"https:\/\/www.freilichtbuehne-nettelstedt.de\/","logo":{"@type":"ImageObject","inLanguage":"de","@id":"https:\/\/www.freilichtbuehne-nettelstedt.de\/#\/schema\/logo\/image\/","url":"https:\/\/www.freilichtbuehne-nettelstedt.de\/wp-content\/uploads\/2016\/02\/Logo_Final_2016_Transp_klein.png","contentUrl":"https:\/\/www.freilichtbuehne-nettelstedt.de\/wp-content\/uploads\/2016\/02\/Logo_Final_2016_Transp_klein.png","width":250,"height":100,"caption":"Freilichtb\u00fchne Nettelstedt e.V"},"image":{"@id":"https:\/\/www.freilichtbuehne-nettelstedt.de\/#\/schema\/logo\/image\/"},"sameAs":["https:\/\/www.facebook.com\/freilichtbuehne.nettelstedt\/","https:\/\/www.instagram.com\/freilichtbuehnenettelstedt\/"]},{"@type":"Person","@id":"https:\/\/www.freilichtbuehne-nettelstedt.de\/#\/schema\/person\/0bfc83692695844af334bf1f9bc16a25","name":"Volker Kracht","url":"https:\/\/www.freilichtbuehne-nettelstedt.de\/index.php\/author\/krachtl\/"}]}},"_links":{"self":[{"href":"https:\/\/www.freilichtbuehne-nettelstedt.de\/index.php\/wp-json\/wp\/v2\/posts\/6839","targetHints":{"allow":["GET"]}}],"collection":[{"href":"https:\/\/www.freilichtbuehne-nettelstedt.de\/index.php\/wp-json\/wp\/v2\/posts"}],"about":[{"href":"https:\/\/www.freilichtbuehne-nettelstedt.de\/index.php\/wp-json\/wp\/v2\/types\/post"}],"author":[{"embeddable":true,"href":"https:\/\/www.freilichtbuehne-nettelstedt.de\/index.php\/wp-json\/wp\/v2\/users\/62"}],"replies":[{"embeddable":true,"href":"https:\/\/www.freilichtbuehne-nettelstedt.de\/index.php\/wp-json\/wp\/v2\/comments?post=6839"}],"version-history":[{"count":40,"href":"https:\/\/www.freilichtbuehne-nettelstedt.de\/index.php\/wp-json\/wp\/v2\/posts\/6839\/revisions"}],"predecessor-version":[{"id":9931,"href":"https:\/\/www.freilichtbuehne-nettelstedt.de\/index.php\/wp-json\/wp\/v2\/posts\/6839\/revisions\/9931"}],"wp:featuredmedia":[{"embeddable":true,"href":"https:\/\/www.freilichtbuehne-nettelstedt.de\/index.php\/wp-json\/wp\/v2\/media\/7049"}],"wp:attachment":[{"href":"https:\/\/www.freilichtbuehne-nettelstedt.de\/index.php\/wp-json\/wp\/v2\/media?parent=6839"}],"wp:term":[{"taxonomy":"category","embeddable":true,"href":"https:\/\/www.freilichtbuehne-nettelstedt.de\/index.php\/wp-json\/wp\/v2\/categories?post=6839"},{"taxonomy":"post_tag","embeddable":true,"href":"https:\/\/www.freilichtbuehne-nettelstedt.de\/index.php\/wp-json\/wp\/v2\/tags?post=6839"}],"curies":[{"name":"wp","href":"https:\/\/api.w.org\/{rel}","templated":true}]}}