{"id":5593,"date":"2015-12-07T13:24:54","date_gmt":"2015-12-07T12:24:54","guid":{"rendered":"http:\/\/www.freilichtbuehne-nettelstedt.de?page_id=5593"},"modified":"2020-06-01T13:17:17","modified_gmt":"2020-06-01T11:17:17","slug":"und-das-am-hochzeitsmorgen","status":"publish","type":"post","link":"https:\/\/www.freilichtbuehne-nettelstedt.de\/index.php\/und-das-am-hochzeitsmorgen\/","title":{"rendered":"2016 &#8211; Und das am Hochzeitsmorgen"},"content":{"rendered":"<table style=\"height: 306px;\" width=\"500\">\n<tbody>\n<tr>\n<td style=\"width: 300px;\"><a href=\"https:\/\/www.freilichtbuehne-nettelstedt.de\/wp-content\/uploads\/2015\/12\/Plakat_Homepage.jpg\"><img fetchpriority=\"high\" decoding=\"async\" class=\"alignnone\" alt=\"\" src=\"https:\/\/www.freilichtbuehne-nettelstedt.de\/wp-content\/uploads\/2015\/12\/Plakat_Homepage.jpg\" width=\"233\" height=\"299\"><\/a><\/td>\n<td style=\"vertical-align: middle;\">Eine Kom\u00f6die von Ray Cooney und John Chapmann.<\/p>\n<p>Regie: Ramona Sch\u00fctte<\/td>\n<\/tr>\n<\/tbody>\n<\/table>\n<h2>Inhalt:<\/h2>\n<p>Am Hochzeitsmorgen seiner Tochter hat Timothy Westerby eine Halluzination: Sie hei\u00dft Polly und ist eine Frau zum Verlieben. Nur sieht sie au\u00dfer Timothy leider niemand. Pikante und groteske Situationen sind ebenso die Folgen wie eine heulende Braut und eine vor Wut explodierende Schwiegermutter.<\/p>\n<p>Der Vorverkauf erfolgt, wie gewohnt, \u00fcber Harald Budde Schreibwaren an der Schnathorster Str. 15 in Nettelstedt.<\/p>\n<p>&nbsp;<\/p>\n<h2>Auff\u00fchrungsort:<\/h2>\n<p>Spielerheim der Freilichtb\u00fchne Nettelstedt<\/p>\n<p>&nbsp;<\/p>\n<h2>Spielzeit:<\/h2>\n<p>Vom 08. Januar 2016 bis zum 24. Januar 2016<\/p>\n<p>Jeden Freitag und Samstag um 20 Uhr sowie Sonntags um 16 Uhr.<\/p>\n<p>&nbsp;<\/p>\n<h2>Besetzungsliste<\/h2>\n<table style=\"width: 700px;\" border=\"0\">\n<tbody>\n<tr>\n<td style=\"width: 150px;\"><strong>Figur<\/strong><\/td>\n<td style=\"width: 275px;\"><strong>Schauspieler<\/strong><\/td>\n<\/tr>\n<tr>\n<td style=\"width: 200px;\">Judy Westerby<\/td>\n<td style=\"width: 250px;\">Carolin Lange<\/td>\n<\/tr>\n<tr>\n<td>Jane Westerby<\/td>\n<td>Maren Wulff<\/td>\n<\/tr>\n<tr>\n<td>Timothy Westerby<\/td>\n<td>Matthias Kracht<\/td>\n<\/tr>\n<tr>\n<td>Bill Shorter<\/td>\n<td>Volker Kracht<\/td>\n<\/tr>\n<tr>\n<td>Dr. Gerald Drimmond<\/td>\n<td>Wolfgang Hovemeyer<\/td>\n<\/tr>\n<tr>\n<td>Daphne Drimmond<\/td>\n<td>Monika M\u00f6hlmann<\/td>\n<\/tr>\n<tr>\n<td style=\"width: 300px;\">Charlott Babcock<\/td>\n<td>Kerstin Kottkamp<\/td>\n<\/tr>\n<tr>\n<td>Polly<\/td>\n<td>Katja H\u00e4rtel<\/td>\n<\/tr>\n<tr>\n<td>&nbsp;<\/td>\n<td>&nbsp;<\/td>\n<\/tr>\n<tr>\n<td>&nbsp;<\/td>\n<td>&nbsp;<\/td>\n<\/tr>\n<tr>\n<td valign=\"top\">B\u00fchnenbau<\/td>\n<td>Philip \u00d6wermann und Team<\/td>\n<\/tr>\n<tr>\n<td>Kost\u00fcme \/ Maske<\/td>\n<td>Julia R\u00f6ding und Team<\/td>\n<\/tr>\n<tr>\n<td>Technik<\/td>\n<td>Frank M\u00f6hr und Team<\/td>\n<\/tr>\n<tr>\n<td>Regie<\/td>\n<td>Ramona Sch\u00fctte<\/td>\n<\/tr>\n<tr>\n<td>Service \/ Kiosk<\/td>\n<td>Jana Hagemeyer und Team<\/td>\n<\/tr>\n<\/tbody>\n<\/table>\n<p>[Not a valid template]<\/p>\n","protected":false},"excerpt":{"rendered":"<p>Eine Kom\u00f6die von Ray Cooney und John Chapmann. Regie: Ramona Sch\u00fctte Inhalt: Am Hochzeitsmorgen seiner Tochter hat Timothy Westerby eine Halluzination: Sie hei\u00dft Polly und ist eine Frau zum Verlieben. Nur sieht sie au\u00dfer Timothy leider niemand. Pikante und groteske Situationen sind ebenso die Folgen wie eine heulende Braut und eine vor Wut explodierende Schwiegermutter. [&hellip;]<\/p>\n","protected":false},"author":123,"featured_media":5615,"comment_status":"closed","ping_status":"closed","sticky":false,"template":"","format":"standard","meta":{"_monsterinsights_skip_tracking":false,"_monsterinsights_sitenote_active":false,"_monsterinsights_sitenote_note":"","_monsterinsights_sitenote_category":0,"ngg_post_thumbnail":0,"footnotes":""},"categories":[31],"tags":[],"class_list":{"0":"post-5593","1":"post","2":"type-post","3":"status-publish","4":"format-standard","5":"has-post-thumbnail","7":"category-aktuelles","8":"czr-hentry"},"yoast_head":"<!-- This site is optimized with the Yoast SEO plugin v27.3 - https:\/\/yoast.com\/product\/yoast-seo-wordpress\/ -->\n<title>2016 - Und das am Hochzeitsmorgen - Freilichtb\u00fchne Nettelstedt<\/title>\n<meta name=\"robots\" content=\"index, follow, max-snippet:-1, max-image-preview:large, max-video-preview:-1\" \/>\n<link rel=\"canonical\" href=\"https:\/\/www.freilichtbuehne-nettelstedt.de\/index.php\/und-das-am-hochzeitsmorgen\/\" \/>\n<meta property=\"og:locale\" content=\"de_DE\" \/>\n<meta property=\"og:type\" content=\"article\" \/>\n<meta property=\"og:title\" content=\"2016 - Und das am Hochzeitsmorgen - Freilichtb\u00fchne Nettelstedt\" \/>\n<meta property=\"og:description\" content=\"Eine Kom\u00f6die von Ray Cooney und John Chapmann. Regie: Ramona Sch\u00fctte Inhalt: Am Hochzeitsmorgen seiner Tochter hat Timothy Westerby eine Halluzination: Sie hei\u00dft Polly und ist eine Frau zum Verlieben. Nur sieht sie au\u00dfer Timothy leider niemand. Pikante und groteske Situationen sind ebenso die Folgen wie eine heulende Braut und eine vor Wut explodierende Schwiegermutter. [&hellip;]\" \/>\n<meta property=\"og:url\" content=\"https:\/\/www.freilichtbuehne-nettelstedt.de\/index.php\/und-das-am-hochzeitsmorgen\/\" \/>\n<meta property=\"og:site_name\" content=\"Freilichtb\u00fchne Nettelstedt\" \/>\n<meta property=\"article:publisher\" content=\"https:\/\/www.facebook.com\/freilichtbuehne.nettelstedt\/\" \/>\n<meta property=\"article:published_time\" content=\"2015-12-07T12:24:54+00:00\" \/>\n<meta property=\"article:modified_time\" content=\"2020-06-01T11:17:17+00:00\" \/>\n<meta property=\"og:image\" content=\"https:\/\/www.freilichtbuehne-nettelstedt.de\/wp-content\/uploads\/2015\/12\/Plakat_Homepage_klein1.png\" \/>\n\t<meta property=\"og:image:width\" content=\"272\" \/>\n\t<meta property=\"og:image:height\" content=\"250\" \/>\n\t<meta property=\"og:image:type\" content=\"image\/png\" \/>\n<meta name=\"author\" content=\"Andreas Zelle\" \/>\n<meta name=\"twitter:card\" content=\"summary_large_image\" \/>\n<meta name=\"twitter:label1\" content=\"Verfasst von\" \/>\n\t<meta name=\"twitter:data1\" content=\"Andreas Zelle\" \/>\n\t<meta name=\"twitter:label2\" content=\"Gesch\u00e4tzte Lesezeit\" \/>\n\t<meta name=\"twitter:data2\" content=\"1\u00a0Minute\" \/>\n<script type=\"application\/ld+json\" class=\"yoast-schema-graph\">{\"@context\":\"https:\\\/\\\/schema.org\",\"@graph\":[{\"@type\":\"Article\",\"@id\":\"https:\\\/\\\/www.freilichtbuehne-nettelstedt.de\\\/index.php\\\/und-das-am-hochzeitsmorgen\\\/#article\",\"isPartOf\":{\"@id\":\"https:\\\/\\\/www.freilichtbuehne-nettelstedt.de\\\/index.php\\\/und-das-am-hochzeitsmorgen\\\/\"},\"author\":{\"name\":\"Andreas Zelle\",\"@id\":\"https:\\\/\\\/www.freilichtbuehne-nettelstedt.de\\\/#\\\/schema\\\/person\\\/bebba273bf36c12aa890fec73758c303\"},\"headline\":\"2016 &#8211; Und das am Hochzeitsmorgen\",\"datePublished\":\"2015-12-07T12:24:54+00:00\",\"dateModified\":\"2020-06-01T11:17:17+00:00\",\"mainEntityOfPage\":{\"@id\":\"https:\\\/\\\/www.freilichtbuehne-nettelstedt.de\\\/index.php\\\/und-das-am-hochzeitsmorgen\\\/\"},\"wordCount\":176,\"publisher\":{\"@id\":\"https:\\\/\\\/www.freilichtbuehne-nettelstedt.de\\\/#organization\"},\"image\":{\"@id\":\"https:\\\/\\\/www.freilichtbuehne-nettelstedt.de\\\/index.php\\\/und-das-am-hochzeitsmorgen\\\/#primaryimage\"},\"thumbnailUrl\":\"https:\\\/\\\/www.freilichtbuehne-nettelstedt.de\\\/wp-content\\\/uploads\\\/2015\\\/12\\\/Plakat_Homepage_klein1.png\",\"articleSection\":[\"Aktuelles\"],\"inLanguage\":\"de\"},{\"@type\":\"WebPage\",\"@id\":\"https:\\\/\\\/www.freilichtbuehne-nettelstedt.de\\\/index.php\\\/und-das-am-hochzeitsmorgen\\\/\",\"url\":\"https:\\\/\\\/www.freilichtbuehne-nettelstedt.de\\\/index.php\\\/und-das-am-hochzeitsmorgen\\\/\",\"name\":\"2016 - Und das am Hochzeitsmorgen - Freilichtb\u00fchne Nettelstedt\",\"isPartOf\":{\"@id\":\"https:\\\/\\\/www.freilichtbuehne-nettelstedt.de\\\/#website\"},\"primaryImageOfPage\":{\"@id\":\"https:\\\/\\\/www.freilichtbuehne-nettelstedt.de\\\/index.php\\\/und-das-am-hochzeitsmorgen\\\/#primaryimage\"},\"image\":{\"@id\":\"https:\\\/\\\/www.freilichtbuehne-nettelstedt.de\\\/index.php\\\/und-das-am-hochzeitsmorgen\\\/#primaryimage\"},\"thumbnailUrl\":\"https:\\\/\\\/www.freilichtbuehne-nettelstedt.de\\\/wp-content\\\/uploads\\\/2015\\\/12\\\/Plakat_Homepage_klein1.png\",\"datePublished\":\"2015-12-07T12:24:54+00:00\",\"dateModified\":\"2020-06-01T11:17:17+00:00\",\"breadcrumb\":{\"@id\":\"https:\\\/\\\/www.freilichtbuehne-nettelstedt.de\\\/index.php\\\/und-das-am-hochzeitsmorgen\\\/#breadcrumb\"},\"inLanguage\":\"de\",\"potentialAction\":[{\"@type\":\"ReadAction\",\"target\":[\"https:\\\/\\\/www.freilichtbuehne-nettelstedt.de\\\/index.php\\\/und-das-am-hochzeitsmorgen\\\/\"]}]},{\"@type\":\"ImageObject\",\"inLanguage\":\"de\",\"@id\":\"https:\\\/\\\/www.freilichtbuehne-nettelstedt.de\\\/index.php\\\/und-das-am-hochzeitsmorgen\\\/#primaryimage\",\"url\":\"https:\\\/\\\/www.freilichtbuehne-nettelstedt.de\\\/wp-content\\\/uploads\\\/2015\\\/12\\\/Plakat_Homepage_klein1.png\",\"contentUrl\":\"https:\\\/\\\/www.freilichtbuehne-nettelstedt.de\\\/wp-content\\\/uploads\\\/2015\\\/12\\\/Plakat_Homepage_klein1.png\",\"width\":272,\"height\":250},{\"@type\":\"BreadcrumbList\",\"@id\":\"https:\\\/\\\/www.freilichtbuehne-nettelstedt.de\\\/index.php\\\/und-das-am-hochzeitsmorgen\\\/#breadcrumb\",\"itemListElement\":[{\"@type\":\"ListItem\",\"position\":1,\"name\":\"Startseite\",\"item\":\"https:\\\/\\\/www.freilichtbuehne-nettelstedt.de\\\/\"},{\"@type\":\"ListItem\",\"position\":2,\"name\":\"2016 &#8211; Und das am Hochzeitsmorgen\"}]},{\"@type\":\"WebSite\",\"@id\":\"https:\\\/\\\/www.freilichtbuehne-nettelstedt.de\\\/#website\",\"url\":\"https:\\\/\\\/www.freilichtbuehne-nettelstedt.de\\\/\",\"name\":\"Freilichtb\u00fchne Nettelstedt\",\"description\":\"Theater, das einfach Spa\u00df macht\",\"publisher\":{\"@id\":\"https:\\\/\\\/www.freilichtbuehne-nettelstedt.de\\\/#organization\"},\"potentialAction\":[{\"@type\":\"SearchAction\",\"target\":{\"@type\":\"EntryPoint\",\"urlTemplate\":\"https:\\\/\\\/www.freilichtbuehne-nettelstedt.de\\\/?s={search_term_string}\"},\"query-input\":{\"@type\":\"PropertyValueSpecification\",\"valueRequired\":true,\"valueName\":\"search_term_string\"}}],\"inLanguage\":\"de\"},{\"@type\":\"Organization\",\"@id\":\"https:\\\/\\\/www.freilichtbuehne-nettelstedt.de\\\/#organization\",\"name\":\"Freilichtb\u00fchne Nettelstedt e.V\",\"url\":\"https:\\\/\\\/www.freilichtbuehne-nettelstedt.de\\\/\",\"logo\":{\"@type\":\"ImageObject\",\"inLanguage\":\"de\",\"@id\":\"https:\\\/\\\/www.freilichtbuehne-nettelstedt.de\\\/#\\\/schema\\\/logo\\\/image\\\/\",\"url\":\"https:\\\/\\\/www.freilichtbuehne-nettelstedt.de\\\/wp-content\\\/uploads\\\/2016\\\/02\\\/Logo_Final_2016_Transp_klein.png\",\"contentUrl\":\"https:\\\/\\\/www.freilichtbuehne-nettelstedt.de\\\/wp-content\\\/uploads\\\/2016\\\/02\\\/Logo_Final_2016_Transp_klein.png\",\"width\":250,\"height\":100,\"caption\":\"Freilichtb\u00fchne Nettelstedt e.V\"},\"image\":{\"@id\":\"https:\\\/\\\/www.freilichtbuehne-nettelstedt.de\\\/#\\\/schema\\\/logo\\\/image\\\/\"},\"sameAs\":[\"https:\\\/\\\/www.facebook.com\\\/freilichtbuehne.nettelstedt\\\/\",\"https:\\\/\\\/www.instagram.com\\\/freilichtbuehnenettelstedt\\\/\"]},{\"@type\":\"Person\",\"@id\":\"https:\\\/\\\/www.freilichtbuehne-nettelstedt.de\\\/#\\\/schema\\\/person\\\/bebba273bf36c12aa890fec73758c303\",\"name\":\"Andreas Zelle\",\"url\":\"https:\\\/\\\/www.freilichtbuehne-nettelstedt.de\\\/index.php\\\/author\\\/andreasz\\\/\"}]}<\/script>\n<!-- \/ Yoast SEO plugin. -->","yoast_head_json":{"title":"2016 - Und das am Hochzeitsmorgen - Freilichtb\u00fchne Nettelstedt","robots":{"index":"index","follow":"follow","max-snippet":"max-snippet:-1","max-image-preview":"max-image-preview:large","max-video-preview":"max-video-preview:-1"},"canonical":"https:\/\/www.freilichtbuehne-nettelstedt.de\/index.php\/und-das-am-hochzeitsmorgen\/","og_locale":"de_DE","og_type":"article","og_title":"2016 - Und das am Hochzeitsmorgen - Freilichtb\u00fchne Nettelstedt","og_description":"Eine Kom\u00f6die von Ray Cooney und John Chapmann. Regie: Ramona Sch\u00fctte Inhalt: Am Hochzeitsmorgen seiner Tochter hat Timothy Westerby eine Halluzination: Sie hei\u00dft Polly und ist eine Frau zum Verlieben. Nur sieht sie au\u00dfer Timothy leider niemand. Pikante und groteske Situationen sind ebenso die Folgen wie eine heulende Braut und eine vor Wut explodierende Schwiegermutter. [&hellip;]","og_url":"https:\/\/www.freilichtbuehne-nettelstedt.de\/index.php\/und-das-am-hochzeitsmorgen\/","og_site_name":"Freilichtb\u00fchne Nettelstedt","article_publisher":"https:\/\/www.facebook.com\/freilichtbuehne.nettelstedt\/","article_published_time":"2015-12-07T12:24:54+00:00","article_modified_time":"2020-06-01T11:17:17+00:00","og_image":[{"width":272,"height":250,"url":"https:\/\/www.freilichtbuehne-nettelstedt.de\/wp-content\/uploads\/2015\/12\/Plakat_Homepage_klein1.png","type":"image\/png"}],"author":"Andreas Zelle","twitter_card":"summary_large_image","twitter_misc":{"Verfasst von":"Andreas Zelle","Gesch\u00e4tzte Lesezeit":"1\u00a0Minute"},"schema":{"@context":"https:\/\/schema.org","@graph":[{"@type":"Article","@id":"https:\/\/www.freilichtbuehne-nettelstedt.de\/index.php\/und-das-am-hochzeitsmorgen\/#article","isPartOf":{"@id":"https:\/\/www.freilichtbuehne-nettelstedt.de\/index.php\/und-das-am-hochzeitsmorgen\/"},"author":{"name":"Andreas Zelle","@id":"https:\/\/www.freilichtbuehne-nettelstedt.de\/#\/schema\/person\/bebba273bf36c12aa890fec73758c303"},"headline":"2016 &#8211; Und das am Hochzeitsmorgen","datePublished":"2015-12-07T12:24:54+00:00","dateModified":"2020-06-01T11:17:17+00:00","mainEntityOfPage":{"@id":"https:\/\/www.freilichtbuehne-nettelstedt.de\/index.php\/und-das-am-hochzeitsmorgen\/"},"wordCount":176,"publisher":{"@id":"https:\/\/www.freilichtbuehne-nettelstedt.de\/#organization"},"image":{"@id":"https:\/\/www.freilichtbuehne-nettelstedt.de\/index.php\/und-das-am-hochzeitsmorgen\/#primaryimage"},"thumbnailUrl":"https:\/\/www.freilichtbuehne-nettelstedt.de\/wp-content\/uploads\/2015\/12\/Plakat_Homepage_klein1.png","articleSection":["Aktuelles"],"inLanguage":"de"},{"@type":"WebPage","@id":"https:\/\/www.freilichtbuehne-nettelstedt.de\/index.php\/und-das-am-hochzeitsmorgen\/","url":"https:\/\/www.freilichtbuehne-nettelstedt.de\/index.php\/und-das-am-hochzeitsmorgen\/","name":"2016 - Und das am Hochzeitsmorgen - Freilichtb\u00fchne Nettelstedt","isPartOf":{"@id":"https:\/\/www.freilichtbuehne-nettelstedt.de\/#website"},"primaryImageOfPage":{"@id":"https:\/\/www.freilichtbuehne-nettelstedt.de\/index.php\/und-das-am-hochzeitsmorgen\/#primaryimage"},"image":{"@id":"https:\/\/www.freilichtbuehne-nettelstedt.de\/index.php\/und-das-am-hochzeitsmorgen\/#primaryimage"},"thumbnailUrl":"https:\/\/www.freilichtbuehne-nettelstedt.de\/wp-content\/uploads\/2015\/12\/Plakat_Homepage_klein1.png","datePublished":"2015-12-07T12:24:54+00:00","dateModified":"2020-06-01T11:17:17+00:00","breadcrumb":{"@id":"https:\/\/www.freilichtbuehne-nettelstedt.de\/index.php\/und-das-am-hochzeitsmorgen\/#breadcrumb"},"inLanguage":"de","potentialAction":[{"@type":"ReadAction","target":["https:\/\/www.freilichtbuehne-nettelstedt.de\/index.php\/und-das-am-hochzeitsmorgen\/"]}]},{"@type":"ImageObject","inLanguage":"de","@id":"https:\/\/www.freilichtbuehne-nettelstedt.de\/index.php\/und-das-am-hochzeitsmorgen\/#primaryimage","url":"https:\/\/www.freilichtbuehne-nettelstedt.de\/wp-content\/uploads\/2015\/12\/Plakat_Homepage_klein1.png","contentUrl":"https:\/\/www.freilichtbuehne-nettelstedt.de\/wp-content\/uploads\/2015\/12\/Plakat_Homepage_klein1.png","width":272,"height":250},{"@type":"BreadcrumbList","@id":"https:\/\/www.freilichtbuehne-nettelstedt.de\/index.php\/und-das-am-hochzeitsmorgen\/#breadcrumb","itemListElement":[{"@type":"ListItem","position":1,"name":"Startseite","item":"https:\/\/www.freilichtbuehne-nettelstedt.de\/"},{"@type":"ListItem","position":2,"name":"2016 &#8211; Und das am Hochzeitsmorgen"}]},{"@type":"WebSite","@id":"https:\/\/www.freilichtbuehne-nettelstedt.de\/#website","url":"https:\/\/www.freilichtbuehne-nettelstedt.de\/","name":"Freilichtb\u00fchne Nettelstedt","description":"Theater, das einfach Spa\u00df macht","publisher":{"@id":"https:\/\/www.freilichtbuehne-nettelstedt.de\/#organization"},"potentialAction":[{"@type":"SearchAction","target":{"@type":"EntryPoint","urlTemplate":"https:\/\/www.freilichtbuehne-nettelstedt.de\/?s={search_term_string}"},"query-input":{"@type":"PropertyValueSpecification","valueRequired":true,"valueName":"search_term_string"}}],"inLanguage":"de"},{"@type":"Organization","@id":"https:\/\/www.freilichtbuehne-nettelstedt.de\/#organization","name":"Freilichtb\u00fchne Nettelstedt e.V","url":"https:\/\/www.freilichtbuehne-nettelstedt.de\/","logo":{"@type":"ImageObject","inLanguage":"de","@id":"https:\/\/www.freilichtbuehne-nettelstedt.de\/#\/schema\/logo\/image\/","url":"https:\/\/www.freilichtbuehne-nettelstedt.de\/wp-content\/uploads\/2016\/02\/Logo_Final_2016_Transp_klein.png","contentUrl":"https:\/\/www.freilichtbuehne-nettelstedt.de\/wp-content\/uploads\/2016\/02\/Logo_Final_2016_Transp_klein.png","width":250,"height":100,"caption":"Freilichtb\u00fchne Nettelstedt e.V"},"image":{"@id":"https:\/\/www.freilichtbuehne-nettelstedt.de\/#\/schema\/logo\/image\/"},"sameAs":["https:\/\/www.facebook.com\/freilichtbuehne.nettelstedt\/","https:\/\/www.instagram.com\/freilichtbuehnenettelstedt\/"]},{"@type":"Person","@id":"https:\/\/www.freilichtbuehne-nettelstedt.de\/#\/schema\/person\/bebba273bf36c12aa890fec73758c303","name":"Andreas Zelle","url":"https:\/\/www.freilichtbuehne-nettelstedt.de\/index.php\/author\/andreasz\/"}]}},"_links":{"self":[{"href":"https:\/\/www.freilichtbuehne-nettelstedt.de\/index.php\/wp-json\/wp\/v2\/posts\/5593","targetHints":{"allow":["GET"]}}],"collection":[{"href":"https:\/\/www.freilichtbuehne-nettelstedt.de\/index.php\/wp-json\/wp\/v2\/posts"}],"about":[{"href":"https:\/\/www.freilichtbuehne-nettelstedt.de\/index.php\/wp-json\/wp\/v2\/types\/post"}],"author":[{"embeddable":true,"href":"https:\/\/www.freilichtbuehne-nettelstedt.de\/index.php\/wp-json\/wp\/v2\/users\/123"}],"replies":[{"embeddable":true,"href":"https:\/\/www.freilichtbuehne-nettelstedt.de\/index.php\/wp-json\/wp\/v2\/comments?post=5593"}],"version-history":[{"count":10,"href":"https:\/\/www.freilichtbuehne-nettelstedt.de\/index.php\/wp-json\/wp\/v2\/posts\/5593\/revisions"}],"predecessor-version":[{"id":9937,"href":"https:\/\/www.freilichtbuehne-nettelstedt.de\/index.php\/wp-json\/wp\/v2\/posts\/5593\/revisions\/9937"}],"wp:featuredmedia":[{"embeddable":true,"href":"https:\/\/www.freilichtbuehne-nettelstedt.de\/index.php\/wp-json\/wp\/v2\/media\/5615"}],"wp:attachment":[{"href":"https:\/\/www.freilichtbuehne-nettelstedt.de\/index.php\/wp-json\/wp\/v2\/media?parent=5593"}],"wp:term":[{"taxonomy":"category","embeddable":true,"href":"https:\/\/www.freilichtbuehne-nettelstedt.de\/index.php\/wp-json\/wp\/v2\/categories?post=5593"},{"taxonomy":"post_tag","embeddable":true,"href":"https:\/\/www.freilichtbuehne-nettelstedt.de\/index.php\/wp-json\/wp\/v2\/tags?post=5593"}],"curies":[{"name":"wp","href":"https:\/\/api.w.org\/{rel}","templated":true}]}}