{"id":5575,"date":"2015-11-05T11:38:14","date_gmt":"2015-11-05T10:38:14","guid":{"rendered":"http:\/\/www.freilichtbuehne-nettelstedt.de?page_id=5575"},"modified":"2020-06-01T13:18:01","modified_gmt":"2020-06-01T11:18:01","slug":"die-kleine-hexe-2016","status":"publish","type":"post","link":"https:\/\/www.freilichtbuehne-nettelstedt.de\/index.php\/die-kleine-hexe-2016\/","title":{"rendered":"2016 &#8211; Die kleine Hexe"},"content":{"rendered":"<table style=\"height: 306px;\" width=\"500\">\n<tbody>\n<tr>\n<td style=\"width: 300px;\"><img fetchpriority=\"high\" decoding=\"async\" class=\"alignleft size-full wp-image-5918\" src=\"http:\/\/www.freilichtbuehne-nettelstedt.dewp-content\/uploads\/2015\/11\/Motiv_HP.jpg\" alt=\"KleineHexe\" width=\"270\" height=\"250\"><\/td>\n<td style=\"vertical-align: middle;\">Nach Motiven von Otfried Preussler<\/p>\n<p>Bearbeitung und Regie: Claus Martin<\/p>\n<p>Mit Musik von Frank Suchland<\/p>\n<p>Premiere am 15. Mai 2016<\/td>\n<\/tr>\n<\/tbody>\n<\/table>\n<p>&nbsp;<\/p>\n<p>&nbsp;<\/p>\n<p>Die kleine Hexe ist mit nur 127 Jahren noch viel zu jung um mit den anderen Hexen die Walpurgisnacht zu feiern. Aber sie tut es trotzdem &#8211; heimlich. Leider wird sie dabei erwischt und streng bestraft. Sie schafft es aber, der Oberhexe ein Versprechen abzuringen. Wenn sie im n\u00e4chsten Jahr beweisen kann, dass sie eine gute Hexe ist, darf sie die gro\u00dfe Hexenpr\u00fcfung ablegen und kann dann ganz offiziell mitfeiern. Das passt der grimmigen Hexe Rumpumpel aber gar nicht &#8211; und damit ist der \u00c4rger nat\u00fcrlich vorprogrammiert&#8230;<\/p>\n<p>&nbsp;<\/p>\n<h2>Besetzungsliste:<\/h2>\n<h2><\/h2>\n<table width=\"859\">\n<tbody>\n<tr>\n<td width=\"342\">Kleine Hexe<\/td>\n<td width=\"327\">Paula Grau<\/td>\n<td width=\"190\">Celina Stork<\/td>\n<\/tr>\n<tr>\n<td>Abraxas<\/td>\n<td>Niklas \u00d6wermann<\/td>\n<td>Luisa Neumann<\/td>\n<\/tr>\n<tr>\n<td>Pfefferkorn<\/td>\n<td>Wolfgang Hovemeyer<\/td>\n<td>Siegfried Bollhorst<\/td>\n<\/tr>\n<tr>\n<td>Revierf\u00f6rster<\/td>\n<td>Matthias Kracht<\/td>\n<td>Stephan Lorenzen<\/td>\n<\/tr>\n<tr>\n<td>Holzweib 1<\/td>\n<td>Susanne \u00d6wermann<\/td>\n<td>Katja Engelage<\/td>\n<\/tr>\n<tr>\n<td>Holzweib 2<\/td>\n<td>Fiona Metje<\/td>\n<td>Ilona H\u00e4rtel<\/td>\n<\/tr>\n<tr>\n<td>Holzweib 3<\/td>\n<td>Anna Jutta Michelsohn<\/td>\n<td>&nbsp;Louisa Hempel<\/td>\n<\/tr>\n<tr>\n<td>Blumenm\u00e4dchen<\/td>\n<td>Luise Grau<\/td>\n<td>Lena Rabe<\/td>\n<\/tr>\n<tr>\n<td>Maronifrau<\/td>\n<td>Alina B\u00f6cher<\/td>\n<td>Emily Fr\u00fcnd<\/td>\n<\/tr>\n<tr>\n<td>Simon<\/td>\n<td>Frederik Wulff<\/td>\n<td>Ole Fr\u00fcnd<\/td>\n<\/tr>\n<tr>\n<td>Ursel<\/td>\n<td>Gwynne Tame<\/td>\n<td>Lotta Grote<\/td>\n<\/tr>\n<tr>\n<td>Schneemann<\/td>\n<td>Jonas Fr\u00fcnd<\/td>\n<td>Merle Kracht<\/td>\n<\/tr>\n<tr>\n<td>Schneiders Friederike<\/td>\n<td>Leonie Grote<\/td>\n<td>Zo\u00e9 Heitland<\/td>\n<\/tr>\n<tr>\n<td>Schusters Sepp<\/td>\n<td>Timo Hannemann<\/td>\n<td>Klaas Engelage<\/td>\n<\/tr>\n<tr>\n<td>Thomas<\/td>\n<td>Bj\u00f6rn Schier<\/td>\n<td>Aaron Kracht<\/td>\n<\/tr>\n<tr>\n<td>Vroni<\/td>\n<td>Lea B\u00f6cher<\/td>\n<td>Laetitia Luft<\/td>\n<\/tr>\n<tr>\n<td>Ochse<\/td>\n<td>Emily M\u00f6hr, Pia Finke<\/td>\n<td>Constanze Stork, Fiona Metje<\/td>\n<\/tr>\n<tr>\n<td>Oberhexe<\/td>\n<td>Melle Fr\u00fcnd<\/td>\n<td>Monika M\u00f6hlmann<\/td>\n<\/tr>\n<tr>\n<td>Mume Rumpumpel<\/td>\n<td>Maren Wulff<\/td>\n<td>Andrea Nagel<\/td>\n<\/tr>\n<tr>\n<td>Moorhexe<\/td>\n<td>Marie Fr\u00fcnd<\/td>\n<td>&nbsp;Stefanie B\u00f6sch<\/td>\n<\/tr>\n<tr>\n<td>Waldhexe<\/td>\n<td>Ilka Kottkamp<\/td>\n<td>Finnja Grote<\/td>\n<\/tr>\n<tr>\n<td>Feldhexe<\/td>\n<td>Anna-Lena Peper<\/td>\n<td>Karen Degenhard<\/td>\n<\/tr>\n<tr>\n<td>Wiesenhexe<\/td>\n<td>Charlotte Seger<\/td>\n<td>Stefanie Hempel<\/td>\n<\/tr>\n<tr>\n<td>Kr\u00e4uterhexe<\/td>\n<td>Michelle Tame<\/td>\n<td>Ilona H\u00e4rtel<\/td>\n<\/tr>\n<tr>\n<td>Knusperhexe<\/td>\n<td>Sophia Schnute<\/td>\n<td>Sylvia Siebarth<\/td>\n<\/tr>\n<tr>\n<td>Schneemannkinder<\/td>\n<td>Angelique Robertus<\/td>\n<td>&nbsp;Jaqueline Robertus<\/td>\n<\/tr>\n<tr>\n<td><\/td>\n<td>Silas Rabe<\/td>\n<td>&nbsp;Lisa Hillerkus<\/td>\n<\/tr>\n<tr>\n<td><\/td>\n<td>Laura Hillerkus<\/td>\n<td>Sophie Hillerkus<\/td>\n<\/tr>\n<tr>\n<td><\/td>\n<td>Malin Hempel<\/td>\n<td>&nbsp;Joyce Tame<\/td>\n<\/tr>\n<tr>\n<td>Luftgeister<\/td>\n<td>Lina Hannemann<\/td>\n<td>Jantje Siebarth<\/td>\n<\/tr>\n<tr>\n<td><\/td>\n<td>Finja L\u00fcbbert<\/td>\n<td>Aenne-Lin Seger<\/td>\n<\/tr>\n<tr>\n<td><\/td>\n<td>Sophie Grau<\/td>\n<td>Greta Naue<\/td>\n<\/tr>\n<tr>\n<td><\/td>\n<td>Emma Naue<\/td>\n<td>Carlotta Stork<\/td>\n<\/tr>\n<tr>\n<td><\/td>\n<td>Emma Schlotzhauer<\/td>\n<td>Tilman Knoop<\/td>\n<\/tr>\n<tr>\n<td><\/td>\n<td>Burcin Giousouf<\/td>\n<td><\/td>\n<\/tr>\n<tr>\n<td>Sch\u00fctzenfestbesucher<\/td>\n<td>Charlotte Ratzmann<\/td>\n<td>Max Ratzmann<\/td>\n<\/tr>\n<tr>\n<td><\/td>\n<td>Martin J\u00e4ger-Degenhard<\/td>\n<td>Lena Degenhard<\/td>\n<\/tr>\n<tr>\n<td><\/td>\n<td>Katja und Lotta Westerfeld<\/td>\n<td>Angelika Airich<\/td>\n<\/tr>\n<tr>\n<td><\/td>\n<td>Katrin und Fritz Miegel<\/td>\n<td>Mareen Kracht<\/td>\n<\/tr>\n<tr>\n<td><\/td>\n<td>Agnes Levien<\/td>\n<td>&nbsp;Ian Tame&nbsp;&nbsp;<strong>&nbsp;&nbsp;&nbsp;<\/strong><\/td>\n<\/tr>\n<tr>\n<td><\/td>\n<td>Benjamin Mitschke<\/td>\n<td>Mike-Lukas Mitschke<\/td>\n<\/tr>\n<tr>\n<td>Sch\u00fctzenhauptmann<\/td>\n<td>Wolfgang Hovemeyer<\/td>\n<td>Siegfried Bollhorst<\/td>\n<\/tr>\n<tr>\n<td>Sch\u00fctzen<\/td>\n<td>Matthias Kracht<\/td>\n<td>Stephan Lorenzen<\/td>\n<\/tr>\n<tr>\n<td><\/td>\n<td>Florian Rabe<\/td>\n<td>Andreas Giese<\/td>\n<\/tr>\n<tr>\n<td><\/td>\n<td>Susanne \u00d6wermann<\/td>\n<td>Ilona H\u00e4rtel<\/td>\n<\/tr>\n<tr>\n<td><\/td>\n<td>Ilka Kottkamp<\/td>\n<td>Finnja Grote<\/td>\n<\/tr>\n<tr>\n<td><\/td>\n<td>Marie Fr\u00fcnd<\/td>\n<td>Stefanie B\u00f6sch<\/td>\n<\/tr>\n<tr>\n<td><\/td>\n<td>Anna-Lena Peper<\/td>\n<td>Karen Degenhard<\/td>\n<\/tr>\n<tr>\n<td><\/td>\n<td>Charlotte Seger<\/td>\n<td>Stefanie Hempel<\/td>\n<\/tr>\n<tr>\n<td><\/td>\n<td>Katja Engelage<\/td>\n<td>Sylvia Siebarth<\/td>\n<\/tr>\n<tr>\n<td><\/td>\n<td>Sophia Schnute<\/td>\n<td>&nbsp;Jonas Fr\u00fcnd<\/td>\n<\/tr>\n<tr>\n<td>Pausenschilder<\/td>\n<td>Paula Wulff<\/td>\n<td>Niklas Wulff<\/td>\n<\/tr>\n<tr>\n<td><\/td>\n<td>Len-Jarik Seger<\/td>\n<td>Max Ratzmann<\/td>\n<\/tr>\n<tr>\n<td><\/td>\n<td>Lukas Siebarth<\/td>\n<td>Joyce Tame<\/td>\n<\/tr>\n<tr>\n<td><\/td>\n<td>Henri Kracht<\/td>\n<td>&nbsp;Lotta Westerfeld<\/td>\n<\/tr>\n<tr>\n<td><\/td>\n<td>Mats Schlotzhauer<\/td>\n<td>Fritz Miegel<\/td>\n<\/tr>\n<tr>\n<td>Spielleitung<\/td>\n<td>Melanie Fr\u00fcnd<\/td>\n<td>&nbsp;Maren Wulff<\/td>\n<\/tr>\n<tr>\n<td>B\u00fchnenbau<\/td>\n<td>Philip \u00d6wermann und Team<\/td>\n<td><\/td>\n<\/tr>\n<tr>\n<td>Kost\u00fcme \/ Maske<\/td>\n<td>Julia R\u00f6ding und Team<\/td>\n<td><\/td>\n<\/tr>\n<tr>\n<td>Technik<\/td>\n<td>Andreas Zelle und Team<\/td>\n<td><\/td>\n<\/tr>\n<tr>\n<td>Service \/Kiosk<\/td>\n<td>Jana Hagemeyer und Team<\/td>\n<td><\/td>\n<\/tr>\n<tr>\n<td>Ordnungsdienst<\/td>\n<td>Uwe Kottkamp und Team<\/td>\n<td><\/td>\n<\/tr>\n<tr>\n<td>Requisite<\/td>\n<td>Birgit Metje und Team<\/td>\n<td><\/td>\n<\/tr>\n<tr>\n<td>Regie<\/td>\n<td>Claus Martin<\/td>\n<td><\/td>\n<\/tr>\n<\/tbody>\n<\/table>\n<h2><\/h2>\n<p>&nbsp;<\/p>\n<h2>Auff\u00fchrungstermine:<\/h2>\n<table style=\"width: 600px;\">\n<tbody>\n<tr>\n<td style=\"width: 200px;\"><strong>Wochentag<\/strong><\/td>\n<td style=\"width: 200px;\"><strong>Datum<\/strong><\/td>\n<td style=\"width: 200px;\"><strong>Uhrzeit<\/strong><\/td>\n<\/tr>\n<tr>\n<td>Sonntag<\/td>\n<td>15.5.<\/td>\n<td>16:00 Uhr<\/td>\n<\/tr>\n<tr>\n<td>Sonntag<\/td>\n<td>22.5.<\/td>\n<td>16:00 Uhr<\/td>\n<\/tr>\n<tr>\n<td>Sonntag<\/td>\n<td>29.5.<\/td>\n<td>16:00 Uhr<\/td>\n<\/tr>\n<tr>\n<td>Sonntag<\/td>\n<td>5.6.<\/td>\n<td>16:00 Uhr<\/td>\n<\/tr>\n<tr>\n<td>Sonntag<\/td>\n<td>12.6.<\/td>\n<td>16:00 Uhr<\/td>\n<\/tr>\n<tr>\n<td style=\"width: 300px;\">Sonntag<\/td>\n<td style=\"width: 300px;\">19.6.<\/td>\n<td style=\"width: 300px;\">16:00 Uhr<\/td>\n<\/tr>\n<tr>\n<td>Sonntag<\/td>\n<td>26.6.<\/td>\n<td>16:00 Uhr<\/td>\n<\/tr>\n<tr>\n<td>Sonntag<\/td>\n<td>3.7.<\/td>\n<td>16:00 Uhr<\/td>\n<\/tr>\n<tr>\n<td>Sonntag<\/td>\n<td>10.7.<\/td>\n<td>16:00 Uhr<\/td>\n<\/tr>\n<tr>\n<td>Sonntag<\/td>\n<td>17.7.<\/td>\n<td>16:00 Uhr<\/td>\n<\/tr>\n<tr>\n<td>Sonntag<\/td>\n<td>24.7.<\/td>\n<td>16:00 Uhr<\/td>\n<\/tr>\n<tr>\n<td>Sonntag<\/td>\n<td>31.7.<\/td>\n<td>16:00 Uhr<\/td>\n<\/tr>\n<tr>\n<td>Sonntag<\/td>\n<td>7.8.<\/td>\n<td>16:00 Uhr<\/td>\n<\/tr>\n<tr>\n<td>Sonntag<\/td>\n<td>14.8.<\/td>\n<td>16:00 Uhr<\/td>\n<\/tr>\n<tr>\n<td>Sonntag<\/td>\n<td>21.8.<\/td>\n<td>16:00 Uhr<\/td>\n<\/tr>\n<tr>\n<td>Sonntag<\/td>\n<td>28.8.<\/td>\n<td>16:00 Uhr<\/td>\n<\/tr>\n<\/tbody>\n<\/table>\n<p>&nbsp;<\/p>\n<p>[Not a valid template]<\/p>\n","protected":false},"excerpt":{"rendered":"<p>Nach Motiven von Otfried Preussler Bearbeitung und Regie: Claus Martin Mit Musik von Frank Suchland Premiere am 15. Mai 2016 &nbsp; &nbsp; Die kleine Hexe ist mit nur 127 Jahren noch viel zu jung um mit den anderen Hexen die Walpurgisnacht zu feiern. Aber sie tut es trotzdem &#8211; heimlich. Leider wird sie dabei erwischt [&hellip;]<\/p>\n","protected":false},"author":122,"featured_media":5918,"comment_status":"closed","ping_status":"closed","sticky":false,"template":"","format":"standard","meta":{"_monsterinsights_skip_tracking":false,"_monsterinsights_sitenote_active":false,"_monsterinsights_sitenote_note":"","_monsterinsights_sitenote_category":0,"ngg_post_thumbnail":0,"footnotes":""},"categories":[31],"tags":[],"class_list":{"0":"post-5575","1":"post","2":"type-post","3":"status-publish","4":"format-standard","5":"has-post-thumbnail","7":"category-aktuelles","8":"czr-hentry"},"yoast_head":"<!-- This site is optimized with the Yoast SEO plugin v27.3 - https:\/\/yoast.com\/product\/yoast-seo-wordpress\/ -->\n<title>2016 - Die kleine Hexe - Freilichtb\u00fchne Nettelstedt<\/title>\n<meta name=\"robots\" content=\"index, follow, max-snippet:-1, max-image-preview:large, max-video-preview:-1\" \/>\n<link rel=\"canonical\" href=\"https:\/\/www.freilichtbuehne-nettelstedt.de\/index.php\/die-kleine-hexe-2016\/\" \/>\n<meta property=\"og:locale\" content=\"de_DE\" \/>\n<meta property=\"og:type\" content=\"article\" \/>\n<meta property=\"og:title\" content=\"2016 - Die kleine Hexe - Freilichtb\u00fchne Nettelstedt\" \/>\n<meta property=\"og:description\" content=\"Nach Motiven von Otfried Preussler Bearbeitung und Regie: Claus Martin Mit Musik von Frank Suchland Premiere am 15. Mai 2016 &nbsp; &nbsp; Die kleine Hexe ist mit nur 127 Jahren noch viel zu jung um mit den anderen Hexen die Walpurgisnacht zu feiern. Aber sie tut es trotzdem &#8211; heimlich. Leider wird sie dabei erwischt [&hellip;]\" \/>\n<meta property=\"og:url\" content=\"https:\/\/www.freilichtbuehne-nettelstedt.de\/index.php\/die-kleine-hexe-2016\/\" \/>\n<meta property=\"og:site_name\" content=\"Freilichtb\u00fchne Nettelstedt\" \/>\n<meta property=\"article:publisher\" content=\"https:\/\/www.facebook.com\/freilichtbuehne.nettelstedt\/\" \/>\n<meta property=\"article:published_time\" content=\"2015-11-05T10:38:14+00:00\" \/>\n<meta property=\"article:modified_time\" content=\"2020-06-01T11:18:01+00:00\" \/>\n<meta property=\"og:image\" content=\"https:\/\/www.freilichtbuehne-nettelstedt.de\/wp-content\/uploads\/2015\/11\/Motiv_HP.jpg\" \/>\n\t<meta property=\"og:image:width\" content=\"270\" \/>\n\t<meta property=\"og:image:height\" content=\"250\" \/>\n\t<meta property=\"og:image:type\" content=\"image\/jpeg\" \/>\n<meta name=\"author\" content=\"Arne Arning\" \/>\n<meta name=\"twitter:card\" content=\"summary_large_image\" \/>\n<meta name=\"twitter:label1\" content=\"Verfasst von\" \/>\n\t<meta name=\"twitter:data1\" content=\"Arne Arning\" \/>\n\t<meta name=\"twitter:label2\" content=\"Gesch\u00e4tzte Lesezeit\" \/>\n\t<meta name=\"twitter:data2\" content=\"3\u00a0Minuten\" \/>\n<script type=\"application\/ld+json\" class=\"yoast-schema-graph\">{\"@context\":\"https:\\\/\\\/schema.org\",\"@graph\":[{\"@type\":\"Article\",\"@id\":\"https:\\\/\\\/www.freilichtbuehne-nettelstedt.de\\\/index.php\\\/die-kleine-hexe-2016\\\/#article\",\"isPartOf\":{\"@id\":\"https:\\\/\\\/www.freilichtbuehne-nettelstedt.de\\\/index.php\\\/die-kleine-hexe-2016\\\/\"},\"author\":{\"name\":\"Arne Arning\",\"@id\":\"https:\\\/\\\/www.freilichtbuehne-nettelstedt.de\\\/#\\\/schema\\\/person\\\/98bfef6be262fb0f4a06b3411ecff7f7\"},\"headline\":\"2016 &#8211; Die kleine Hexe\",\"datePublished\":\"2015-11-05T10:38:14+00:00\",\"dateModified\":\"2020-06-01T11:18:01+00:00\",\"mainEntityOfPage\":{\"@id\":\"https:\\\/\\\/www.freilichtbuehne-nettelstedt.de\\\/index.php\\\/die-kleine-hexe-2016\\\/\"},\"wordCount\":504,\"publisher\":{\"@id\":\"https:\\\/\\\/www.freilichtbuehne-nettelstedt.de\\\/#organization\"},\"image\":{\"@id\":\"https:\\\/\\\/www.freilichtbuehne-nettelstedt.de\\\/index.php\\\/die-kleine-hexe-2016\\\/#primaryimage\"},\"thumbnailUrl\":\"https:\\\/\\\/www.freilichtbuehne-nettelstedt.de\\\/wp-content\\\/uploads\\\/2015\\\/11\\\/Motiv_HP.jpg\",\"articleSection\":[\"Aktuelles\"],\"inLanguage\":\"de\"},{\"@type\":\"WebPage\",\"@id\":\"https:\\\/\\\/www.freilichtbuehne-nettelstedt.de\\\/index.php\\\/die-kleine-hexe-2016\\\/\",\"url\":\"https:\\\/\\\/www.freilichtbuehne-nettelstedt.de\\\/index.php\\\/die-kleine-hexe-2016\\\/\",\"name\":\"2016 - Die kleine Hexe - Freilichtb\u00fchne Nettelstedt\",\"isPartOf\":{\"@id\":\"https:\\\/\\\/www.freilichtbuehne-nettelstedt.de\\\/#website\"},\"primaryImageOfPage\":{\"@id\":\"https:\\\/\\\/www.freilichtbuehne-nettelstedt.de\\\/index.php\\\/die-kleine-hexe-2016\\\/#primaryimage\"},\"image\":{\"@id\":\"https:\\\/\\\/www.freilichtbuehne-nettelstedt.de\\\/index.php\\\/die-kleine-hexe-2016\\\/#primaryimage\"},\"thumbnailUrl\":\"https:\\\/\\\/www.freilichtbuehne-nettelstedt.de\\\/wp-content\\\/uploads\\\/2015\\\/11\\\/Motiv_HP.jpg\",\"datePublished\":\"2015-11-05T10:38:14+00:00\",\"dateModified\":\"2020-06-01T11:18:01+00:00\",\"breadcrumb\":{\"@id\":\"https:\\\/\\\/www.freilichtbuehne-nettelstedt.de\\\/index.php\\\/die-kleine-hexe-2016\\\/#breadcrumb\"},\"inLanguage\":\"de\",\"potentialAction\":[{\"@type\":\"ReadAction\",\"target\":[\"https:\\\/\\\/www.freilichtbuehne-nettelstedt.de\\\/index.php\\\/die-kleine-hexe-2016\\\/\"]}]},{\"@type\":\"ImageObject\",\"inLanguage\":\"de\",\"@id\":\"https:\\\/\\\/www.freilichtbuehne-nettelstedt.de\\\/index.php\\\/die-kleine-hexe-2016\\\/#primaryimage\",\"url\":\"https:\\\/\\\/www.freilichtbuehne-nettelstedt.de\\\/wp-content\\\/uploads\\\/2015\\\/11\\\/Motiv_HP.jpg\",\"contentUrl\":\"https:\\\/\\\/www.freilichtbuehne-nettelstedt.de\\\/wp-content\\\/uploads\\\/2015\\\/11\\\/Motiv_HP.jpg\",\"width\":270,\"height\":250},{\"@type\":\"BreadcrumbList\",\"@id\":\"https:\\\/\\\/www.freilichtbuehne-nettelstedt.de\\\/index.php\\\/die-kleine-hexe-2016\\\/#breadcrumb\",\"itemListElement\":[{\"@type\":\"ListItem\",\"position\":1,\"name\":\"Startseite\",\"item\":\"https:\\\/\\\/www.freilichtbuehne-nettelstedt.de\\\/\"},{\"@type\":\"ListItem\",\"position\":2,\"name\":\"2016 &#8211; Die kleine Hexe\"}]},{\"@type\":\"WebSite\",\"@id\":\"https:\\\/\\\/www.freilichtbuehne-nettelstedt.de\\\/#website\",\"url\":\"https:\\\/\\\/www.freilichtbuehne-nettelstedt.de\\\/\",\"name\":\"Freilichtb\u00fchne Nettelstedt\",\"description\":\"Theater, das einfach Spa\u00df macht\",\"publisher\":{\"@id\":\"https:\\\/\\\/www.freilichtbuehne-nettelstedt.de\\\/#organization\"},\"potentialAction\":[{\"@type\":\"SearchAction\",\"target\":{\"@type\":\"EntryPoint\",\"urlTemplate\":\"https:\\\/\\\/www.freilichtbuehne-nettelstedt.de\\\/?s={search_term_string}\"},\"query-input\":{\"@type\":\"PropertyValueSpecification\",\"valueRequired\":true,\"valueName\":\"search_term_string\"}}],\"inLanguage\":\"de\"},{\"@type\":\"Organization\",\"@id\":\"https:\\\/\\\/www.freilichtbuehne-nettelstedt.de\\\/#organization\",\"name\":\"Freilichtb\u00fchne Nettelstedt e.V\",\"url\":\"https:\\\/\\\/www.freilichtbuehne-nettelstedt.de\\\/\",\"logo\":{\"@type\":\"ImageObject\",\"inLanguage\":\"de\",\"@id\":\"https:\\\/\\\/www.freilichtbuehne-nettelstedt.de\\\/#\\\/schema\\\/logo\\\/image\\\/\",\"url\":\"https:\\\/\\\/www.freilichtbuehne-nettelstedt.de\\\/wp-content\\\/uploads\\\/2016\\\/02\\\/Logo_Final_2016_Transp_klein.png\",\"contentUrl\":\"https:\\\/\\\/www.freilichtbuehne-nettelstedt.de\\\/wp-content\\\/uploads\\\/2016\\\/02\\\/Logo_Final_2016_Transp_klein.png\",\"width\":250,\"height\":100,\"caption\":\"Freilichtb\u00fchne Nettelstedt e.V\"},\"image\":{\"@id\":\"https:\\\/\\\/www.freilichtbuehne-nettelstedt.de\\\/#\\\/schema\\\/logo\\\/image\\\/\"},\"sameAs\":[\"https:\\\/\\\/www.facebook.com\\\/freilichtbuehne.nettelstedt\\\/\",\"https:\\\/\\\/www.instagram.com\\\/freilichtbuehnenettelstedt\\\/\"]},{\"@type\":\"Person\",\"@id\":\"https:\\\/\\\/www.freilichtbuehne-nettelstedt.de\\\/#\\\/schema\\\/person\\\/98bfef6be262fb0f4a06b3411ecff7f7\",\"name\":\"Arne Arning\",\"url\":\"https:\\\/\\\/www.freilichtbuehne-nettelstedt.de\\\/index.php\\\/author\\\/aarne\\\/\"}]}<\/script>\n<!-- \/ Yoast SEO plugin. -->","yoast_head_json":{"title":"2016 - Die kleine Hexe - Freilichtb\u00fchne Nettelstedt","robots":{"index":"index","follow":"follow","max-snippet":"max-snippet:-1","max-image-preview":"max-image-preview:large","max-video-preview":"max-video-preview:-1"},"canonical":"https:\/\/www.freilichtbuehne-nettelstedt.de\/index.php\/die-kleine-hexe-2016\/","og_locale":"de_DE","og_type":"article","og_title":"2016 - Die kleine Hexe - Freilichtb\u00fchne Nettelstedt","og_description":"Nach Motiven von Otfried Preussler Bearbeitung und Regie: Claus Martin Mit Musik von Frank Suchland Premiere am 15. Mai 2016 &nbsp; &nbsp; Die kleine Hexe ist mit nur 127 Jahren noch viel zu jung um mit den anderen Hexen die Walpurgisnacht zu feiern. Aber sie tut es trotzdem &#8211; heimlich. Leider wird sie dabei erwischt [&hellip;]","og_url":"https:\/\/www.freilichtbuehne-nettelstedt.de\/index.php\/die-kleine-hexe-2016\/","og_site_name":"Freilichtb\u00fchne Nettelstedt","article_publisher":"https:\/\/www.facebook.com\/freilichtbuehne.nettelstedt\/","article_published_time":"2015-11-05T10:38:14+00:00","article_modified_time":"2020-06-01T11:18:01+00:00","og_image":[{"width":270,"height":250,"url":"https:\/\/www.freilichtbuehne-nettelstedt.de\/wp-content\/uploads\/2015\/11\/Motiv_HP.jpg","type":"image\/jpeg"}],"author":"Arne Arning","twitter_card":"summary_large_image","twitter_misc":{"Verfasst von":"Arne Arning","Gesch\u00e4tzte Lesezeit":"3\u00a0Minuten"},"schema":{"@context":"https:\/\/schema.org","@graph":[{"@type":"Article","@id":"https:\/\/www.freilichtbuehne-nettelstedt.de\/index.php\/die-kleine-hexe-2016\/#article","isPartOf":{"@id":"https:\/\/www.freilichtbuehne-nettelstedt.de\/index.php\/die-kleine-hexe-2016\/"},"author":{"name":"Arne Arning","@id":"https:\/\/www.freilichtbuehne-nettelstedt.de\/#\/schema\/person\/98bfef6be262fb0f4a06b3411ecff7f7"},"headline":"2016 &#8211; Die kleine Hexe","datePublished":"2015-11-05T10:38:14+00:00","dateModified":"2020-06-01T11:18:01+00:00","mainEntityOfPage":{"@id":"https:\/\/www.freilichtbuehne-nettelstedt.de\/index.php\/die-kleine-hexe-2016\/"},"wordCount":504,"publisher":{"@id":"https:\/\/www.freilichtbuehne-nettelstedt.de\/#organization"},"image":{"@id":"https:\/\/www.freilichtbuehne-nettelstedt.de\/index.php\/die-kleine-hexe-2016\/#primaryimage"},"thumbnailUrl":"https:\/\/www.freilichtbuehne-nettelstedt.de\/wp-content\/uploads\/2015\/11\/Motiv_HP.jpg","articleSection":["Aktuelles"],"inLanguage":"de"},{"@type":"WebPage","@id":"https:\/\/www.freilichtbuehne-nettelstedt.de\/index.php\/die-kleine-hexe-2016\/","url":"https:\/\/www.freilichtbuehne-nettelstedt.de\/index.php\/die-kleine-hexe-2016\/","name":"2016 - Die kleine Hexe - Freilichtb\u00fchne Nettelstedt","isPartOf":{"@id":"https:\/\/www.freilichtbuehne-nettelstedt.de\/#website"},"primaryImageOfPage":{"@id":"https:\/\/www.freilichtbuehne-nettelstedt.de\/index.php\/die-kleine-hexe-2016\/#primaryimage"},"image":{"@id":"https:\/\/www.freilichtbuehne-nettelstedt.de\/index.php\/die-kleine-hexe-2016\/#primaryimage"},"thumbnailUrl":"https:\/\/www.freilichtbuehne-nettelstedt.de\/wp-content\/uploads\/2015\/11\/Motiv_HP.jpg","datePublished":"2015-11-05T10:38:14+00:00","dateModified":"2020-06-01T11:18:01+00:00","breadcrumb":{"@id":"https:\/\/www.freilichtbuehne-nettelstedt.de\/index.php\/die-kleine-hexe-2016\/#breadcrumb"},"inLanguage":"de","potentialAction":[{"@type":"ReadAction","target":["https:\/\/www.freilichtbuehne-nettelstedt.de\/index.php\/die-kleine-hexe-2016\/"]}]},{"@type":"ImageObject","inLanguage":"de","@id":"https:\/\/www.freilichtbuehne-nettelstedt.de\/index.php\/die-kleine-hexe-2016\/#primaryimage","url":"https:\/\/www.freilichtbuehne-nettelstedt.de\/wp-content\/uploads\/2015\/11\/Motiv_HP.jpg","contentUrl":"https:\/\/www.freilichtbuehne-nettelstedt.de\/wp-content\/uploads\/2015\/11\/Motiv_HP.jpg","width":270,"height":250},{"@type":"BreadcrumbList","@id":"https:\/\/www.freilichtbuehne-nettelstedt.de\/index.php\/die-kleine-hexe-2016\/#breadcrumb","itemListElement":[{"@type":"ListItem","position":1,"name":"Startseite","item":"https:\/\/www.freilichtbuehne-nettelstedt.de\/"},{"@type":"ListItem","position":2,"name":"2016 &#8211; Die kleine Hexe"}]},{"@type":"WebSite","@id":"https:\/\/www.freilichtbuehne-nettelstedt.de\/#website","url":"https:\/\/www.freilichtbuehne-nettelstedt.de\/","name":"Freilichtb\u00fchne Nettelstedt","description":"Theater, das einfach Spa\u00df macht","publisher":{"@id":"https:\/\/www.freilichtbuehne-nettelstedt.de\/#organization"},"potentialAction":[{"@type":"SearchAction","target":{"@type":"EntryPoint","urlTemplate":"https:\/\/www.freilichtbuehne-nettelstedt.de\/?s={search_term_string}"},"query-input":{"@type":"PropertyValueSpecification","valueRequired":true,"valueName":"search_term_string"}}],"inLanguage":"de"},{"@type":"Organization","@id":"https:\/\/www.freilichtbuehne-nettelstedt.de\/#organization","name":"Freilichtb\u00fchne Nettelstedt e.V","url":"https:\/\/www.freilichtbuehne-nettelstedt.de\/","logo":{"@type":"ImageObject","inLanguage":"de","@id":"https:\/\/www.freilichtbuehne-nettelstedt.de\/#\/schema\/logo\/image\/","url":"https:\/\/www.freilichtbuehne-nettelstedt.de\/wp-content\/uploads\/2016\/02\/Logo_Final_2016_Transp_klein.png","contentUrl":"https:\/\/www.freilichtbuehne-nettelstedt.de\/wp-content\/uploads\/2016\/02\/Logo_Final_2016_Transp_klein.png","width":250,"height":100,"caption":"Freilichtb\u00fchne Nettelstedt e.V"},"image":{"@id":"https:\/\/www.freilichtbuehne-nettelstedt.de\/#\/schema\/logo\/image\/"},"sameAs":["https:\/\/www.facebook.com\/freilichtbuehne.nettelstedt\/","https:\/\/www.instagram.com\/freilichtbuehnenettelstedt\/"]},{"@type":"Person","@id":"https:\/\/www.freilichtbuehne-nettelstedt.de\/#\/schema\/person\/98bfef6be262fb0f4a06b3411ecff7f7","name":"Arne Arning","url":"https:\/\/www.freilichtbuehne-nettelstedt.de\/index.php\/author\/aarne\/"}]}},"_links":{"self":[{"href":"https:\/\/www.freilichtbuehne-nettelstedt.de\/index.php\/wp-json\/wp\/v2\/posts\/5575","targetHints":{"allow":["GET"]}}],"collection":[{"href":"https:\/\/www.freilichtbuehne-nettelstedt.de\/index.php\/wp-json\/wp\/v2\/posts"}],"about":[{"href":"https:\/\/www.freilichtbuehne-nettelstedt.de\/index.php\/wp-json\/wp\/v2\/types\/post"}],"author":[{"embeddable":true,"href":"https:\/\/www.freilichtbuehne-nettelstedt.de\/index.php\/wp-json\/wp\/v2\/users\/122"}],"replies":[{"embeddable":true,"href":"https:\/\/www.freilichtbuehne-nettelstedt.de\/index.php\/wp-json\/wp\/v2\/comments?post=5575"}],"version-history":[{"count":16,"href":"https:\/\/www.freilichtbuehne-nettelstedt.de\/index.php\/wp-json\/wp\/v2\/posts\/5575\/revisions"}],"predecessor-version":[{"id":9939,"href":"https:\/\/www.freilichtbuehne-nettelstedt.de\/index.php\/wp-json\/wp\/v2\/posts\/5575\/revisions\/9939"}],"wp:featuredmedia":[{"embeddable":true,"href":"https:\/\/www.freilichtbuehne-nettelstedt.de\/index.php\/wp-json\/wp\/v2\/media\/5918"}],"wp:attachment":[{"href":"https:\/\/www.freilichtbuehne-nettelstedt.de\/index.php\/wp-json\/wp\/v2\/media?parent=5575"}],"wp:term":[{"taxonomy":"category","embeddable":true,"href":"https:\/\/www.freilichtbuehne-nettelstedt.de\/index.php\/wp-json\/wp\/v2\/categories?post=5575"},{"taxonomy":"post_tag","embeddable":true,"href":"https:\/\/www.freilichtbuehne-nettelstedt.de\/index.php\/wp-json\/wp\/v2\/tags?post=5575"}],"curies":[{"name":"wp","href":"https:\/\/api.w.org\/{rel}","templated":true}]}}