{"id":5075,"date":"2015-03-21T11:37:36","date_gmt":"2015-03-21T10:37:36","guid":{"rendered":"http:\/\/www.freilichtbuehne-nettelstedt.de?page_id=5075"},"modified":"2020-06-01T13:18:19","modified_gmt":"2020-06-01T11:18:19","slug":"in-80-tagen-um-die-welt-2015","status":"publish","type":"post","link":"https:\/\/www.freilichtbuehne-nettelstedt.de\/index.php\/in-80-tagen-um-die-welt-2015\/","title":{"rendered":"2015 &#8211; In 80 Tagen um die Welt"},"content":{"rendered":"<table style=\"height: 306px;\" width=\"500\">\n<tbody>\n<tr>\n<td style=\"width: 300px;\"><a href=\"https:\/\/www.freilichtbuehne-nettelstedt.de\/wp-content\/uploads\/2015\/03\/Motiv_80-Tage-k.jpg\"><img fetchpriority=\"high\" decoding=\"async\" class=\"alignleft wp-image-5102 size-medium\" alt=\"Motiv_80 Tage-k\" src=\"https:\/\/www.freilichtbuehne-nettelstedt.de\/wp-content\/uploads\/2015\/03\/Motiv_80-Tage-k-300x278.jpg\" width=\"300\" height=\"278\"><\/a><\/td>\n<td style=\"vertical-align: middle;\">Von Claus Martin nach einer Romanvorlage von Jule Verne.<\/p>\n<p>Bearbeitet f\u00fcr die Freilichtb\u00fchne Nettelstedt: Claus Martin<\/p>\n<p>Regie: Claus Martin<\/td>\n<\/tr>\n<\/tbody>\n<\/table>\n<p>&nbsp;<\/p>\n<h2>Inhalt:<\/h2>\n<p>In 80 Tagen um die Welt reisen? Unm\u00f6glich! Kein normaler Mensch w\u00fcrde darauf einen Pfifferling verwetten! Aber Phileas Fogg ist eben kein normaler Mensch.<\/p>\n<p>Der pedantische P\u00fcnktlichkeitsfanatiker nimmt die Herausforderung an und macht sich auf den Weg. Er ahnt nicht, dass er von zwei Detektiven verfolgt wird, die alles daransetzen, ihn aufzuhalten.<\/p>\n<p>Eine indische Prinzessin, eine todesmutige Hei\u00dfluftballon-Besitzerin und ein schie\u00dfw\u00fctiger Westernheld sind nur einige der skurrilen Figuren, die ihn unterwegs in die verr\u00fccktesten Situationen bringen.<\/p>\n<p>Ein Abenteuer folgt auf das n\u00e4chste in dieser spannenden Kom\u00f6die nach dem Welt-Bestseller von Jules Verne. Ob Mister Fogg seine aberwitzige Wette gewinnt, erfahren Sie bei den Vorstellungen der Freilichtb\u00fchne Nettelstedt ab dem 13.06.2015 um 20.30 Uhr!<\/p>\n<h2>Auff\u00fchrungsort:<\/h2>\n<p>Freilichtb\u00fchne Nettelstedt<\/p>\n<h2>Spielzeit:<\/h2>\n<p>Jeden Samstag vom 13. Juni 2015 bis zum 29. August 2015, jeweils um 20:30 Uhr<br \/>\nund Freitags am 31.07.2015 und am 14.08.2015 jeweils um 20:30 Uhr.<\/p>\n<p>&nbsp;<\/p>\n<h2>Besetzungsliste<\/h2>\n<table style=\"width: 700px;\" border=\"0\">\n<tbody>\n<tr>\n<td style=\"width: 150px;\"><strong>Figur<\/strong><\/td>\n<td style=\"width: 275px;\"><strong>Schauspieler<\/strong><\/td>\n<td style=\"width: 275px;\"><strong>Schauspieler<\/strong><\/td>\n<\/tr>\n<tr>\n<td style=\"width: 200px;\">Phileas Fogg<\/td>\n<td style=\"width: 250px;\">&nbsp;Volker Kracht<\/td>\n<td style=\"width: 250px;\">&nbsp;Thomas Kracht<\/td>\n<\/tr>\n<tr>\n<td>Passepartout<\/td>\n<td>&nbsp;Arne-Philipp Arning<\/td>\n<td>&nbsp;Simon Kracht<\/td>\n<\/tr>\n<tr>\n<td>Chief Inspector Fix<\/td>\n<td>&nbsp;Ernst-Ulrich Wellpott<\/td>\n<td>&nbsp;<\/td>\n<\/tr>\n<tr>\n<td>Sergeant Looney<\/td>\n<td>&nbsp;Philip \u00d6wermann<\/td>\n<td>&nbsp;Klaus Kr\u00f6ger<\/td>\n<\/tr>\n<tr>\n<td>&nbsp;Mrs. Pott, die K\u00f6chin<\/td>\n<td>&nbsp;Kerstin Kottkamp<\/td>\n<td>&nbsp;Ramona Sch\u00fctte<\/td>\n<\/tr>\n<tr>\n<td>&nbsp;Prinzessin Aouda<\/td>\n<td>&nbsp;Carolin Lange<\/td>\n<td>&nbsp;Marlen Sch\u00fctte<\/td>\n<\/tr>\n<tr>\n<td style=\"width: 300px;\">&nbsp;Lady Ensworth<\/td>\n<td>&nbsp;Monika M\u00f6hlmann<\/td>\n<td>&nbsp;Monika Bachmann<\/td>\n<\/tr>\n<tr>\n<td>&nbsp;Celia<\/td>\n<td>&nbsp;Birgit Metje<\/td>\n<td>&nbsp;Stephanie Gerth<\/td>\n<\/tr>\n<tr>\n<td>&nbsp;Gilbert<\/td>\n<td>&nbsp;Jens Hildebrandt<\/td>\n<td>&nbsp;Siegfried Bollhorst<\/td>\n<\/tr>\n<tr>\n<td>&nbsp;Betty<\/td>\n<td>&nbsp;Monika H\u00e4rtel<\/td>\n<td>&nbsp;Susanne \u00d6wermann<\/td>\n<\/tr>\n<tr>\n<td>&nbsp;Aloysious<\/td>\n<td>&nbsp;Andreas Giese<\/td>\n<td>&nbsp;Rainer Hagemeyer<\/td>\n<\/tr>\n<tr>\n<td>&nbsp;Randolph, Bankdirektor<\/td>\n<td>&nbsp;Wolfgang Hovemeyer<\/td>\n<td>&nbsp;Volker \u00d6wermann<\/td>\n<\/tr>\n<tr>\n<td>&nbsp;James<\/td>\n<td>&nbsp;Bernd \u00d6wermann<\/td>\n<td>&nbsp;Matthias Kracht<\/td>\n<\/tr>\n<tr>\n<td>&nbsp;Hertha<\/td>\n<td>&nbsp;Lena Bachmann<\/td>\n<td>&nbsp;Sophia Schnute<\/td>\n<\/tr>\n<tr>\n<td>&nbsp;Willi<\/td>\n<td>&nbsp;Florian Kracht<\/td>\n<td>&nbsp;Jan-Frederik Lange<\/td>\n<\/tr>\n<tr>\n<td>&nbsp;Reisegruppenleiterin<\/td>\n<td style=\"width: 200px;\">&nbsp;Maren Kracht<\/td>\n<td>&nbsp;Sina Sch\u00fctte<\/td>\n<\/tr>\n<tr>\n<td>&nbsp;Beamte<\/td>\n<td>&nbsp;Angela Bunge<\/td>\n<td>&nbsp;Melanie Fr\u00fcnd<\/td>\n<\/tr>\n<tr>\n<td>&nbsp;Zugf\u00fchrer<\/td>\n<td>&nbsp;Jens Hildebrandt<\/td>\n<td>&nbsp;Siegfried Bollhorst<\/td>\n<\/tr>\n<tr>\n<td>&nbsp;Polizist<\/td>\n<td>&nbsp;Andreas Giese-Kirschner<\/td>\n<td>&nbsp;Rainer Hagemeyer<\/td>\n<\/tr>\n<tr>\n<td>&nbsp;Richter<\/td>\n<td>&nbsp;Wolfgang Hovemeyer<\/td>\n<td>&nbsp;J\u00fcrgen Kracht<\/td>\n<\/tr>\n<tr>\n<td>&nbsp;Lady Pickwick<\/td>\n<td>&nbsp;Jana Hagemeyer<\/td>\n<td>&nbsp;Julia R\u00f6ding<\/td>\n<\/tr>\n<tr>\n<td>&nbsp;Ticketverk\u00e4uferin<\/td>\n<td>&nbsp;Laura Pries<\/td>\n<td>&nbsp;Saskia vom Stein<\/td>\n<\/tr>\n<tr>\n<td>&nbsp;Glenda<\/td>\n<td>&nbsp;Katja H\u00e4rtel<\/td>\n<td>&nbsp;Janina Schmale<\/td>\n<\/tr>\n<tr>\n<td>&nbsp;Rhonda<\/td>\n<td>&nbsp;Ilona H\u00e4rtel<\/td>\n<td>&nbsp;Merle Bachmann<\/td>\n<\/tr>\n<tr>\n<td>&nbsp;Linda<\/td>\n<td>&nbsp;Lena Bode<\/td>\n<td>&nbsp;Luisa Neumann<\/td>\n<\/tr>\n<tr>\n<td>&nbsp;Porzellanmaus<\/td>\n<td>&nbsp;Ilka Kottkamp<\/td>\n<td>&nbsp;Merle Kracht<\/td>\n<\/tr>\n<tr>\n<td>&nbsp;Otto<\/td>\n<td>&nbsp;Alexander H\u00e4rtel<\/td>\n<td>&nbsp;Stephan Lorenzen<\/td>\n<\/tr>\n<tr>\n<td>&nbsp;Hilde<\/td>\n<td>&nbsp;Finja Grote<\/td>\n<td>&nbsp;Fiona Metje<\/td>\n<\/tr>\n<tr>\n<td>&nbsp;Wirtin<\/td>\n<td>&nbsp;Maren Wulff<\/td>\n<td>&nbsp;Melanie Fr\u00fcnd<\/td>\n<\/tr>\n<tr>\n<td>&nbsp;Stenton<\/td>\n<td>&nbsp;Matthias Kracht<\/td>\n<td>&nbsp;Bernd \u00d6wermann<\/td>\n<\/tr>\n<tr>\n<td>&nbsp;Zeitungsjunge<\/td>\n<td>&nbsp;Niklas \u00d6wermann<\/td>\n<td>&nbsp;Benjamin Bredenkamp<\/td>\n<\/tr>\n<tr>\n<td>&nbsp;Bedienstete<\/td>\n<td>&nbsp;Merle Kracht<\/td>\n<td>&nbsp;<\/td>\n<\/tr>\n<tr>\n<td>&nbsp;<\/td>\n<td>&nbsp;Anna Jutta Michelsohn<\/td>\n<td>&nbsp;<\/td>\n<\/tr>\n<tr>\n<td>&nbsp;<\/td>\n<td>&nbsp;Luisa Neumann<\/td>\n<td>&nbsp;<\/td>\n<\/tr>\n<tr>\n<td>&nbsp;<\/td>\n<td>&nbsp;Moira Metje<\/td>\n<td>&nbsp;<\/td>\n<\/tr>\n<tr>\n<td>&nbsp;<\/td>\n<td>&nbsp;Fiona Meje<\/td>\n<td>&nbsp;<\/td>\n<\/tr>\n<tr>\n<td>&nbsp;<\/td>\n<td>&nbsp;Lena Bode<\/td>\n<td>&nbsp;<\/td>\n<\/tr>\n<tr>\n<td>&nbsp;<\/td>\n<td>&nbsp;Anna-Lena Peper<\/td>\n<td>&nbsp;<\/td>\n<\/tr>\n<tr>\n<td>&nbsp;<\/td>\n<td>&nbsp;Emily M\u00f6hr<\/td>\n<td>&nbsp;<\/td>\n<\/tr>\n<tr>\n<td>&nbsp;<\/td>\n<td>&nbsp;Finnja Grote<\/td>\n<td>&nbsp;<\/td>\n<\/tr>\n<tr>\n<td>&nbsp;<\/td>\n<td>&nbsp;Sina Sch\u00fctte<\/td>\n<td>&nbsp;<\/td>\n<\/tr>\n<tr>\n<td>&nbsp;Volk<\/td>\n<td>&nbsp;Anne Helweg<\/td>\n<td>&nbsp;<\/td>\n<\/tr>\n<tr>\n<td>&nbsp;<\/td>\n<td>&nbsp;Kerstin Roswalka<\/td>\n<td>&nbsp;<\/td>\n<\/tr>\n<tr>\n<td>&nbsp;<\/td>\n<td>&nbsp;Hj\u00f6rdis Ottow<\/td>\n<td>&nbsp;<\/td>\n<\/tr>\n<tr>\n<td>&nbsp;<\/td>\n<td>&nbsp;Stefanie Hempel<\/td>\n<td>&nbsp;<\/td>\n<\/tr>\n<tr>\n<td>&nbsp;<\/td>\n<td>&nbsp;<\/td>\n<td>&nbsp;<\/td>\n<\/tr>\n<tr>\n<td>&nbsp;<\/td>\n<td>&nbsp;<\/td>\n<td>&nbsp;<\/td>\n<\/tr>\n<tr>\n<td>Spielleitung<\/td>\n<td colspan=\"2\">&nbsp;Thomas Kracht, Melanie Fr\u00fcnd<\/td>\n<\/tr>\n<tr>\n<td>Souffleure<\/td>\n<td>&nbsp;<\/td>\n<td>&nbsp;<\/td>\n<\/tr>\n<tr>\n<td>&nbsp;<\/td>\n<td>&nbsp;<\/td>\n<td>&nbsp;<\/td>\n<\/tr>\n<tr>\n<td>&nbsp;<\/td>\n<td>&nbsp;<\/td>\n<td>&nbsp;<\/td>\n<\/tr>\n<tr>\n<td valign=\"top\">B\u00fchnenbau<\/td>\n<td colspan=\"2\">&nbsp;Rainer Bachmann und Team<\/td>\n<\/tr>\n<tr>\n<td>Kost\u00fcme \/ Maske<\/td>\n<td colspan=\"2\">&nbsp;Ramona Sch\u00fctte und Team<\/td>\n<\/tr>\n<tr>\n<td>Technik<\/td>\n<td colspan=\"2\">&nbsp;Andreas Zelle und Team<\/td>\n<\/tr>\n<tr>\n<td>Regie<\/td>\n<td>&nbsp;Claus Martin<\/td>\n<td>&nbsp;<\/td>\n<\/tr>\n<tr>\n<td>Service \/ Kiosk<\/td>\n<td colspan=\"2\">&nbsp;Rainer Hagemeyer und Team<\/td>\n<\/tr>\n<tr>\n<td>Ordnungsdienst<\/td>\n<td colspan=\"2\">&nbsp;Uwe Kottkamp und Team<\/td>\n<\/tr>\n<\/tbody>\n<\/table>\n<h2>&nbsp;<\/h2>\n<h2>Presseartikel<\/h2>\n<p>Das schrieb die Presse \u00fcber diese Auff\u00fchrung.<\/p>\n<table style=\"width: 700px;\" border=\"0\">\n<tbody>\n<tr>\n<td style=\"width: 200px;\"><strong>Zeitung<\/strong><\/td>\n<td><strong>Schlagzeile<\/strong><\/td>\n<td style=\"width: 100px;\" align=\"left\"><strong>Ausgabe vom<\/strong><\/td>\n<\/tr>\n<tr>\n<td style=\"width: 200px;\"><a href=\"http:\/\/www.westfalen-blatt.de\" target=\"_blank\" rel=\"noopener noreferrer\">L\u00fcbbecker Kreiszeitung<\/a><\/td>\n<td><strong><a href=\"http:\/\/www.freilichtbuehne-nettelstedt.dewp-content\/uploads\/2015\/03\/LK-Zum-Bruellen-komisch.pdf\" target=\"_blank\" rel=\"noopener noreferrer\">Zum Br\u00fcllen komisch<\/a><\/strong><\/td>\n<td style=\"width: 100px;\">&nbsp;15.06.2015<\/td>\n<\/tr>\n<tr>\n<td style=\"width: 200px;\"><a href=\"http:\/\/www.nw-news.de\" target=\"_blank\" rel=\"noopener noreferrer\">Neue Westf\u00e4lische<\/a><\/td>\n<td><strong><a href=\"http:\/\/www.nw.de\/lokal\/kreis_minden_luebbecke\/luebbecke\/luebbecke\/20487019_Tolle-Premiere-auf-Freilichtbuehne-Nettelstedt.html\" target=\"_blank\" rel=\"noopener noreferrer\"> Tolle Premiere auf der Freilichtb\u00fchne<\/a><\/strong><\/td>\n<td style=\"width: 100px;\">&nbsp;15.06.2015<\/td>\n<\/tr>\n<tr>\n<td style=\"width: 200px;\"><a href=\"http:\/\/www.westfalen-blatt.de\" target=\"_blank\" rel=\"noopener noreferrer\">L\u00fcbbecker Kreiszeitung<\/a><\/td>\n<td><strong><a href=\"http:\/\/www.freilichtbuehne-nettelstedt.dewp-content\/uploads\/2015\/03\/LK-Auf-zur-Weltreise.pdf\" target=\"_blank\" rel=\"noopener noreferrer\">Auf zur Weltreise<\/a><\/strong><\/td>\n<td style=\"width: 100px;\">&nbsp;10.06.2015<\/td>\n<\/tr>\n<tr>\n<td style=\"width: 200px;\"><a href=\"http:\/\/www.nw-news.de\" target=\"_blank\" rel=\"noopener noreferrer\">Neue Westf\u00e4lische<\/a><\/td>\n<td><strong><a href=\"http:\/\/www.nw.de\/lokal\/kreis_minden_luebbecke\/luebbecke\/luebbecke\/20482434_In-80-Tagen-um-die-Welt-mit-der-Freilichtbuehne-Nettelstedt.html\" target=\"_blank\" rel=\"noopener noreferrer\"> In 80 Tagen um die Welt mit der Freilichtb\u00fchne Nettelstedt<\/a><\/strong><\/td>\n<td style=\"width: 100px;\">&nbsp;09.06.2015<\/td>\n<\/tr>\n<tr>\n<td style=\"width: 200px;\">&nbsp;<\/td>\n<td>&nbsp;<\/td>\n<td style=\"width: 100px;\">&nbsp;<\/td>\n<\/tr>\n<\/tbody>\n<\/table>\n<h2>&nbsp;<\/h2>\n<h2>Bildergalerie<\/h2>\n<p>[Not a valid template]<\/p>\n","protected":false},"excerpt":{"rendered":"<p>Von Claus Martin nach einer Romanvorlage von Jule Verne. Bearbeitet f\u00fcr die Freilichtb\u00fchne Nettelstedt: Claus Martin Regie: Claus Martin &nbsp; Inhalt: In 80 Tagen um die Welt reisen? Unm\u00f6glich! Kein normaler Mensch w\u00fcrde darauf einen Pfifferling verwetten! Aber Phileas Fogg ist eben kein normaler Mensch. Der pedantische P\u00fcnktlichkeitsfanatiker nimmt die Herausforderung an und macht sich [&hellip;]<\/p>\n","protected":false},"author":2,"featured_media":5102,"comment_status":"closed","ping_status":"closed","sticky":false,"template":"","format":"standard","meta":{"_monsterinsights_skip_tracking":false,"_monsterinsights_sitenote_active":false,"_monsterinsights_sitenote_note":"","_monsterinsights_sitenote_category":0,"ngg_post_thumbnail":0,"footnotes":""},"categories":[31],"tags":[],"class_list":{"0":"post-5075","1":"post","2":"type-post","3":"status-publish","4":"format-standard","5":"has-post-thumbnail","7":"category-aktuelles","8":"czr-hentry"},"yoast_head":"<!-- This site is optimized with the Yoast SEO plugin v27.3 - https:\/\/yoast.com\/product\/yoast-seo-wordpress\/ -->\n<title>2015 - In 80 Tagen um die Welt - Freilichtb\u00fchne Nettelstedt<\/title>\n<meta name=\"robots\" content=\"index, follow, max-snippet:-1, max-image-preview:large, max-video-preview:-1\" \/>\n<link rel=\"canonical\" href=\"https:\/\/www.freilichtbuehne-nettelstedt.de\/index.php\/in-80-tagen-um-die-welt-2015\/\" \/>\n<meta property=\"og:locale\" content=\"de_DE\" \/>\n<meta property=\"og:type\" content=\"article\" \/>\n<meta property=\"og:title\" content=\"2015 - In 80 Tagen um die Welt - Freilichtb\u00fchne Nettelstedt\" \/>\n<meta property=\"og:description\" content=\"Von Claus Martin nach einer Romanvorlage von Jule Verne. Bearbeitet f\u00fcr die Freilichtb\u00fchne Nettelstedt: Claus Martin Regie: Claus Martin &nbsp; Inhalt: In 80 Tagen um die Welt reisen? Unm\u00f6glich! Kein normaler Mensch w\u00fcrde darauf einen Pfifferling verwetten! Aber Phileas Fogg ist eben kein normaler Mensch. Der pedantische P\u00fcnktlichkeitsfanatiker nimmt die Herausforderung an und macht sich [&hellip;]\" \/>\n<meta property=\"og:url\" content=\"https:\/\/www.freilichtbuehne-nettelstedt.de\/index.php\/in-80-tagen-um-die-welt-2015\/\" \/>\n<meta property=\"og:site_name\" content=\"Freilichtb\u00fchne Nettelstedt\" \/>\n<meta property=\"article:publisher\" content=\"https:\/\/www.facebook.com\/freilichtbuehne.nettelstedt\/\" \/>\n<meta property=\"article:published_time\" content=\"2015-03-21T10:37:36+00:00\" \/>\n<meta property=\"article:modified_time\" content=\"2020-06-01T11:18:19+00:00\" \/>\n<meta property=\"og:image\" content=\"https:\/\/www.freilichtbuehne-nettelstedt.de\/wp-content\/uploads\/2015\/03\/Motiv_80-Tage-k.jpg\" \/>\n\t<meta property=\"og:image:width\" content=\"300\" \/>\n\t<meta property=\"og:image:height\" content=\"278\" \/>\n\t<meta property=\"og:image:type\" content=\"image\/jpeg\" \/>\n<meta name=\"author\" content=\"Manfred M\u00f6hlmann\" \/>\n<meta name=\"twitter:card\" content=\"summary_large_image\" \/>\n<meta name=\"twitter:label1\" content=\"Verfasst von\" \/>\n\t<meta name=\"twitter:data1\" content=\"Manfred M\u00f6hlmann\" \/>\n\t<meta name=\"twitter:label2\" content=\"Gesch\u00e4tzte Lesezeit\" \/>\n\t<meta name=\"twitter:data2\" content=\"3\u00a0Minuten\" \/>\n<script type=\"application\/ld+json\" class=\"yoast-schema-graph\">{\"@context\":\"https:\\\/\\\/schema.org\",\"@graph\":[{\"@type\":\"Article\",\"@id\":\"https:\\\/\\\/www.freilichtbuehne-nettelstedt.de\\\/index.php\\\/in-80-tagen-um-die-welt-2015\\\/#article\",\"isPartOf\":{\"@id\":\"https:\\\/\\\/www.freilichtbuehne-nettelstedt.de\\\/index.php\\\/in-80-tagen-um-die-welt-2015\\\/\"},\"author\":{\"name\":\"Manfred M\u00f6hlmann\",\"@id\":\"https:\\\/\\\/www.freilichtbuehne-nettelstedt.de\\\/#\\\/schema\\\/person\\\/4e91ec7580d6c9b5fb05a4d8959d7c1d\"},\"headline\":\"2015 &#8211; In 80 Tagen um die Welt\",\"datePublished\":\"2015-03-21T10:37:36+00:00\",\"dateModified\":\"2020-06-01T11:18:19+00:00\",\"mainEntityOfPage\":{\"@id\":\"https:\\\/\\\/www.freilichtbuehne-nettelstedt.de\\\/index.php\\\/in-80-tagen-um-die-welt-2015\\\/\"},\"wordCount\":644,\"publisher\":{\"@id\":\"https:\\\/\\\/www.freilichtbuehne-nettelstedt.de\\\/#organization\"},\"image\":{\"@id\":\"https:\\\/\\\/www.freilichtbuehne-nettelstedt.de\\\/index.php\\\/in-80-tagen-um-die-welt-2015\\\/#primaryimage\"},\"thumbnailUrl\":\"https:\\\/\\\/www.freilichtbuehne-nettelstedt.de\\\/wp-content\\\/uploads\\\/2015\\\/03\\\/Motiv_80-Tage-k.jpg\",\"articleSection\":[\"Aktuelles\"],\"inLanguage\":\"de\"},{\"@type\":\"WebPage\",\"@id\":\"https:\\\/\\\/www.freilichtbuehne-nettelstedt.de\\\/index.php\\\/in-80-tagen-um-die-welt-2015\\\/\",\"url\":\"https:\\\/\\\/www.freilichtbuehne-nettelstedt.de\\\/index.php\\\/in-80-tagen-um-die-welt-2015\\\/\",\"name\":\"2015 - In 80 Tagen um die Welt - Freilichtb\u00fchne Nettelstedt\",\"isPartOf\":{\"@id\":\"https:\\\/\\\/www.freilichtbuehne-nettelstedt.de\\\/#website\"},\"primaryImageOfPage\":{\"@id\":\"https:\\\/\\\/www.freilichtbuehne-nettelstedt.de\\\/index.php\\\/in-80-tagen-um-die-welt-2015\\\/#primaryimage\"},\"image\":{\"@id\":\"https:\\\/\\\/www.freilichtbuehne-nettelstedt.de\\\/index.php\\\/in-80-tagen-um-die-welt-2015\\\/#primaryimage\"},\"thumbnailUrl\":\"https:\\\/\\\/www.freilichtbuehne-nettelstedt.de\\\/wp-content\\\/uploads\\\/2015\\\/03\\\/Motiv_80-Tage-k.jpg\",\"datePublished\":\"2015-03-21T10:37:36+00:00\",\"dateModified\":\"2020-06-01T11:18:19+00:00\",\"breadcrumb\":{\"@id\":\"https:\\\/\\\/www.freilichtbuehne-nettelstedt.de\\\/index.php\\\/in-80-tagen-um-die-welt-2015\\\/#breadcrumb\"},\"inLanguage\":\"de\",\"potentialAction\":[{\"@type\":\"ReadAction\",\"target\":[\"https:\\\/\\\/www.freilichtbuehne-nettelstedt.de\\\/index.php\\\/in-80-tagen-um-die-welt-2015\\\/\"]}]},{\"@type\":\"ImageObject\",\"inLanguage\":\"de\",\"@id\":\"https:\\\/\\\/www.freilichtbuehne-nettelstedt.de\\\/index.php\\\/in-80-tagen-um-die-welt-2015\\\/#primaryimage\",\"url\":\"https:\\\/\\\/www.freilichtbuehne-nettelstedt.de\\\/wp-content\\\/uploads\\\/2015\\\/03\\\/Motiv_80-Tage-k.jpg\",\"contentUrl\":\"https:\\\/\\\/www.freilichtbuehne-nettelstedt.de\\\/wp-content\\\/uploads\\\/2015\\\/03\\\/Motiv_80-Tage-k.jpg\",\"width\":300,\"height\":278},{\"@type\":\"BreadcrumbList\",\"@id\":\"https:\\\/\\\/www.freilichtbuehne-nettelstedt.de\\\/index.php\\\/in-80-tagen-um-die-welt-2015\\\/#breadcrumb\",\"itemListElement\":[{\"@type\":\"ListItem\",\"position\":1,\"name\":\"Startseite\",\"item\":\"https:\\\/\\\/www.freilichtbuehne-nettelstedt.de\\\/\"},{\"@type\":\"ListItem\",\"position\":2,\"name\":\"2015 &#8211; In 80 Tagen um die Welt\"}]},{\"@type\":\"WebSite\",\"@id\":\"https:\\\/\\\/www.freilichtbuehne-nettelstedt.de\\\/#website\",\"url\":\"https:\\\/\\\/www.freilichtbuehne-nettelstedt.de\\\/\",\"name\":\"Freilichtb\u00fchne Nettelstedt\",\"description\":\"Theater, das einfach Spa\u00df macht\",\"publisher\":{\"@id\":\"https:\\\/\\\/www.freilichtbuehne-nettelstedt.de\\\/#organization\"},\"potentialAction\":[{\"@type\":\"SearchAction\",\"target\":{\"@type\":\"EntryPoint\",\"urlTemplate\":\"https:\\\/\\\/www.freilichtbuehne-nettelstedt.de\\\/?s={search_term_string}\"},\"query-input\":{\"@type\":\"PropertyValueSpecification\",\"valueRequired\":true,\"valueName\":\"search_term_string\"}}],\"inLanguage\":\"de\"},{\"@type\":\"Organization\",\"@id\":\"https:\\\/\\\/www.freilichtbuehne-nettelstedt.de\\\/#organization\",\"name\":\"Freilichtb\u00fchne Nettelstedt e.V\",\"url\":\"https:\\\/\\\/www.freilichtbuehne-nettelstedt.de\\\/\",\"logo\":{\"@type\":\"ImageObject\",\"inLanguage\":\"de\",\"@id\":\"https:\\\/\\\/www.freilichtbuehne-nettelstedt.de\\\/#\\\/schema\\\/logo\\\/image\\\/\",\"url\":\"https:\\\/\\\/www.freilichtbuehne-nettelstedt.de\\\/wp-content\\\/uploads\\\/2016\\\/02\\\/Logo_Final_2016_Transp_klein.png\",\"contentUrl\":\"https:\\\/\\\/www.freilichtbuehne-nettelstedt.de\\\/wp-content\\\/uploads\\\/2016\\\/02\\\/Logo_Final_2016_Transp_klein.png\",\"width\":250,\"height\":100,\"caption\":\"Freilichtb\u00fchne Nettelstedt e.V\"},\"image\":{\"@id\":\"https:\\\/\\\/www.freilichtbuehne-nettelstedt.de\\\/#\\\/schema\\\/logo\\\/image\\\/\"},\"sameAs\":[\"https:\\\/\\\/www.facebook.com\\\/freilichtbuehne.nettelstedt\\\/\",\"https:\\\/\\\/www.instagram.com\\\/freilichtbuehnenettelstedt\\\/\"]},{\"@type\":\"Person\",\"@id\":\"https:\\\/\\\/www.freilichtbuehne-nettelstedt.de\\\/#\\\/schema\\\/person\\\/4e91ec7580d6c9b5fb05a4d8959d7c1d\",\"name\":\"Manfred M\u00f6hlmann\",\"url\":\"https:\\\/\\\/www.freilichtbuehne-nettelstedt.de\\\/index.php\\\/author\\\/mammut\\\/\"}]}<\/script>\n<!-- \/ Yoast SEO plugin. -->","yoast_head_json":{"title":"2015 - In 80 Tagen um die Welt - Freilichtb\u00fchne Nettelstedt","robots":{"index":"index","follow":"follow","max-snippet":"max-snippet:-1","max-image-preview":"max-image-preview:large","max-video-preview":"max-video-preview:-1"},"canonical":"https:\/\/www.freilichtbuehne-nettelstedt.de\/index.php\/in-80-tagen-um-die-welt-2015\/","og_locale":"de_DE","og_type":"article","og_title":"2015 - In 80 Tagen um die Welt - Freilichtb\u00fchne Nettelstedt","og_description":"Von Claus Martin nach einer Romanvorlage von Jule Verne. Bearbeitet f\u00fcr die Freilichtb\u00fchne Nettelstedt: Claus Martin Regie: Claus Martin &nbsp; Inhalt: In 80 Tagen um die Welt reisen? Unm\u00f6glich! Kein normaler Mensch w\u00fcrde darauf einen Pfifferling verwetten! Aber Phileas Fogg ist eben kein normaler Mensch. Der pedantische P\u00fcnktlichkeitsfanatiker nimmt die Herausforderung an und macht sich [&hellip;]","og_url":"https:\/\/www.freilichtbuehne-nettelstedt.de\/index.php\/in-80-tagen-um-die-welt-2015\/","og_site_name":"Freilichtb\u00fchne Nettelstedt","article_publisher":"https:\/\/www.facebook.com\/freilichtbuehne.nettelstedt\/","article_published_time":"2015-03-21T10:37:36+00:00","article_modified_time":"2020-06-01T11:18:19+00:00","og_image":[{"width":300,"height":278,"url":"https:\/\/www.freilichtbuehne-nettelstedt.de\/wp-content\/uploads\/2015\/03\/Motiv_80-Tage-k.jpg","type":"image\/jpeg"}],"author":"Manfred M\u00f6hlmann","twitter_card":"summary_large_image","twitter_misc":{"Verfasst von":"Manfred M\u00f6hlmann","Gesch\u00e4tzte Lesezeit":"3\u00a0Minuten"},"schema":{"@context":"https:\/\/schema.org","@graph":[{"@type":"Article","@id":"https:\/\/www.freilichtbuehne-nettelstedt.de\/index.php\/in-80-tagen-um-die-welt-2015\/#article","isPartOf":{"@id":"https:\/\/www.freilichtbuehne-nettelstedt.de\/index.php\/in-80-tagen-um-die-welt-2015\/"},"author":{"name":"Manfred M\u00f6hlmann","@id":"https:\/\/www.freilichtbuehne-nettelstedt.de\/#\/schema\/person\/4e91ec7580d6c9b5fb05a4d8959d7c1d"},"headline":"2015 &#8211; In 80 Tagen um die Welt","datePublished":"2015-03-21T10:37:36+00:00","dateModified":"2020-06-01T11:18:19+00:00","mainEntityOfPage":{"@id":"https:\/\/www.freilichtbuehne-nettelstedt.de\/index.php\/in-80-tagen-um-die-welt-2015\/"},"wordCount":644,"publisher":{"@id":"https:\/\/www.freilichtbuehne-nettelstedt.de\/#organization"},"image":{"@id":"https:\/\/www.freilichtbuehne-nettelstedt.de\/index.php\/in-80-tagen-um-die-welt-2015\/#primaryimage"},"thumbnailUrl":"https:\/\/www.freilichtbuehne-nettelstedt.de\/wp-content\/uploads\/2015\/03\/Motiv_80-Tage-k.jpg","articleSection":["Aktuelles"],"inLanguage":"de"},{"@type":"WebPage","@id":"https:\/\/www.freilichtbuehne-nettelstedt.de\/index.php\/in-80-tagen-um-die-welt-2015\/","url":"https:\/\/www.freilichtbuehne-nettelstedt.de\/index.php\/in-80-tagen-um-die-welt-2015\/","name":"2015 - In 80 Tagen um die Welt - Freilichtb\u00fchne Nettelstedt","isPartOf":{"@id":"https:\/\/www.freilichtbuehne-nettelstedt.de\/#website"},"primaryImageOfPage":{"@id":"https:\/\/www.freilichtbuehne-nettelstedt.de\/index.php\/in-80-tagen-um-die-welt-2015\/#primaryimage"},"image":{"@id":"https:\/\/www.freilichtbuehne-nettelstedt.de\/index.php\/in-80-tagen-um-die-welt-2015\/#primaryimage"},"thumbnailUrl":"https:\/\/www.freilichtbuehne-nettelstedt.de\/wp-content\/uploads\/2015\/03\/Motiv_80-Tage-k.jpg","datePublished":"2015-03-21T10:37:36+00:00","dateModified":"2020-06-01T11:18:19+00:00","breadcrumb":{"@id":"https:\/\/www.freilichtbuehne-nettelstedt.de\/index.php\/in-80-tagen-um-die-welt-2015\/#breadcrumb"},"inLanguage":"de","potentialAction":[{"@type":"ReadAction","target":["https:\/\/www.freilichtbuehne-nettelstedt.de\/index.php\/in-80-tagen-um-die-welt-2015\/"]}]},{"@type":"ImageObject","inLanguage":"de","@id":"https:\/\/www.freilichtbuehne-nettelstedt.de\/index.php\/in-80-tagen-um-die-welt-2015\/#primaryimage","url":"https:\/\/www.freilichtbuehne-nettelstedt.de\/wp-content\/uploads\/2015\/03\/Motiv_80-Tage-k.jpg","contentUrl":"https:\/\/www.freilichtbuehne-nettelstedt.de\/wp-content\/uploads\/2015\/03\/Motiv_80-Tage-k.jpg","width":300,"height":278},{"@type":"BreadcrumbList","@id":"https:\/\/www.freilichtbuehne-nettelstedt.de\/index.php\/in-80-tagen-um-die-welt-2015\/#breadcrumb","itemListElement":[{"@type":"ListItem","position":1,"name":"Startseite","item":"https:\/\/www.freilichtbuehne-nettelstedt.de\/"},{"@type":"ListItem","position":2,"name":"2015 &#8211; In 80 Tagen um die Welt"}]},{"@type":"WebSite","@id":"https:\/\/www.freilichtbuehne-nettelstedt.de\/#website","url":"https:\/\/www.freilichtbuehne-nettelstedt.de\/","name":"Freilichtb\u00fchne Nettelstedt","description":"Theater, das einfach Spa\u00df macht","publisher":{"@id":"https:\/\/www.freilichtbuehne-nettelstedt.de\/#organization"},"potentialAction":[{"@type":"SearchAction","target":{"@type":"EntryPoint","urlTemplate":"https:\/\/www.freilichtbuehne-nettelstedt.de\/?s={search_term_string}"},"query-input":{"@type":"PropertyValueSpecification","valueRequired":true,"valueName":"search_term_string"}}],"inLanguage":"de"},{"@type":"Organization","@id":"https:\/\/www.freilichtbuehne-nettelstedt.de\/#organization","name":"Freilichtb\u00fchne Nettelstedt e.V","url":"https:\/\/www.freilichtbuehne-nettelstedt.de\/","logo":{"@type":"ImageObject","inLanguage":"de","@id":"https:\/\/www.freilichtbuehne-nettelstedt.de\/#\/schema\/logo\/image\/","url":"https:\/\/www.freilichtbuehne-nettelstedt.de\/wp-content\/uploads\/2016\/02\/Logo_Final_2016_Transp_klein.png","contentUrl":"https:\/\/www.freilichtbuehne-nettelstedt.de\/wp-content\/uploads\/2016\/02\/Logo_Final_2016_Transp_klein.png","width":250,"height":100,"caption":"Freilichtb\u00fchne Nettelstedt e.V"},"image":{"@id":"https:\/\/www.freilichtbuehne-nettelstedt.de\/#\/schema\/logo\/image\/"},"sameAs":["https:\/\/www.facebook.com\/freilichtbuehne.nettelstedt\/","https:\/\/www.instagram.com\/freilichtbuehnenettelstedt\/"]},{"@type":"Person","@id":"https:\/\/www.freilichtbuehne-nettelstedt.de\/#\/schema\/person\/4e91ec7580d6c9b5fb05a4d8959d7c1d","name":"Manfred M\u00f6hlmann","url":"https:\/\/www.freilichtbuehne-nettelstedt.de\/index.php\/author\/mammut\/"}]}},"_links":{"self":[{"href":"https:\/\/www.freilichtbuehne-nettelstedt.de\/index.php\/wp-json\/wp\/v2\/posts\/5075","targetHints":{"allow":["GET"]}}],"collection":[{"href":"https:\/\/www.freilichtbuehne-nettelstedt.de\/index.php\/wp-json\/wp\/v2\/posts"}],"about":[{"href":"https:\/\/www.freilichtbuehne-nettelstedt.de\/index.php\/wp-json\/wp\/v2\/types\/post"}],"author":[{"embeddable":true,"href":"https:\/\/www.freilichtbuehne-nettelstedt.de\/index.php\/wp-json\/wp\/v2\/users\/2"}],"replies":[{"embeddable":true,"href":"https:\/\/www.freilichtbuehne-nettelstedt.de\/index.php\/wp-json\/wp\/v2\/comments?post=5075"}],"version-history":[{"count":4,"href":"https:\/\/www.freilichtbuehne-nettelstedt.de\/index.php\/wp-json\/wp\/v2\/posts\/5075\/revisions"}],"predecessor-version":[{"id":9940,"href":"https:\/\/www.freilichtbuehne-nettelstedt.de\/index.php\/wp-json\/wp\/v2\/posts\/5075\/revisions\/9940"}],"wp:featuredmedia":[{"embeddable":true,"href":"https:\/\/www.freilichtbuehne-nettelstedt.de\/index.php\/wp-json\/wp\/v2\/media\/5102"}],"wp:attachment":[{"href":"https:\/\/www.freilichtbuehne-nettelstedt.de\/index.php\/wp-json\/wp\/v2\/media?parent=5075"}],"wp:term":[{"taxonomy":"category","embeddable":true,"href":"https:\/\/www.freilichtbuehne-nettelstedt.de\/index.php\/wp-json\/wp\/v2\/categories?post=5075"},{"taxonomy":"post_tag","embeddable":true,"href":"https:\/\/www.freilichtbuehne-nettelstedt.de\/index.php\/wp-json\/wp\/v2\/tags?post=5075"}],"curies":[{"name":"wp","href":"https:\/\/api.w.org\/{rel}","templated":true}]}}