{"id":5070,"date":"2015-03-08T11:33:04","date_gmt":"2015-03-08T10:33:04","guid":{"rendered":"http:\/\/www.freilichtbuehne-nettelstedt.de?page_id=5070"},"modified":"2020-06-01T13:18:38","modified_gmt":"2020-06-01T11:18:38","slug":"michel-in-der-suppenschuessel-2015","status":"publish","type":"post","link":"https:\/\/www.freilichtbuehne-nettelstedt.de\/index.php\/michel-in-der-suppenschuessel-2015\/","title":{"rendered":"2015 &#8211; Michel in der Suppensch\u00fcssel"},"content":{"rendered":"<table style=\"width: 700px; height: 302px;\">\n<tbody>\n<tr>\n<td style=\"width: 310px;\"><a href=\"https:\/\/www.freilichtbuehne-nettelstedt.de\/wp-content\/uploads\/2015\/03\/Motiv_Michel-k.jpg\"><img fetchpriority=\"high\" decoding=\"async\" class=\"alignleft wp-image-5100 size-medium\" alt=\"Motiv_Michel-k\" src=\"https:\/\/www.freilichtbuehne-nettelstedt.de\/wp-content\/uploads\/2015\/03\/Motiv_Michel-k-300x277.jpg\" width=\"300\" height=\"277\"><\/a><\/td>\n<td style=\"width: 290px; vertical-align: middle;\">Von Astrid Lindgren<\/p>\n<p>Regie: Claus Martin<\/td>\n<\/tr>\n<\/tbody>\n<\/table>\n<h2>Inhalt:<\/h2>\n<p>Michel ist ein schlauer Junge, der mit seiner Familie, Knecht Alfred und Magd Lina in einem kleinen Dorf<br \/>\nauf einem Bauernhof lebt.<\/p>\n<p>Streiche denkt sich Michel eigentlich nie aus, im Gegenteil\u2026er hat immer ganz fabelhafte Ideen! Blo\u00df<br \/>\ndenkt er nicht lange nach, bevor er die Ideen umsetzt und schwupps \u2013 schon ist ein Ungl\u00fcck geschehen!<\/p>\n<p>Dabei meint Michel es niemals b\u00f6se, er ist einfach ein neugieriger und aufgeweckter Junge. Wie zieht<br \/>\nman am besten einen Zahn? Oder sind wasserfeste Stiefel auch wirklich wasserdicht?<\/p>\n<p>Seien Sie dabei, wenn Michel versucht, eine Antwort auf all diese Fragen zu finden\u2026 ein Spa\u00df f\u00fcr die<br \/>\nganze Familie!<\/p>\n<h2>Auff\u00fchrungsort:<\/h2>\n<p>Freilichtb\u00fchne Nettelstedt<\/p>\n<h2>Spielzeit:<\/h2>\n<p>Jeden Sonntag vom 24. Mai 2015 bis zum 30. August 2015, jeweils um 16:00 Uhr<\/p>\n<h2>Sondervorstellungen f\u00fcr Schulen und Kinderg\u00e4rten:<\/h2>\n<p>Unsere 4&nbsp;Vormittagsvorstellungen f\u00fcr Schulen und Kinderg\u00e4rten sind bereits ausverkauft. Interessierte&nbsp;Gruppen k\u00f6nnen aber auch f\u00fcr die&nbsp;Sonntagsvorstellungen zu gleichen Konditionen Kontingente buchen. Bei Bedarf wenden Sie sich bitte direkt an die Email&nbsp;<strong>kasse@flbn.de.<\/strong><\/p>\n<p>&nbsp;<\/p>\n<h2>Besetzungsliste<\/h2>\n<table style=\"width: 700px;\" border=\"0\">\n<tbody>\n<tr>\n<td style=\"width: 150px;\"><strong>Figur<\/strong><\/td>\n<td style=\"width: 275px;\"><strong>Schauspieler<\/strong><\/td>\n<td style=\"width: 275px;\"><strong>Schauspieler<\/strong><\/td>\n<\/tr>\n<tr>\n<td style=\"width: 200px;\">Michel<\/td>\n<td style=\"width: 250px;\">&nbsp;Aaron Kracht<\/td>\n<td style=\"width: 250px;\">Bj\u00f6rn Schier<\/td>\n<\/tr>\n<tr>\n<td>Anton, Michels Vater<\/td>\n<td>&nbsp;Jens Hildebrandt<\/td>\n<td>Uli Wellpott<\/td>\n<\/tr>\n<tr>\n<td>Alma, Michels Mutter<\/td>\n<td>&nbsp;Charlotte Seger<\/td>\n<td>Maren Wulff<\/td>\n<\/tr>\n<tr>\n<td>Ida<\/td>\n<td>&nbsp;Gwynne Tame<\/td>\n<td>Emma Schlotzhauer<\/td>\n<\/tr>\n<tr>\n<td>Lina<\/td>\n<td>&nbsp;Anna-Lena Peper<\/td>\n<td>Sina Sch\u00fctte<\/td>\n<\/tr>\n<tr>\n<td>Alfred<\/td>\n<td>&nbsp;Matti Kracht<\/td>\n<td>Jan Helwig<\/td>\n<\/tr>\n<tr>\n<td style=\"width: 300px;\">Arzt<\/td>\n<td>&nbsp;Wolfgang Hovemeyer<\/td>\n<td>Stephan Lorenzen<\/td>\n<\/tr>\n<tr>\n<td>Arzthelferin<\/td>\n<td>&nbsp;Merle Kracht<\/td>\n<td>Saskia vom Stein<\/td>\n<\/tr>\n<tr>\n<td>Mutter mit Kind<\/td>\n<td>&nbsp;Mareen Kracht mit Henri<\/td>\n<td>Sylvia Siebarth mit Lukas<\/td>\n<\/tr>\n<tr>\n<td>Polizist<\/td>\n<td>&nbsp;Moira Metje<\/td>\n<td>Manfred M\u00f6hlmann<\/td>\n<\/tr>\n<tr>\n<td>Rabe<\/td>\n<td>&nbsp;Siegfried Bollhorst<\/td>\n<td>Carlotta Sch\u00fctte<\/td>\n<\/tr>\n<tr>\n<td>Kr\u00f6sa Maja<\/td>\n<td>&nbsp;Monika M\u00f6hlmann<\/td>\n<td>Andrea Nagel<\/td>\n<\/tr>\n<tr>\n<td>Bulte<\/td>\n<td>&nbsp;Arne Bringewatt<\/td>\n<td>Niklas \u00d6wermann<\/td>\n<\/tr>\n<tr>\n<td>Chorleiterin<\/td>\n<td>&nbsp;Janina Schmale<\/td>\n<td>Birgit Metje<\/td>\n<\/tr>\n<tr>\n<td>Assistentin<\/td>\n<td>&nbsp;Emily Fr\u00fcnd<\/td>\n<td>Alina B\u00f6cher<\/td>\n<\/tr>\n<tr>\n<td>&nbsp;<\/td>\n<td style=\"width: 200px;\">&nbsp;<\/td>\n<td>&nbsp;<\/td>\n<\/tr>\n<tr>\n<td>Chor\/Volk<\/td>\n<td>&nbsp;Luise Grau<\/td>\n<td>Paula Grau<\/td>\n<\/tr>\n<tr>\n<td>&nbsp;<\/td>\n<td>&nbsp;Sophie Grau<\/td>\n<td>Emma Naue<\/td>\n<\/tr>\n<tr>\n<td>&nbsp;<\/td>\n<td>&nbsp;Greta Naue<\/td>\n<td>Mia Engelage<\/td>\n<\/tr>\n<tr>\n<td>&nbsp;<\/td>\n<td>&nbsp;Justus Schrewe<\/td>\n<td>Klaas Engelage<\/td>\n<\/tr>\n<tr>\n<td>&nbsp;<\/td>\n<td>&nbsp;Aenne-Lin Seger<\/td>\n<td>Jantje Siebarth<\/td>\n<\/tr>\n<tr>\n<td>&nbsp;<\/td>\n<td>&nbsp;Zo\u00e8 Heitland<\/td>\n<td>Finja L\u00fcbbert<\/td>\n<\/tr>\n<tr>\n<td>&nbsp;<\/td>\n<td>&nbsp;Lotta Grote<\/td>\n<td>Leonie Grote<\/td>\n<\/tr>\n<tr>\n<td>&nbsp;<\/td>\n<td>&nbsp;Lisa Hillerkus<\/td>\n<td>Laura Hillerkus<\/td>\n<\/tr>\n<tr>\n<td>&nbsp;<\/td>\n<td>&nbsp;Sophie Hillerkus<\/td>\n<td>Celina Stork<\/td>\n<\/tr>\n<tr>\n<td>&nbsp;<\/td>\n<td>&nbsp;Carlotta Stork<\/td>\n<td>Timo Hannemann<\/td>\n<\/tr>\n<tr>\n<td>&nbsp;<\/td>\n<td>&nbsp;Louisa Hempel<\/td>\n<td>Angelique Robertus<\/td>\n<\/tr>\n<tr>\n<td>&nbsp;<\/td>\n<td>&nbsp;Jaqueline Robertus<\/td>\n<td>Ole Fr\u00fcnd<\/td>\n<\/tr>\n<tr>\n<td>&nbsp;<\/td>\n<td>&nbsp;Lina Hannemann<\/td>\n<td>Emily M\u00f6hr<\/td>\n<\/tr>\n<tr>\n<td>&nbsp;<\/td>\n<td>&nbsp;Pia Finke<\/td>\n<td>Vincent Niemeyer<\/td>\n<\/tr>\n<tr>\n<td>&nbsp;<\/td>\n<td>&nbsp;Laetitia Luft<\/td>\n<td>Lena Rabe<\/td>\n<\/tr>\n<tr>\n<td>&nbsp;<\/td>\n<td>&nbsp;Frederik Wulff<\/td>\n<td>Anna-Jutta Michelsohn<\/td>\n<\/tr>\n<tr>\n<td>&nbsp;<\/td>\n<td>&nbsp;Lea B\u00f6cher<\/td>\n<td>Alina Zelle<\/td>\n<\/tr>\n<tr>\n<td>&nbsp;<\/td>\n<td>&nbsp;Hanne Arning<\/td>\n<td>Chiara Swierczewsky<\/td>\n<\/tr>\n<tr>\n<td>&nbsp;<\/td>\n<td>&nbsp;Finja Kr\u00f6ger<\/td>\n<td>Moira Metje<\/td>\n<\/tr>\n<tr>\n<td>&nbsp;<\/td>\n<td>&nbsp;<\/td>\n<td>&nbsp;<\/td>\n<\/tr>\n<tr>\n<td>Ausrufer<\/td>\n<td>&nbsp;Fiona Metje<\/td>\n<td>Saskia vom Stein<\/td>\n<\/tr>\n<tr>\n<td>Zampano<\/td>\n<td>&nbsp;Stephan Lorenzen<\/td>\n<td>Jens Metje<\/td>\n<\/tr>\n<tr>\n<td>&nbsp;<\/td>\n<td>&nbsp;<\/td>\n<td>&nbsp;<\/td>\n<\/tr>\n<tr>\n<td>Pausenschilder<\/td>\n<td>&nbsp;Joyce Tame<\/td>\n<td>Paula Wulff<\/td>\n<\/tr>\n<tr>\n<td>&nbsp;<\/td>\n<td>&nbsp;Niklas Wulff<\/td>\n<td>Lukas Siebarth<\/td>\n<\/tr>\n<tr>\n<td>&nbsp;<\/td>\n<td>&nbsp;Henri Kracht<\/td>\n<td>Lenny Seger<\/td>\n<\/tr>\n<tr>\n<td>&nbsp;<\/td>\n<td>&nbsp;<\/td>\n<td>&nbsp;<\/td>\n<\/tr>\n<tr>\n<td>Marktfrauen<\/td>\n<td>&nbsp;Marie Fr\u00fcnd<\/td>\n<td>Agnes Levien<\/td>\n<\/tr>\n<tr>\n<td>&nbsp;<\/td>\n<td>&nbsp;Steffi Hempel<\/td>\n<td>Irmgard Kracht<\/td>\n<\/tr>\n<tr>\n<td>&nbsp;<\/td>\n<td>&nbsp;Katja Engelage<\/td>\n<td>Annika Vorrath<\/td>\n<\/tr>\n<tr>\n<td>&nbsp;<\/td>\n<td>&nbsp;<\/td>\n<td>&nbsp;<\/td>\n<\/tr>\n<tr>\n<td>Spielleitung<\/td>\n<td colspan=\"2\">&nbsp;Maike Zelle und Team<\/td>\n<\/tr>\n<tr>\n<td>Souffleure<\/td>\n<td>&nbsp;Svenja Schrewe und Team<\/td>\n<td>&nbsp;<\/td>\n<\/tr>\n<tr>\n<td>&nbsp;<\/td>\n<td>&nbsp;<\/td>\n<td>&nbsp;<\/td>\n<\/tr>\n<tr>\n<td>&nbsp;<\/td>\n<td>&nbsp;<\/td>\n<td>&nbsp;<\/td>\n<\/tr>\n<tr>\n<td valign=\"top\">B\u00fchnenbau<\/td>\n<td colspan=\"2\">&nbsp;Rainer Bachmann und Team<\/td>\n<\/tr>\n<tr>\n<td>Kost\u00fcme \/ Maske<\/td>\n<td colspan=\"2\">&nbsp;Ramona Sch\u00fctte und Team<\/td>\n<\/tr>\n<tr>\n<td>Technik<\/td>\n<td colspan=\"2\">&nbsp;Andreas Zelle und Team<\/td>\n<\/tr>\n<tr>\n<td>Regie<\/td>\n<td>&nbsp;Claus Martin<\/td>\n<td>&nbsp;<\/td>\n<\/tr>\n<\/tbody>\n<\/table>\n<h2>&nbsp;<\/h2>\n<h2>Presseartikel<\/h2>\n<p>Das schrieb die Presse \u00fcber diese Auff\u00fchrung.<\/p>\n<table style=\"width: 700px;\" border=\"0\">\n<tbody>\n<tr>\n<td style=\"width: 200px;\"><strong>Zeitung<\/strong><\/td>\n<td style=\"width: 400px;\"><strong>Schlagzeile<\/strong><\/td>\n<td style=\"width: 100px;\" align=\"left\"><strong>Ausgabe vom<\/strong><\/td>\n<\/tr>\n<tr>\n<td><a href=\"http:\/\/www.nw-news.de\" target=\"_blank\" rel=\"noopener noreferrer\">Neue Westf\u00e4lische<\/a><\/td>\n<td>&nbsp;<strong><a href=\"http:\/\/www.nw.de\/lokal\/kreis_minden_luebbecke\/luebbecke\/luebbecke\/20468668_Gelungene-Premiere-auf-Freilichtbuehne-Nettelstedt.html\" target=\"_blank\" rel=\"noopener noreferrer\">Gelungene Premiere auf Freilichtb\u00fchne<\/a><\/strong><\/td>\n<td>&nbsp;27.05.2015<\/td>\n<\/tr>\n<tr>\n<td><a href=\"http:\/\/www.westfalen-blatt.de\" target=\"_blank\" rel=\"noopener noreferrer\">L\u00fcbbecker Kreiszeitung<\/a><\/td>\n<td>&nbsp;<a href=\"https:\/\/www.freilichtbuehne-nettelstedt.de\/wp-content\/uploads\/2015\/03\/LK-Liebenswertes-aus-Loenneberga.pdf\" target=\"_blank\" rel=\"noopener noreferrer\"><strong>Liebenswertes aus L\u00f6nneberga<\/strong><\/a><\/td>\n<td>&nbsp;26.05.2015<\/td>\n<\/tr>\n<tr>\n<td><a href=\"http:\/\/www.nw-news.de\" target=\"_blank\" rel=\"noopener noreferrer\">Neue Westf\u00e4lische<\/a><\/td>\n<td>&nbsp;<strong><a href=\"http:\/\/www.nw.de\/lokal\/kreis_minden_luebbecke\/luebbecke\/luebbecke\/20465703_Pfingstsonntag-hat-Michel-in-der-Suppenschuessel-auf-der-Freilichtbuehne-Nettelstedt-Premiere.html\" target=\"_blank\" rel=\"noopener noreferrer\">Freilichtb\u00fchne: Michel in der Suppensch\u00fcssel feiert am Sonntag Premiere<\/a><\/strong><\/td>\n<td>&nbsp;21.05.2015<\/td>\n<\/tr>\n<tr>\n<td><a href=\"http:\/\/www.westfalen-blatt.de\" target=\"_blank\" rel=\"noopener noreferrer\">L\u00fcbbecker Kreiszeitung<\/a><\/td>\n<td>&nbsp;<strong><a href=\"https:\/\/www.freilichtbuehne-nettelstedt.de\/wp-content\/uploads\/2015\/03\/LK-Der-Lausebengel.pdf\" target=\"_blank\" rel=\"noopener noreferrer\">Der Lausebengel<\/a><\/strong><\/td>\n<td>&nbsp;22.05.2015<\/td>\n<\/tr>\n<tr>\n<td>&nbsp;<\/td>\n<td>&nbsp;<\/td>\n<td>&nbsp;<\/td>\n<\/tr>\n<\/tbody>\n<\/table>\n<h2>&nbsp;<\/h2>\n<h2>Bildergalerie<\/h2>\n<p><p>Invalid Displayed Gallery<\/p><\/p>\n","protected":false},"excerpt":{"rendered":"<p>Von Astrid Lindgren Regie: Claus Martin Inhalt: Michel ist ein schlauer Junge, der mit seiner Familie, Knecht Alfred und Magd Lina in einem kleinen Dorf auf einem Bauernhof lebt. Streiche denkt sich Michel eigentlich nie aus, im Gegenteil\u2026er hat immer ganz fabelhafte Ideen! Blo\u00df denkt er nicht lange nach, bevor er die Ideen umsetzt und [&hellip;]<\/p>\n","protected":false},"author":2,"featured_media":5100,"comment_status":"closed","ping_status":"closed","sticky":false,"template":"","format":"standard","meta":{"_monsterinsights_skip_tracking":false,"_monsterinsights_sitenote_active":false,"_monsterinsights_sitenote_note":"","_monsterinsights_sitenote_category":0,"ngg_post_thumbnail":0,"footnotes":""},"categories":[31],"tags":[],"class_list":{"0":"post-5070","1":"post","2":"type-post","3":"status-publish","4":"format-standard","5":"has-post-thumbnail","7":"category-aktuelles","8":"czr-hentry"},"yoast_head":"<!-- This site is optimized with the Yoast SEO plugin v27.3 - https:\/\/yoast.com\/product\/yoast-seo-wordpress\/ -->\n<title>2015 - Michel in der Suppensch\u00fcssel - Freilichtb\u00fchne Nettelstedt<\/title>\n<meta name=\"robots\" content=\"index, follow, max-snippet:-1, max-image-preview:large, max-video-preview:-1\" \/>\n<link rel=\"canonical\" href=\"https:\/\/www.freilichtbuehne-nettelstedt.de\/index.php\/michel-in-der-suppenschuessel-2015\/\" \/>\n<meta property=\"og:locale\" content=\"de_DE\" \/>\n<meta property=\"og:type\" content=\"article\" \/>\n<meta property=\"og:title\" content=\"2015 - Michel in der Suppensch\u00fcssel - Freilichtb\u00fchne Nettelstedt\" \/>\n<meta property=\"og:description\" content=\"Von Astrid Lindgren Regie: Claus Martin Inhalt: Michel ist ein schlauer Junge, der mit seiner Familie, Knecht Alfred und Magd Lina in einem kleinen Dorf auf einem Bauernhof lebt. Streiche denkt sich Michel eigentlich nie aus, im Gegenteil\u2026er hat immer ganz fabelhafte Ideen! Blo\u00df denkt er nicht lange nach, bevor er die Ideen umsetzt und [&hellip;]\" \/>\n<meta property=\"og:url\" content=\"https:\/\/www.freilichtbuehne-nettelstedt.de\/index.php\/michel-in-der-suppenschuessel-2015\/\" \/>\n<meta property=\"og:site_name\" content=\"Freilichtb\u00fchne Nettelstedt\" \/>\n<meta property=\"article:publisher\" content=\"https:\/\/www.facebook.com\/freilichtbuehne.nettelstedt\/\" \/>\n<meta property=\"article:published_time\" content=\"2015-03-08T10:33:04+00:00\" \/>\n<meta property=\"article:modified_time\" content=\"2020-06-01T11:18:38+00:00\" \/>\n<meta property=\"og:image\" content=\"https:\/\/www.freilichtbuehne-nettelstedt.de\/wp-content\/uploads\/2015\/03\/Motiv_Michel-k.jpg\" \/>\n\t<meta property=\"og:image:width\" content=\"300\" \/>\n\t<meta property=\"og:image:height\" content=\"277\" \/>\n\t<meta property=\"og:image:type\" content=\"image\/jpeg\" \/>\n<meta name=\"author\" content=\"Manfred M\u00f6hlmann\" \/>\n<meta name=\"twitter:card\" content=\"summary_large_image\" \/>\n<meta name=\"twitter:label1\" content=\"Verfasst von\" \/>\n\t<meta name=\"twitter:data1\" content=\"Manfred M\u00f6hlmann\" \/>\n\t<meta name=\"twitter:label2\" content=\"Gesch\u00e4tzte Lesezeit\" \/>\n\t<meta name=\"twitter:data2\" content=\"3\u00a0Minuten\" \/>\n<script type=\"application\/ld+json\" class=\"yoast-schema-graph\">{\"@context\":\"https:\\\/\\\/schema.org\",\"@graph\":[{\"@type\":\"Article\",\"@id\":\"https:\\\/\\\/www.freilichtbuehne-nettelstedt.de\\\/index.php\\\/michel-in-der-suppenschuessel-2015\\\/#article\",\"isPartOf\":{\"@id\":\"https:\\\/\\\/www.freilichtbuehne-nettelstedt.de\\\/index.php\\\/michel-in-der-suppenschuessel-2015\\\/\"},\"author\":{\"name\":\"Manfred M\u00f6hlmann\",\"@id\":\"https:\\\/\\\/www.freilichtbuehne-nettelstedt.de\\\/#\\\/schema\\\/person\\\/4e91ec7580d6c9b5fb05a4d8959d7c1d\"},\"headline\":\"2015 &#8211; Michel in der Suppensch\u00fcssel\",\"datePublished\":\"2015-03-08T10:33:04+00:00\",\"dateModified\":\"2020-06-01T11:18:38+00:00\",\"mainEntityOfPage\":{\"@id\":\"https:\\\/\\\/www.freilichtbuehne-nettelstedt.de\\\/index.php\\\/michel-in-der-suppenschuessel-2015\\\/\"},\"wordCount\":592,\"publisher\":{\"@id\":\"https:\\\/\\\/www.freilichtbuehne-nettelstedt.de\\\/#organization\"},\"image\":{\"@id\":\"https:\\\/\\\/www.freilichtbuehne-nettelstedt.de\\\/index.php\\\/michel-in-der-suppenschuessel-2015\\\/#primaryimage\"},\"thumbnailUrl\":\"https:\\\/\\\/www.freilichtbuehne-nettelstedt.de\\\/wp-content\\\/uploads\\\/2015\\\/03\\\/Motiv_Michel-k.jpg\",\"articleSection\":[\"Aktuelles\"],\"inLanguage\":\"de\"},{\"@type\":\"WebPage\",\"@id\":\"https:\\\/\\\/www.freilichtbuehne-nettelstedt.de\\\/index.php\\\/michel-in-der-suppenschuessel-2015\\\/\",\"url\":\"https:\\\/\\\/www.freilichtbuehne-nettelstedt.de\\\/index.php\\\/michel-in-der-suppenschuessel-2015\\\/\",\"name\":\"2015 - Michel in der Suppensch\u00fcssel - Freilichtb\u00fchne Nettelstedt\",\"isPartOf\":{\"@id\":\"https:\\\/\\\/www.freilichtbuehne-nettelstedt.de\\\/#website\"},\"primaryImageOfPage\":{\"@id\":\"https:\\\/\\\/www.freilichtbuehne-nettelstedt.de\\\/index.php\\\/michel-in-der-suppenschuessel-2015\\\/#primaryimage\"},\"image\":{\"@id\":\"https:\\\/\\\/www.freilichtbuehne-nettelstedt.de\\\/index.php\\\/michel-in-der-suppenschuessel-2015\\\/#primaryimage\"},\"thumbnailUrl\":\"https:\\\/\\\/www.freilichtbuehne-nettelstedt.de\\\/wp-content\\\/uploads\\\/2015\\\/03\\\/Motiv_Michel-k.jpg\",\"datePublished\":\"2015-03-08T10:33:04+00:00\",\"dateModified\":\"2020-06-01T11:18:38+00:00\",\"breadcrumb\":{\"@id\":\"https:\\\/\\\/www.freilichtbuehne-nettelstedt.de\\\/index.php\\\/michel-in-der-suppenschuessel-2015\\\/#breadcrumb\"},\"inLanguage\":\"de\",\"potentialAction\":[{\"@type\":\"ReadAction\",\"target\":[\"https:\\\/\\\/www.freilichtbuehne-nettelstedt.de\\\/index.php\\\/michel-in-der-suppenschuessel-2015\\\/\"]}]},{\"@type\":\"ImageObject\",\"inLanguage\":\"de\",\"@id\":\"https:\\\/\\\/www.freilichtbuehne-nettelstedt.de\\\/index.php\\\/michel-in-der-suppenschuessel-2015\\\/#primaryimage\",\"url\":\"https:\\\/\\\/www.freilichtbuehne-nettelstedt.de\\\/wp-content\\\/uploads\\\/2015\\\/03\\\/Motiv_Michel-k.jpg\",\"contentUrl\":\"https:\\\/\\\/www.freilichtbuehne-nettelstedt.de\\\/wp-content\\\/uploads\\\/2015\\\/03\\\/Motiv_Michel-k.jpg\",\"width\":300,\"height\":277},{\"@type\":\"BreadcrumbList\",\"@id\":\"https:\\\/\\\/www.freilichtbuehne-nettelstedt.de\\\/index.php\\\/michel-in-der-suppenschuessel-2015\\\/#breadcrumb\",\"itemListElement\":[{\"@type\":\"ListItem\",\"position\":1,\"name\":\"Startseite\",\"item\":\"https:\\\/\\\/www.freilichtbuehne-nettelstedt.de\\\/\"},{\"@type\":\"ListItem\",\"position\":2,\"name\":\"2015 &#8211; Michel in der Suppensch\u00fcssel\"}]},{\"@type\":\"WebSite\",\"@id\":\"https:\\\/\\\/www.freilichtbuehne-nettelstedt.de\\\/#website\",\"url\":\"https:\\\/\\\/www.freilichtbuehne-nettelstedt.de\\\/\",\"name\":\"Freilichtb\u00fchne Nettelstedt\",\"description\":\"Theater, das einfach Spa\u00df macht\",\"publisher\":{\"@id\":\"https:\\\/\\\/www.freilichtbuehne-nettelstedt.de\\\/#organization\"},\"potentialAction\":[{\"@type\":\"SearchAction\",\"target\":{\"@type\":\"EntryPoint\",\"urlTemplate\":\"https:\\\/\\\/www.freilichtbuehne-nettelstedt.de\\\/?s={search_term_string}\"},\"query-input\":{\"@type\":\"PropertyValueSpecification\",\"valueRequired\":true,\"valueName\":\"search_term_string\"}}],\"inLanguage\":\"de\"},{\"@type\":\"Organization\",\"@id\":\"https:\\\/\\\/www.freilichtbuehne-nettelstedt.de\\\/#organization\",\"name\":\"Freilichtb\u00fchne Nettelstedt e.V\",\"url\":\"https:\\\/\\\/www.freilichtbuehne-nettelstedt.de\\\/\",\"logo\":{\"@type\":\"ImageObject\",\"inLanguage\":\"de\",\"@id\":\"https:\\\/\\\/www.freilichtbuehne-nettelstedt.de\\\/#\\\/schema\\\/logo\\\/image\\\/\",\"url\":\"https:\\\/\\\/www.freilichtbuehne-nettelstedt.de\\\/wp-content\\\/uploads\\\/2016\\\/02\\\/Logo_Final_2016_Transp_klein.png\",\"contentUrl\":\"https:\\\/\\\/www.freilichtbuehne-nettelstedt.de\\\/wp-content\\\/uploads\\\/2016\\\/02\\\/Logo_Final_2016_Transp_klein.png\",\"width\":250,\"height\":100,\"caption\":\"Freilichtb\u00fchne Nettelstedt e.V\"},\"image\":{\"@id\":\"https:\\\/\\\/www.freilichtbuehne-nettelstedt.de\\\/#\\\/schema\\\/logo\\\/image\\\/\"},\"sameAs\":[\"https:\\\/\\\/www.facebook.com\\\/freilichtbuehne.nettelstedt\\\/\",\"https:\\\/\\\/www.instagram.com\\\/freilichtbuehnenettelstedt\\\/\"]},{\"@type\":\"Person\",\"@id\":\"https:\\\/\\\/www.freilichtbuehne-nettelstedt.de\\\/#\\\/schema\\\/person\\\/4e91ec7580d6c9b5fb05a4d8959d7c1d\",\"name\":\"Manfred M\u00f6hlmann\",\"url\":\"https:\\\/\\\/www.freilichtbuehne-nettelstedt.de\\\/index.php\\\/author\\\/mammut\\\/\"}]}<\/script>\n<!-- \/ Yoast SEO plugin. -->","yoast_head_json":{"title":"2015 - Michel in der Suppensch\u00fcssel - Freilichtb\u00fchne Nettelstedt","robots":{"index":"index","follow":"follow","max-snippet":"max-snippet:-1","max-image-preview":"max-image-preview:large","max-video-preview":"max-video-preview:-1"},"canonical":"https:\/\/www.freilichtbuehne-nettelstedt.de\/index.php\/michel-in-der-suppenschuessel-2015\/","og_locale":"de_DE","og_type":"article","og_title":"2015 - Michel in der Suppensch\u00fcssel - Freilichtb\u00fchne Nettelstedt","og_description":"Von Astrid Lindgren Regie: Claus Martin Inhalt: Michel ist ein schlauer Junge, der mit seiner Familie, Knecht Alfred und Magd Lina in einem kleinen Dorf auf einem Bauernhof lebt. Streiche denkt sich Michel eigentlich nie aus, im Gegenteil\u2026er hat immer ganz fabelhafte Ideen! Blo\u00df denkt er nicht lange nach, bevor er die Ideen umsetzt und [&hellip;]","og_url":"https:\/\/www.freilichtbuehne-nettelstedt.de\/index.php\/michel-in-der-suppenschuessel-2015\/","og_site_name":"Freilichtb\u00fchne Nettelstedt","article_publisher":"https:\/\/www.facebook.com\/freilichtbuehne.nettelstedt\/","article_published_time":"2015-03-08T10:33:04+00:00","article_modified_time":"2020-06-01T11:18:38+00:00","og_image":[{"width":300,"height":277,"url":"https:\/\/www.freilichtbuehne-nettelstedt.de\/wp-content\/uploads\/2015\/03\/Motiv_Michel-k.jpg","type":"image\/jpeg"}],"author":"Manfred M\u00f6hlmann","twitter_card":"summary_large_image","twitter_misc":{"Verfasst von":"Manfred M\u00f6hlmann","Gesch\u00e4tzte Lesezeit":"3\u00a0Minuten"},"schema":{"@context":"https:\/\/schema.org","@graph":[{"@type":"Article","@id":"https:\/\/www.freilichtbuehne-nettelstedt.de\/index.php\/michel-in-der-suppenschuessel-2015\/#article","isPartOf":{"@id":"https:\/\/www.freilichtbuehne-nettelstedt.de\/index.php\/michel-in-der-suppenschuessel-2015\/"},"author":{"name":"Manfred M\u00f6hlmann","@id":"https:\/\/www.freilichtbuehne-nettelstedt.de\/#\/schema\/person\/4e91ec7580d6c9b5fb05a4d8959d7c1d"},"headline":"2015 &#8211; Michel in der Suppensch\u00fcssel","datePublished":"2015-03-08T10:33:04+00:00","dateModified":"2020-06-01T11:18:38+00:00","mainEntityOfPage":{"@id":"https:\/\/www.freilichtbuehne-nettelstedt.de\/index.php\/michel-in-der-suppenschuessel-2015\/"},"wordCount":592,"publisher":{"@id":"https:\/\/www.freilichtbuehne-nettelstedt.de\/#organization"},"image":{"@id":"https:\/\/www.freilichtbuehne-nettelstedt.de\/index.php\/michel-in-der-suppenschuessel-2015\/#primaryimage"},"thumbnailUrl":"https:\/\/www.freilichtbuehne-nettelstedt.de\/wp-content\/uploads\/2015\/03\/Motiv_Michel-k.jpg","articleSection":["Aktuelles"],"inLanguage":"de"},{"@type":"WebPage","@id":"https:\/\/www.freilichtbuehne-nettelstedt.de\/index.php\/michel-in-der-suppenschuessel-2015\/","url":"https:\/\/www.freilichtbuehne-nettelstedt.de\/index.php\/michel-in-der-suppenschuessel-2015\/","name":"2015 - Michel in der Suppensch\u00fcssel - Freilichtb\u00fchne Nettelstedt","isPartOf":{"@id":"https:\/\/www.freilichtbuehne-nettelstedt.de\/#website"},"primaryImageOfPage":{"@id":"https:\/\/www.freilichtbuehne-nettelstedt.de\/index.php\/michel-in-der-suppenschuessel-2015\/#primaryimage"},"image":{"@id":"https:\/\/www.freilichtbuehne-nettelstedt.de\/index.php\/michel-in-der-suppenschuessel-2015\/#primaryimage"},"thumbnailUrl":"https:\/\/www.freilichtbuehne-nettelstedt.de\/wp-content\/uploads\/2015\/03\/Motiv_Michel-k.jpg","datePublished":"2015-03-08T10:33:04+00:00","dateModified":"2020-06-01T11:18:38+00:00","breadcrumb":{"@id":"https:\/\/www.freilichtbuehne-nettelstedt.de\/index.php\/michel-in-der-suppenschuessel-2015\/#breadcrumb"},"inLanguage":"de","potentialAction":[{"@type":"ReadAction","target":["https:\/\/www.freilichtbuehne-nettelstedt.de\/index.php\/michel-in-der-suppenschuessel-2015\/"]}]},{"@type":"ImageObject","inLanguage":"de","@id":"https:\/\/www.freilichtbuehne-nettelstedt.de\/index.php\/michel-in-der-suppenschuessel-2015\/#primaryimage","url":"https:\/\/www.freilichtbuehne-nettelstedt.de\/wp-content\/uploads\/2015\/03\/Motiv_Michel-k.jpg","contentUrl":"https:\/\/www.freilichtbuehne-nettelstedt.de\/wp-content\/uploads\/2015\/03\/Motiv_Michel-k.jpg","width":300,"height":277},{"@type":"BreadcrumbList","@id":"https:\/\/www.freilichtbuehne-nettelstedt.de\/index.php\/michel-in-der-suppenschuessel-2015\/#breadcrumb","itemListElement":[{"@type":"ListItem","position":1,"name":"Startseite","item":"https:\/\/www.freilichtbuehne-nettelstedt.de\/"},{"@type":"ListItem","position":2,"name":"2015 &#8211; Michel in der Suppensch\u00fcssel"}]},{"@type":"WebSite","@id":"https:\/\/www.freilichtbuehne-nettelstedt.de\/#website","url":"https:\/\/www.freilichtbuehne-nettelstedt.de\/","name":"Freilichtb\u00fchne Nettelstedt","description":"Theater, das einfach Spa\u00df macht","publisher":{"@id":"https:\/\/www.freilichtbuehne-nettelstedt.de\/#organization"},"potentialAction":[{"@type":"SearchAction","target":{"@type":"EntryPoint","urlTemplate":"https:\/\/www.freilichtbuehne-nettelstedt.de\/?s={search_term_string}"},"query-input":{"@type":"PropertyValueSpecification","valueRequired":true,"valueName":"search_term_string"}}],"inLanguage":"de"},{"@type":"Organization","@id":"https:\/\/www.freilichtbuehne-nettelstedt.de\/#organization","name":"Freilichtb\u00fchne Nettelstedt e.V","url":"https:\/\/www.freilichtbuehne-nettelstedt.de\/","logo":{"@type":"ImageObject","inLanguage":"de","@id":"https:\/\/www.freilichtbuehne-nettelstedt.de\/#\/schema\/logo\/image\/","url":"https:\/\/www.freilichtbuehne-nettelstedt.de\/wp-content\/uploads\/2016\/02\/Logo_Final_2016_Transp_klein.png","contentUrl":"https:\/\/www.freilichtbuehne-nettelstedt.de\/wp-content\/uploads\/2016\/02\/Logo_Final_2016_Transp_klein.png","width":250,"height":100,"caption":"Freilichtb\u00fchne Nettelstedt e.V"},"image":{"@id":"https:\/\/www.freilichtbuehne-nettelstedt.de\/#\/schema\/logo\/image\/"},"sameAs":["https:\/\/www.facebook.com\/freilichtbuehne.nettelstedt\/","https:\/\/www.instagram.com\/freilichtbuehnenettelstedt\/"]},{"@type":"Person","@id":"https:\/\/www.freilichtbuehne-nettelstedt.de\/#\/schema\/person\/4e91ec7580d6c9b5fb05a4d8959d7c1d","name":"Manfred M\u00f6hlmann","url":"https:\/\/www.freilichtbuehne-nettelstedt.de\/index.php\/author\/mammut\/"}]}},"_links":{"self":[{"href":"https:\/\/www.freilichtbuehne-nettelstedt.de\/index.php\/wp-json\/wp\/v2\/posts\/5070","targetHints":{"allow":["GET"]}}],"collection":[{"href":"https:\/\/www.freilichtbuehne-nettelstedt.de\/index.php\/wp-json\/wp\/v2\/posts"}],"about":[{"href":"https:\/\/www.freilichtbuehne-nettelstedt.de\/index.php\/wp-json\/wp\/v2\/types\/post"}],"author":[{"embeddable":true,"href":"https:\/\/www.freilichtbuehne-nettelstedt.de\/index.php\/wp-json\/wp\/v2\/users\/2"}],"replies":[{"embeddable":true,"href":"https:\/\/www.freilichtbuehne-nettelstedt.de\/index.php\/wp-json\/wp\/v2\/comments?post=5070"}],"version-history":[{"count":9,"href":"https:\/\/www.freilichtbuehne-nettelstedt.de\/index.php\/wp-json\/wp\/v2\/posts\/5070\/revisions"}],"predecessor-version":[{"id":9941,"href":"https:\/\/www.freilichtbuehne-nettelstedt.de\/index.php\/wp-json\/wp\/v2\/posts\/5070\/revisions\/9941"}],"wp:featuredmedia":[{"embeddable":true,"href":"https:\/\/www.freilichtbuehne-nettelstedt.de\/index.php\/wp-json\/wp\/v2\/media\/5100"}],"wp:attachment":[{"href":"https:\/\/www.freilichtbuehne-nettelstedt.de\/index.php\/wp-json\/wp\/v2\/media?parent=5070"}],"wp:term":[{"taxonomy":"category","embeddable":true,"href":"https:\/\/www.freilichtbuehne-nettelstedt.de\/index.php\/wp-json\/wp\/v2\/categories?post=5070"},{"taxonomy":"post_tag","embeddable":true,"href":"https:\/\/www.freilichtbuehne-nettelstedt.de\/index.php\/wp-json\/wp\/v2\/tags?post=5070"}],"curies":[{"name":"wp","href":"https:\/\/api.w.org\/{rel}","templated":true}]}}