{"id":434,"date":"2011-02-16T13:52:43","date_gmt":"2011-02-16T13:52:43","guid":{"rendered":"http:\/\/bh18.hostingkunden.de\/?page_id=434"},"modified":"2020-07-11T14:06:35","modified_gmt":"2020-07-11T12:06:35","slug":"die-kleine-hexe","status":"publish","type":"post","link":"https:\/\/www.freilichtbuehne-nettelstedt.de\/index.php\/die-kleine-hexe\/","title":{"rendered":"2007 &#8211; Die kleine Hexe"},"content":{"rendered":"<p><img fetchpriority=\"high\" decoding=\"async\" title=\"Kleine-Hexe\" class=\"alignnone wp-image-429 size-full\" alt=\"\" src=\"https:\/\/www.freilichtbuehne-nettelstedt.de\/wp-content\/uploads\/2011\/02\/Kleine-Hexe.jpg\" width=\"250\" height=\"229\"><br \/>\nvon Otfried Preu\u00dfler<br \/>\nBearbeitung f\u00fcr die Freilichtb\u00fchne: Hinnerk Walbohm<br \/>\nMusikproduktion: Frank Suchland<\/p>\n<h2>Inhalt:<\/h2>\n<p>Die 127-j\u00e4hrige kleine Hexe lebt im tiefen Wald mit ihrem Raben Abraxas. Sie verbringt viel Zeit damit, in ihrem Hexenbuch zu lesen und das Hexen zu lernen Sie gilt mit ihren 127 Jahren in Hexenkreisen als zu jung, um an der Walpurgisnacht teilzunehmen. Dies ist jedoch ihr sehnlichster Wunsch, denn dieses Fest vereint die anderen Hexen im Tanz. In der Annahme zwischen all den anderen Hexen nicht aufzufallen, mischt sie sich in besagter Nacht unter die um das Hexenfeuer tanzenden Hexen.<\/p>\n<p>Die kleine Hexe am\u00fcsiert sich pr\u00e4chtig, ehe sie von der Wetterhexe Rumpumpel entdeckt und verpetzt wird. Sie wird vor die Oberhexe gebracht und trifft mit dieser die Vereinbarung, dass sie im n\u00e4chsten Jahr unter bestimmten Umst\u00e4nden mittanzen darf. Dazu m\u00fcsse die kleine Hexe ein Jahr lang eine &#8222;gute&#8220; Hexe sein. Zus\u00e4tzlich muss sie eine nicht leichte Pr\u00fcfung vor dem Hexenrat bestehen und das diesj\u00e4hrige Fest sofort verlassen. Den anderen Hexen war diese Art der Bestrafung zu milde und sie forderten die Oberhexe zu weiteren Sanktionen auf. Die Oberhexe kam dieser Forderung nach: &#8222;&#8230;dann schlage ich vor (&#8230;), dass wir ihr einfach den Besen wegnehmen und sie zu Fu\u00df auf den Heimweg schicken! Drei Tage und N\u00e4chte lang wird sie zu laufen haben, bis sie in ihren Wald kommt, &#8211; das reicht.<\/p>\n<p>In den kommenden Monaten studiert sie eifrig in ihrem Hexenbuch und wendet dieses neu erworbene Wissen an. Sie verbringt viele gute Taten. Nach all diesen guten Taten, bei der ihr in den meisten F\u00e4llen der Rabe Abraxas zur Seite stand, sieht sie dem alles entscheidenden Tag mit Zuversicht entgegen. Sie tritt vor den Hexenrat und kann dort all die ihr gestellten Aufgaben ohne Problem l\u00f6sen. Scheinbar schon am Ende ihrer Tr\u00e4ume angekommen, muss die kleine Hexe mit ansehen, wie wiederum die Hexe Rumpumpel auf den Plan tritt&#8230;<\/p>\n<h2>Auff\u00fchrungsort:<\/h2>\n<p>Freilichtb\u00fchne Nettelstedt<\/p>\n<h2>Spielzeit:<\/h2>\n<p>Jeden Sonntag, vom 27. Mai bis 02. September 2007 jeweils um 16.00 Uhr<\/p>\n<p><strong>Sondervorstellungen: <\/strong><\/p>\n<table style=\"width: 500px;\" border=\"0\">\n<tbody>\n<tr>\n<td><strong>Wochentag<\/strong><\/td>\n<td><strong>Datum<\/strong><\/td>\n<td><strong>Uhrzeit<\/strong><\/td>\n<\/tr>\n<tr>\n<td>Mittwoch<\/td>\n<td>30.05.2007<\/td>\n<td>10.00 Uhr<\/td>\n<\/tr>\n<tr>\n<td>Dienstag<\/td>\n<td>05.06.2001<\/td>\n<td>10.00 Uhr<\/td>\n<\/tr>\n<tr>\n<td>Mittwoch<\/td>\n<td>06.06.2007<\/td>\n<td>10.00 Uhr<\/td>\n<\/tr>\n<tr>\n<td>Mittwoch<\/td>\n<td>13.06.2007<\/td>\n<td>10.00 Uhr<\/td>\n<\/tr>\n<tr>\n<td>Freitag<\/td>\n<td>15.06.2007<\/td>\n<td>17.00 Uhr<\/td>\n<\/tr>\n<tr>\n<td>Mittwoch<\/td>\n<td>27.06.2007<\/td>\n<td>15.00 Uhr<\/td>\n<\/tr>\n<\/tbody>\n<\/table>\n<h2>Besetzungsliste<\/h2>\n<table style=\"width: 700px;\" cellspacing=\"0\" cellpadding=\"0\" border=\"0\">\n<colgroup>\n<col width=\"262\">\n<col width=\"203\"> <\/colgroup>\n<tbody>\n<tr>\n<td style=\"width: 203px;\" valign=\"top\"><strong>Figur<\/strong><\/td>\n<td style=\"width: 203px;\" valign=\"top\"><strong>Schauspieler<\/strong><\/td>\n<td style=\"width: 203px;\" valign=\"top\"><strong>Schauspieler<\/strong><\/td>\n<\/tr>\n<tr>\n<td style=\"width: 203px;\" valign=\"top\">Kleine Hexe<\/td>\n<td style=\"width: 203px;\" valign=\"top\">Lara-Sophie Dehne<\/td>\n<td style=\"width: 203px;\" valign=\"top\">Maren Kracht<\/td>\n<\/tr>\n<tr>\n<td style=\"width: 203px;\" valign=\"top\">Abraxas<\/td>\n<td style=\"width: 203px;\" valign=\"top\">Felix Hummert<\/td>\n<td style=\"width: 203px;\" valign=\"top\">Florian Kracht<\/td>\n<\/tr>\n<tr>\n<td style=\"width: 203px;\" valign=\"top\"><strong>HEXENRATSZENE<\/strong><\/td>\n<td style=\"width: 203px;\" valign=\"top\">&nbsp;<\/td>\n<td style=\"width: 203px;\" valign=\"top\">&nbsp;<\/td>\n<\/tr>\n<tr>\n<td style=\"width: 203px;\" valign=\"top\">Wetterhexe Rumpumpel<\/td>\n<td style=\"width: 203px;\" valign=\"top\">Melanie Fr\u00fcnd<\/td>\n<td style=\"width: 203px;\" valign=\"top\">&nbsp;<\/td>\n<\/tr>\n<tr>\n<td style=\"width: 203px;\" valign=\"top\">Oberhexe<\/td>\n<td style=\"width: 203px;\" valign=\"top\">Martha Budde<\/td>\n<td style=\"width: 203px;\" valign=\"top\">&nbsp;<\/td>\n<\/tr>\n<tr>\n<td style=\"width: 203px;\" valign=\"top\">Windhexe<\/td>\n<td style=\"width: 203px;\" valign=\"top\">Sylvia Siebarth<\/td>\n<td style=\"width: 203px;\" valign=\"top\">Ramona Sch\u00fctte<\/td>\n<\/tr>\n<tr>\n<td style=\"width: 203px;\" valign=\"top\">Kr\u00e4uterhexe<\/td>\n<td style=\"width: 203px;\" valign=\"top\">Janina Schmale<\/td>\n<td style=\"width: 203px;\" valign=\"top\">Monika M\u00f6hlmann<\/td>\n<\/tr>\n<tr>\n<td style=\"width: 203px;\" valign=\"top\">Sumpfhexe<\/td>\n<td style=\"width: 203px;\" valign=\"top\">Angela Bunge<\/td>\n<td style=\"width: 203px;\" valign=\"top\">Kerstin Schmale<\/td>\n<\/tr>\n<tr>\n<td style=\"width: 203px;\" valign=\"top\">Moorhexe<\/td>\n<td style=\"width: 203px;\" valign=\"top\">Julia R\u00f6ding<\/td>\n<td style=\"width: 203px;\" valign=\"top\">Anna Kr\u00f6ger<\/td>\n<\/tr>\n<tr>\n<td style=\"width: 203px;\" valign=\"top\">Feldhexe<\/td>\n<td style=\"width: 203px;\" valign=\"top\">Karen Degenhard<\/td>\n<td style=\"width: 203px;\" valign=\"top\">Maren Wulff<\/td>\n<\/tr>\n<tr>\n<td style=\"width: 203px;\" valign=\"top\">Waldhexe<\/td>\n<td style=\"width: 203px;\" valign=\"top\">Birgit Metje<\/td>\n<td style=\"width: 203px;\" valign=\"top\">&nbsp;<\/td>\n<\/tr>\n<tr>\n<td style=\"width: 203px;\" valign=\"top\">Wiesenhexe<\/td>\n<td style=\"width: 203px;\" valign=\"top\">Andrea Steege<\/td>\n<td style=\"width: 203px;\" valign=\"top\">Carmen B\u00f6cher<\/td>\n<\/tr>\n<tr>\n<td style=\"width: 203px;\" valign=\"top\"><strong>HOLZSAMMLERSZENE<\/strong><\/td>\n<td style=\"width: 203px;\" valign=\"top\">&nbsp;<\/td>\n<td style=\"width: 203px;\" valign=\"top\">&nbsp;<\/td>\n<\/tr>\n<tr>\n<td style=\"width: 203px;\" valign=\"top\">Mutter<\/td>\n<td style=\"width: 203px;\" valign=\"top\">Susanne \u00d6wermann<\/td>\n<td style=\"width: 203px;\" valign=\"top\">Susanne R\u00f6ding<\/td>\n<\/tr>\n<tr>\n<td style=\"width: 203px;\" valign=\"top\">Vater<\/td>\n<td style=\"width: 203px;\" valign=\"top\">Alexander H\u00e4rtel<\/td>\n<td style=\"width: 203px;\" valign=\"top\">Udo G\u00f6cke<\/td>\n<\/tr>\n<tr>\n<td style=\"width: 203px;\" valign=\"top\">Lisa<\/td>\n<td style=\"width: 203px;\" valign=\"top\">Lena Steege<\/td>\n<td style=\"width: 203px;\" valign=\"top\">Ilona H\u00e4rtel<\/td>\n<\/tr>\n<tr>\n<td style=\"width: 203px;\" valign=\"top\">Anton\/ia<\/td>\n<td style=\"width: 203px;\" valign=\"top\">Moritz Schnute<\/td>\n<td style=\"width: 203px;\" valign=\"top\">Sara Reifenscheid<\/td>\n<\/tr>\n<tr>\n<td style=\"width: 203px;\" valign=\"top\">F\u00f6rster<\/td>\n<td style=\"width: 203px;\" valign=\"top\">Henning Bunge<\/td>\n<td style=\"width: 203px;\" valign=\"top\">Arne Arning<\/td>\n<\/tr>\n<tr>\n<td style=\"width: 203px;\" valign=\"top\"><strong>MARKTSZENE<\/strong><\/td>\n<td style=\"width: 203px;\" valign=\"top\">&nbsp;<\/td>\n<td style=\"width: 203px;\" valign=\"top\">&nbsp;<\/td>\n<\/tr>\n<tr>\n<td style=\"width: 203px;\" valign=\"top\">Leierkastenmann<\/td>\n<td style=\"width: 203px;\" valign=\"top\">Alexander H\u00e4rtel<\/td>\n<td style=\"width: 203px;\" valign=\"top\">Udo G\u00f6cke<\/td>\n<\/tr>\n<tr>\n<td style=\"width: 203px;\" valign=\"top\">1. H\u00e4ndlerin<\/td>\n<td style=\"width: 203px;\" valign=\"top\">Sylvia Siebarth<\/td>\n<td style=\"width: 203px;\" valign=\"top\">Ramona Sch\u00fctte<\/td>\n<\/tr>\n<tr>\n<td style=\"width: 203px;\" valign=\"top\">2. H\u00e4ndlerin<\/td>\n<td style=\"width: 203px;\" valign=\"top\">Janina Schmale<\/td>\n<td style=\"width: 203px;\" valign=\"top\">Monika M\u00f6hlmann<\/td>\n<\/tr>\n<tr>\n<td style=\"width: 203px;\" valign=\"top\">3. H\u00e4ndlerin<\/td>\n<td style=\"width: 203px;\" valign=\"top\">Andrea Steege<\/td>\n<td style=\"width: 203px;\" valign=\"top\">Carmen B\u00f6cher<\/td>\n<\/tr>\n<tr>\n<td style=\"width: 203px;\" valign=\"top\">Pfefferkorn<\/td>\n<td style=\"width: 203px;\" valign=\"top\">Wolfgang Hovemeyer<\/td>\n<td style=\"width: 203px;\" valign=\"top\">Hans Arning<\/td>\n<\/tr>\n<tr>\n<td style=\"width: 203px;\" valign=\"top\">Fridolin<\/td>\n<td style=\"width: 203px;\" valign=\"top\">Klaus Kr\u00f6ger<\/td>\n<td style=\"width: 203px;\" valign=\"top\">Denis Grothe<\/td>\n<\/tr>\n<tr>\n<td style=\"width: 203px;\" valign=\"top\">Maronimann<\/td>\n<td style=\"width: 203px;\" valign=\"top\">Jan-Fr. Lange<\/td>\n<td style=\"width: 203px;\" valign=\"top\">Kilian Kottkamp<\/td>\n<\/tr>\n<tr>\n<td style=\"width: 203px;\" valign=\"top\">Billiger Jakob<\/td>\n<td style=\"width: 203px;\" valign=\"top\">Jannik Sprenger<\/td>\n<td style=\"width: 203px;\" valign=\"top\">Martin J\u00e4ger-Degenhard<\/td>\n<\/tr>\n<tr>\n<td style=\"width: 203px;\" valign=\"top\">Blumenm\u00e4dchen<\/td>\n<td style=\"width: 203px;\" valign=\"top\">Merle Bachmann<\/td>\n<td style=\"width: 203px;\" valign=\"top\">Kiara Schmale<\/td>\n<\/tr>\n<tr>\n<td style=\"width: 203px;\" valign=\"top\">1. Frau<\/td>\n<td style=\"width: 203px;\" valign=\"top\">Karen Degenhard<\/td>\n<td style=\"width: 203px;\" valign=\"top\">Maren Wulff<\/td>\n<\/tr>\n<tr>\n<td style=\"width: 203px;\" valign=\"top\">2. Frau<\/td>\n<td style=\"width: 203px;\" valign=\"top\">Angela Bunge<\/td>\n<td style=\"width: 203px;\" valign=\"top\">Kerstin Schmale<\/td>\n<\/tr>\n<tr>\n<td style=\"width: 203px;\" valign=\"top\">1. Mann<\/td>\n<td style=\"width: 203px;\" valign=\"top\">Manfred M\u00f6hlmann<\/td>\n<td style=\"width: 203px;\" valign=\"top\">Uli Sch\u00fctte<\/td>\n<\/tr>\n<tr>\n<td style=\"width: 203px;\" valign=\"top\">2. Mann<\/td>\n<td style=\"width: 203px;\" valign=\"top\">Jens Metje<\/td>\n<td style=\"width: 203px;\" valign=\"top\">Volker Kracht<\/td>\n<\/tr>\n<tr>\n<td style=\"width: 203px;\" valign=\"top\"><strong>Kunden (MARKTSZENE)<\/strong><\/td>\n<td style=\"width: 203px;\" valign=\"top\">Martha Budde<\/td>\n<td style=\"width: 203px;\" valign=\"top\">Julia R\u00f6ding<\/td>\n<\/tr>\n<tr>\n<td style=\"width: 203px;\" valign=\"top\">&nbsp;<\/td>\n<td style=\"width: 203px;\" valign=\"top\">Anna Kr\u00f6ger<\/td>\n<td style=\"width: 203px;\" valign=\"top\">Carlotta Sch\u00fctte<\/td>\n<\/tr>\n<tr>\n<td style=\"width: 203px;\" valign=\"top\">&nbsp;<\/td>\n<td style=\"width: 203px;\" valign=\"top\">Birgit Metje<\/td>\n<td style=\"width: 203px;\" valign=\"top\">Susanne \u00d6wermann<\/td>\n<\/tr>\n<tr>\n<td style=\"width: 203px;\" valign=\"top\">&nbsp;<\/td>\n<td style=\"width: 203px;\" valign=\"top\">Susanne R\u00f6ding<\/td>\n<td style=\"width: 203px;\" valign=\"top\">Monika H\u00e4rtel<\/td>\n<\/tr>\n<tr>\n<td style=\"width: 203px;\" valign=\"top\">&nbsp;<\/td>\n<td style=\"width: 203px;\" valign=\"top\">Henning Bunge<\/td>\n<td style=\"width: 203px;\" valign=\"top\">Lena Degenhard<\/td>\n<\/tr>\n<tr>\n<td style=\"width: 203px;\" valign=\"top\">&nbsp;<\/td>\n<td style=\"width: 203px;\" valign=\"top\">Arne Arning<\/td>\n<td style=\"width: 203px;\" valign=\"top\">Irmgard Kracht<\/td>\n<\/tr>\n<tr>\n<td style=\"width: 203px;\" valign=\"top\">&nbsp;<\/td>\n<td style=\"width: 203px;\" valign=\"top\">Birgit Kreft<\/td>\n<td style=\"width: 203px;\" valign=\"top\">Kathrin Buhrmester<\/td>\n<\/tr>\n<tr>\n<td style=\"width: 203px;\" valign=\"top\">&nbsp;<\/td>\n<td style=\"width: 203px;\" valign=\"top\">Erna Stegelmeyer<\/td>\n<td style=\"width: 203px;\" valign=\"top\">Marlies Pries<\/td>\n<\/tr>\n<tr>\n<td style=\"width: 203px;\" valign=\"top\">&nbsp;<\/td>\n<td style=\"width: 203px;\" valign=\"top\">Marie Stark<\/td>\n<td style=\"width: 203px;\" valign=\"top\">Stefii Hempel<\/td>\n<\/tr>\n<tr>\n<td style=\"width: 203px;\" valign=\"top\">&nbsp;<\/td>\n<td style=\"width: 203px;\" valign=\"top\">Heike G\u00f6cke<\/td>\n<td style=\"width: 203px;\" valign=\"top\">Conny Stork<\/td>\n<\/tr>\n<tr>\n<td style=\"width: 203px;\" valign=\"top\">&nbsp;<\/td>\n<td style=\"width: 203px;\" valign=\"top\">Louisa Hempel<\/td>\n<td style=\"width: 203px;\" valign=\"top\">Agnes Levien<\/td>\n<\/tr>\n<tr>\n<td style=\"width: 203px;\" valign=\"top\">&nbsp;<\/td>\n<td style=\"width: 203px;\" valign=\"top\">&nbsp;<\/td>\n<td style=\"width: 203px;\" valign=\"top\">&nbsp;<\/td>\n<\/tr>\n<tr>\n<td style=\"width: 203px;\" valign=\"top\"><strong>Kinderhorde <\/strong><strong>(MARKTSZENE)<\/strong><\/td>\n<td style=\"width: 203px;\" valign=\"top\">Jan-H. Telgheder<\/td>\n<td style=\"width: 203px;\" valign=\"top\">Niklas \u00d6wermann<\/td>\n<\/tr>\n<tr>\n<td style=\"width: 203px;\" valign=\"top\">&nbsp;<\/td>\n<td style=\"width: 203px;\" valign=\"top\">Simon Kracht<\/td>\n<td style=\"width: 203px;\" valign=\"top\">Justus Stork<\/td>\n<\/tr>\n<tr>\n<td style=\"width: 203px;\" valign=\"top\">&nbsp;<\/td>\n<td style=\"width: 203px;\" valign=\"top\">Ilka Kottkamp<\/td>\n<td style=\"width: 203px;\" valign=\"top\">Inga Degenhard<\/td>\n<\/tr>\n<tr>\n<td style=\"width: 203px;\" valign=\"top\">&nbsp;<\/td>\n<td style=\"width: 203px;\" valign=\"top\">Max Moritz<\/td>\n<td style=\"width: 203px;\" valign=\"top\">Jonas Stork<\/td>\n<\/tr>\n<tr>\n<td style=\"width: 203px;\" valign=\"top\">&nbsp;<\/td>\n<td style=\"width: 203px;\" valign=\"top\">Sabrina Eschner<\/td>\n<td style=\"width: 203px;\" valign=\"top\">Selcan T\u00fcmkaya<\/td>\n<\/tr>\n<tr>\n<td style=\"width: 203px;\" valign=\"top\">&nbsp;<\/td>\n<td style=\"width: 203px;\" valign=\"top\">Lena Bode<\/td>\n<td style=\"width: 203px;\" valign=\"top\">Lukas Kilian Giese<\/td>\n<\/tr>\n<tr>\n<td style=\"width: 203px;\" valign=\"top\">&nbsp;<\/td>\n<td style=\"width: 203px;\" valign=\"top\">Lea Fiestelmann<\/td>\n<td style=\"width: 203px;\" valign=\"top\">Nathalie Gerullis<\/td>\n<\/tr>\n<tr>\n<td style=\"width: 203px;\" valign=\"top\">&nbsp;<\/td>\n<td style=\"width: 203px;\" valign=\"top\">Hilke Niedringhaus<\/td>\n<td style=\"width: 203px;\" valign=\"top\">Sina Sch\u00fctte<\/td>\n<\/tr>\n<tr>\n<td style=\"width: 203px;\" valign=\"top\"><strong>SCHNEEMANNSZENE<\/strong><\/td>\n<td style=\"width: 203px;\" valign=\"top\">&nbsp;<\/td>\n<td style=\"width: 203px;\" valign=\"top\">&nbsp;<\/td>\n<\/tr>\n<tr>\n<td style=\"width: 203px;\" valign=\"top\">Ursel<\/td>\n<td style=\"width: 203px;\" valign=\"top\">Finnja Grote<br \/>\nFiona Metje<\/td>\n<td style=\"width: 203px;\" valign=\"top\">&nbsp;<\/td>\n<\/tr>\n<tr>\n<td style=\"width: 203px;\" valign=\"top\">Simone<\/td>\n<td style=\"width: 203px;\" valign=\"top\">Jara-Loreen Sch\u00fctte<br \/>\nMoira Metje<\/td>\n<td style=\"width: 203px;\" valign=\"top\">&nbsp;<\/td>\n<\/tr>\n<tr>\n<td style=\"width: 203px;\" valign=\"top\">Fritz<\/td>\n<td style=\"width: 203px;\" valign=\"top\">Jan-H. Telgheder<br \/>\nNiklas \u00d6wermann<\/td>\n<td style=\"width: 203px;\" valign=\"top\">&nbsp;<\/td>\n<\/tr>\n<tr>\n<td style=\"width: 203px;\" valign=\"top\">Sepp<\/td>\n<td style=\"width: 203px;\" valign=\"top\">Simon Kracht<br \/>\nJustus Stork<\/td>\n<td style=\"width: 203px;\" valign=\"top\">&nbsp;<\/td>\n<\/tr>\n<tr>\n<td style=\"width: 203px;\" valign=\"top\">Schneemann<\/td>\n<td style=\"width: 203px;\" valign=\"top\">Jannik Sprenger<br \/>\nMartin J\u00e4ger-Degenhard<\/td>\n<td style=\"width: 203px;\" valign=\"top\">&nbsp;<\/td>\n<\/tr>\n<tr>\n<td style=\"width: 203px;\" valign=\"top\">weiter Kinder<\/td>\n<td style=\"width: 203px;\" valign=\"top\">Raja Moritz<br \/>\nMerle Kracht<br \/>\nMarie Muth<br \/>\nSophia Schnute<br \/>\nAlina B\u00f6cher<br \/>\nJustin Metje<\/td>\n<td style=\"width: 203px;\" valign=\"top\">&nbsp;<\/td>\n<\/tr>\n<tr>\n<td style=\"width: 203px;\" valign=\"top\"><strong>SCH\u00dcTZENFESTSZENE<\/strong><\/td>\n<td style=\"width: 203px;\" valign=\"top\">&nbsp;<\/td>\n<td style=\"width: 203px;\" valign=\"top\">&nbsp;<\/td>\n<\/tr>\n<tr>\n<td style=\"width: 203px;\" valign=\"top\">B\u00fcrgermeister<\/td>\n<td style=\"width: 203px;\" valign=\"top\">Manfred M\u00f6hlmann<\/td>\n<td style=\"width: 203px;\" valign=\"top\">Uli Sch\u00fctte<\/td>\n<\/tr>\n<tr>\n<td style=\"width: 203px;\" valign=\"top\">1. Verk\u00e4uferin<\/td>\n<td style=\"width: 203px;\" valign=\"top\">Karen Degenhard<\/td>\n<td style=\"width: 203px;\" valign=\"top\">Maren Wulff<\/td>\n<\/tr>\n<tr>\n<td style=\"width: 203px;\" valign=\"top\">2. Verk\u00e4uferin<\/td>\n<td style=\"width: 203px;\" valign=\"top\">Angela Bunge<\/td>\n<td style=\"width: 203px;\" valign=\"top\">Kerstin Schmale<\/td>\n<\/tr>\n<tr>\n<td style=\"width: 203px;\" valign=\"top\">Vroni<\/td>\n<td style=\"width: 203px;\" valign=\"top\">Ilka Kottkamp<\/td>\n<td style=\"width: 203px;\" valign=\"top\">Ina Degenhard<\/td>\n<\/tr>\n<tr>\n<td style=\"width: 203px;\" valign=\"top\">Thomas<\/td>\n<td style=\"width: 203px;\" valign=\"top\">Max Moritz<\/td>\n<td style=\"width: 203px;\" valign=\"top\">Jonas Stork<\/td>\n<\/tr>\n<tr>\n<td style=\"width: 203px;\" valign=\"top\"><strong>Korbinian<\/strong><\/td>\n<td style=\"width: 203px;\" valign=\"top\">Jan-Frederik Lange<\/td>\n<td style=\"width: 203px;\" valign=\"top\">Kilian Kottkamp<\/td>\n<\/tr>\n<tr>\n<td style=\"width: 203px;\" valign=\"top\">&nbsp;<\/td>\n<td style=\"width: 203px;\" valign=\"top\">Klaus Kr\u00f6ger<\/td>\n<td style=\"width: 203px;\" valign=\"top\">Dennis Grothe<\/td>\n<\/tr>\n<tr>\n<td style=\"width: 203px;\" valign=\"top\"><strong>Blaskapelle<\/strong><\/td>\n<td style=\"width: 203px;\" valign=\"top\">Julia R\u00f6ding<\/td>\n<td style=\"width: 203px;\" valign=\"top\">Birgit Metje<\/td>\n<\/tr>\n<tr>\n<td style=\"width: 203px;\" valign=\"top\">&nbsp;<\/td>\n<td style=\"width: 203px;\" valign=\"top\">Anna Kr\u00f6ger<\/td>\n<td style=\"width: 203px;\" valign=\"top\">Sylvia Siebart<\/td>\n<\/tr>\n<tr>\n<td style=\"width: 203px;\" valign=\"top\">&nbsp;<\/td>\n<td style=\"width: 203px;\" valign=\"top\">Ramona Sch\u00fctte<\/td>\n<td style=\"width: 203px;\" valign=\"top\">Janina Schmale<\/td>\n<\/tr>\n<tr>\n<td style=\"width: 203px;\" valign=\"top\">&nbsp;<\/td>\n<td style=\"width: 203px;\" valign=\"top\">Monika M\u00f6hlmann<\/td>\n<td style=\"width: 203px;\" valign=\"top\">&nbsp;<\/td>\n<\/tr>\n<tr>\n<td style=\"width: 203px;\" valign=\"top\"><strong>Sch\u00fctzen<\/strong><\/td>\n<td style=\"width: 203px;\" valign=\"top\">Henning Bunge<\/td>\n<td style=\"width: 203px;\" valign=\"top\">Arne Arning<\/td>\n<\/tr>\n<tr>\n<td style=\"width: 203px;\" valign=\"top\">&nbsp;<\/td>\n<td style=\"width: 203px;\" valign=\"top\">Susanne \u00d6wermann<\/td>\n<td style=\"width: 203px;\" valign=\"top\">Susanne R\u00f6ding<\/td>\n<\/tr>\n<tr>\n<td style=\"width: 203px;\" valign=\"top\">&nbsp;<\/td>\n<td style=\"width: 203px;\" valign=\"top\">Wolfgang Hovemeyer<\/td>\n<td style=\"width: 203px;\" valign=\"top\">Hans Arning<\/td>\n<\/tr>\n<tr>\n<td style=\"width: 203px;\" valign=\"top\">Sch\u00fctzenhauptmann<\/td>\n<td style=\"width: 203px;\" valign=\"top\">Jens Metje<\/td>\n<td style=\"width: 203px;\" valign=\"top\">Volker Kracht<\/td>\n<\/tr>\n<tr>\n<td style=\"width: 203px;\" valign=\"top\">F\u00e4hnrich<\/td>\n<td style=\"width: 203px;\" valign=\"top\">Alexander H\u00e4rtel<\/td>\n<td style=\"width: 203px;\" valign=\"top\">Udo G\u00f6cke<\/td>\n<\/tr>\n<tr>\n<td style=\"width: 203px;\" valign=\"top\"><strong>Zuschauer (SCH\u00dcTZENFESTSZENE)<\/strong><\/td>\n<td style=\"width: 203px;\" valign=\"top\">Martha Budde<\/td>\n<td style=\"width: 203px;\" valign=\"top\">Andrea Steege<\/td>\n<\/tr>\n<tr>\n<td style=\"width: 203px;\" valign=\"top\">&nbsp;<\/td>\n<td style=\"width: 203px;\" valign=\"top\">Carmen B\u00f6cher<\/td>\n<td style=\"width: 203px;\" valign=\"top\">Merle Bachmann<\/td>\n<\/tr>\n<tr>\n<td style=\"width: 203px;\" valign=\"top\">&nbsp;<\/td>\n<td style=\"width: 203px;\" valign=\"top\">Kiara Schmale<\/td>\n<td style=\"width: 203px;\" valign=\"top\">Monika H\u00e4rtel<\/td>\n<\/tr>\n<tr>\n<td style=\"width: 203px;\" valign=\"top\">&nbsp;<\/td>\n<td style=\"width: 203px;\" valign=\"top\">Lena Degenhard<\/td>\n<td style=\"width: 203px;\" valign=\"top\">Irmgard Kracht<\/td>\n<\/tr>\n<tr>\n<td style=\"width: 203px;\" valign=\"top\">&nbsp;<\/td>\n<td style=\"width: 203px;\" valign=\"top\">Birgit Kreft<\/td>\n<td style=\"width: 203px;\" valign=\"top\">Kathrin Buhrmester<\/td>\n<\/tr>\n<tr>\n<td style=\"width: 203px;\" valign=\"top\">&nbsp;<\/td>\n<td style=\"width: 203px;\" valign=\"top\">Erna Stegelmeyer<\/td>\n<td style=\"width: 203px;\" valign=\"top\">Marlies Prie\u00df<\/td>\n<\/tr>\n<tr>\n<td style=\"width: 203px;\" valign=\"top\">&nbsp;<\/td>\n<td style=\"width: 203px;\" valign=\"top\">Marie Stark<\/td>\n<td style=\"width: 203px;\" valign=\"top\">Steffi Hempel<\/td>\n<\/tr>\n<tr>\n<td style=\"width: 203px;\" valign=\"top\">&nbsp;<\/td>\n<td style=\"width: 203px;\" valign=\"top\">Heike G\u00f6cke<\/td>\n<td style=\"width: 203px;\" valign=\"top\">Agnes Levien<\/td>\n<\/tr>\n<tr>\n<td style=\"width: 203px;\" valign=\"top\">&nbsp;<\/td>\n<td style=\"width: 203px;\" valign=\"top\">Conny Stork<\/td>\n<td style=\"width: 203px;\" valign=\"top\">Aaron Kracht<\/td>\n<\/tr>\n<tr>\n<td style=\"width: 203px;\" valign=\"top\">&nbsp;<\/td>\n<td style=\"width: 203px;\" valign=\"top\">Pauline Buhrmester<\/td>\n<td style=\"width: 203px;\" valign=\"top\">Paul Kreft<\/td>\n<\/tr>\n<tr>\n<td style=\"width: 203px;\" valign=\"top\">&nbsp;<\/td>\n<td style=\"width: 203px;\" valign=\"top\">Celina Stork<\/td>\n<td style=\"width: 203px;\" valign=\"top\">Louisa Hempel<\/td>\n<\/tr>\n<tr>\n<td style=\"width: 203px;\" valign=\"top\">&nbsp;<\/td>\n<td style=\"width: 203px;\" valign=\"top\">Carlotta Sch\u00fctte<\/td>\n<td style=\"width: 203px;\" valign=\"top\">Sabrina Eschner<\/td>\n<\/tr>\n<tr>\n<td style=\"width: 203px;\" valign=\"top\">&nbsp;<\/td>\n<td style=\"width: 203px;\" valign=\"top\">Selcan T\u00fcmkaya<\/td>\n<td style=\"width: 203px;\" valign=\"top\">Lena Bode<\/td>\n<\/tr>\n<tr>\n<td style=\"width: 203px;\" valign=\"top\">&nbsp;<\/td>\n<td style=\"width: 203px;\" valign=\"top\">Lukas Kilian Giese<\/td>\n<td style=\"width: 203px;\" valign=\"top\">Lea Fiestelmann<\/td>\n<\/tr>\n<tr>\n<td style=\"width: 203px;\" valign=\"top\">&nbsp;<\/td>\n<td style=\"width: 203px;\" valign=\"top\">Nathalie Gerullis<\/td>\n<td style=\"width: 203px;\" valign=\"top\">Hilke Niedringhaus<\/td>\n<\/tr>\n<tr>\n<td style=\"width: 203px;\" valign=\"top\">&nbsp;<\/td>\n<td style=\"width: 203px;\" valign=\"top\">Sina Sch\u00fctte<\/td>\n<td style=\"width: 203px;\" valign=\"top\">&nbsp;<\/td>\n<\/tr>\n<tr>\n<td style=\"width: 203px;\" valign=\"top\"><strong>Hexendiener\/Hexengeister<\/strong><\/td>\n<td style=\"width: 203px;\" valign=\"top\">Lena Degenhard<\/td>\n<td style=\"width: 203px;\" valign=\"top\">Sabrina Eschner<\/td>\n<\/tr>\n<tr>\n<td style=\"width: 203px;\" valign=\"top\">&nbsp;<\/td>\n<td style=\"width: 203px;\" valign=\"top\">Selcan T\u00fcmkaya<\/td>\n<td style=\"width: 203px;\" valign=\"top\">Lena Bode<\/td>\n<\/tr>\n<tr>\n<td style=\"width: 203px;\" valign=\"top\">&nbsp;<\/td>\n<td style=\"width: 203px;\" valign=\"top\">Lukas Kilian Giese<\/td>\n<td style=\"width: 203px;\" valign=\"top\">Lea Fiestelmann<\/td>\n<\/tr>\n<tr>\n<td style=\"width: 203px;\" valign=\"top\">&nbsp;<\/td>\n<td style=\"width: 203px;\" valign=\"top\">Nathalie Gerullis<\/td>\n<td style=\"width: 203px;\" valign=\"top\">Hilke Niederinghaus<\/td>\n<\/tr>\n<tr>\n<td style=\"width: 203px;\" valign=\"top\">&nbsp;<\/td>\n<td style=\"width: 203px;\" valign=\"top\">Sina Sch\u00fctte<\/td>\n<td style=\"width: 203px;\" valign=\"top\">&nbsp;<\/td>\n<\/tr>\n<tr>\n<td style=\"width: 203px;\" valign=\"top\">Musik<\/td>\n<td style=\"width: 203px;\" valign=\"top\">Frank Suchland<\/td>\n<td style=\"width: 203px;\" valign=\"top\">&nbsp;<\/td>\n<\/tr>\n<tr>\n<td style=\"width: 203px;\" valign=\"top\">B\u00fchnenbild<\/td>\n<td style=\"width: 203px;\" valign=\"top\">Karen und Martin Degenhard mit Team<\/td>\n<td style=\"width: 203px;\" valign=\"top\">&nbsp;<\/td>\n<\/tr>\n<tr>\n<td style=\"width: 203px;\" valign=\"top\">Maske<\/td>\n<td style=\"width: 203px;\" valign=\"top\">Bernd Hagemeyeier<\/td>\n<td style=\"width: 203px;\" valign=\"top\">&nbsp;<\/td>\n<\/tr>\n<tr>\n<td style=\"width: 203px;\" valign=\"top\">Kost\u00fcme<\/td>\n<td style=\"width: 203px;\" valign=\"top\">Thea Vo\u00dfmerb\u00e4umer und Irma Westerfeld mit Team<\/td>\n<td style=\"width: 203px;\" valign=\"top\">&nbsp;<\/td>\n<\/tr>\n<tr>\n<td style=\"width: 203px;\" valign=\"top\">Technik<\/td>\n<td style=\"width: 203px;\" valign=\"top\">&nbsp;<\/td>\n<td style=\"width: 203px;\" valign=\"top\">&nbsp;<\/td>\n<\/tr>\n<tr>\n<td style=\"width: 203px;\" valign=\"top\">Regie<\/td>\n<td style=\"width: 203px;\" valign=\"top\">Hinnerk Walbohm<\/td>\n<td style=\"width: 203px;\" valign=\"top\">&nbsp;<\/td>\n<\/tr>\n<tr>\n<td style=\"width: 203px;\" valign=\"top\">Spielleitung<\/td>\n<td style=\"width: 203px;\" valign=\"top\">&nbsp;<\/td>\n<td style=\"width: 203px;\" valign=\"top\">&nbsp;<\/td>\n<\/tr>\n<\/tbody>\n<\/table>\n<h2>Presseartikel<\/h2>\n<p>Das schrieb die Presse \u00fcber diese Auff\u00fchrung.<\/p>\n<table style=\"width: 700px; height: 44px;\" border=\"0\">\n<tbody>\n<tr>\n<td><strong>Zeitung<\/strong><\/td>\n<td><strong>Schlagzeile<\/strong><\/td>\n<td><strong>Ausgabe vom<\/strong><\/td>\n<\/tr>\n<tr>\n<td>L\u00fcbbecker Kreiszeitung<\/td>\n<td><a href=\"https:\/\/www.freilichtbuehne-nettelstedt.de\/wp-content\/uploads\/2011\/05\/LK-Die-Freilichtbuehne-ist-wie-verhext.pdf\" target=\"_blank\" rel=\"noopener noreferrer\">Die Freilichtb\u00fchne ist wie verhext<\/a><\/td>\n<td>23.05.2007<\/td>\n<\/tr>\n<tr>\n<td>Mindener Tageblatt<\/td>\n<td><a href=\"\/\/www.freilichtbuehne-nettelstedt.dewp-content\/uploads\/2011\/05\/MT-Die-kleine-Hexe-auf-der-Freilichtbuehne-Nettelstedt.pdf\" target=\"_blank\" rel=\"noopener noreferrer\">Die kleine Hexe auf der Freilichtb\u00fchne Nettelstedt<\/a><\/td>\n<td>21.07.2007<\/td>\n<\/tr>\n<tr>\n<td>L\u00fcbbecker Kreiszeitung<\/td>\n<td><a href=\"\/\/www.freilichtbuehne-nettelstedt.dewp-content\/uploads\/2011\/05\/LK-Schon-3500-Voranmeldungen.pdf\" target=\"_blank\" rel=\"noopener noreferrer\">Schon 3500 Voranmeldungen<\/a><\/td>\n<td>21.02.2007<\/td>\n<\/tr>\n<tr>\n<td>Mindener Tageblatt<\/td>\n<td><a href=\"\/\/www.freilichtbuehne-nettelstedt.dewp-content\/uploads\/2011\/05\/MT-Hexen-toben-ueber-die-Buehne.pdf\" target=\"_blank\" rel=\"noopener noreferrer\">Hexen toben \u00fcber die B\u00fchne<\/a><\/td>\n<td>29.05.2007<\/td>\n<\/tr>\n<tr>\n<td>L\u00fcbbecker Kreiszeitung<\/td>\n<td><a href=\"\/\/www.freilichtbuehne-nettelstedt.dewp-content\/uploads\/2011\/05\/LK-Liebling-aller-Kinder.pdf\" target=\"_blank\" rel=\"noopener noreferrer\">Liebling aller Kinder<\/a><\/td>\n<td>26.04.2007<\/td>\n<\/tr>\n<tr>\n<td>Neue Westf\u00e4lische<\/td>\n<td><a href=\"\/\/www.freilichtbuehne-nettelstedt.dewp-content\/uploads\/2011\/05\/Tausende-Zuschauer-auf-der-Freilichtbuehne.pdf\" target=\"_blank\" rel=\"noopener noreferrer\">Tausende Zuschauer auf der Freilichtb\u00fchne<\/a><\/td>\n<td>27.11.2007<\/td>\n<\/tr>\n<tr>\n<td>Neue Westf\u00e4lische<\/td>\n<td><a href=\"https:\/\/www.freilichtbuehne-nettelstedt.de\/wp-content\/uploads\/2011\/05\/NW-Kleine-Hexerei.pdf\" target=\"_blank\" rel=\"noopener noreferrer\">Kleine Hexerei<\/a><\/td>\n<td>25.05.2007<\/td>\n<\/tr>\n<tr>\n<td>Neue Westf\u00e4lische<\/td>\n<td><a href=\"https:\/\/www.freilichtbuehne-nettelstedt.de\/wp-content\/uploads\/2019\/01\/NW-Wirbelwind-auf-Huenenbrink.pdf\" target=\"_blank\" rel=\"noopener noreferrer\">Wirbelwind auf H\u00fcnenbrink<\/a><\/td>\n<td>29.05.2007<\/td>\n<\/tr>\n<tr>\n<td>Mindener Tageblatt<\/td>\n<td><a href=\"\/\/www.freilichtbuehne-nettelstedt.dewp-content\/uploads\/2011\/05\/MT-Wie-ein-Familienausflug.pdf\" target=\"_blank\" rel=\"noopener noreferrer\">Wie ein Familienausflug<\/a><\/td>\n<td>17.05.2007<\/td>\n<\/tr>\n<tr>\n<td>L\u00fcbbecker Stadtgespr\u00e4ch<\/td>\n<td><a href=\"\/\/www.freilichtbuehne-nettelstedt.dewp-content\/uploads\/2011\/05\/SG-Kleine-Hexe-fliegt-uebern-Huenenbrink.pdf\" target=\"_blank\" rel=\"noopener noreferrer\">Kleine Hexe fliegt \u00fcbern H\u00fcenenbrink<\/a><\/td>\n<td>Mai 2007<\/td>\n<\/tr>\n<tr>\n<td>Neue Westf\u00e4lische<\/td>\n<td><a href=\"https:\/\/www.freilichtbuehne-nettelstedt.de\/wp-content\/uploads\/2011\/05\/NW-Auch-kleine-Hexen-wollen-chic-sein.pdf\" target=\"_blank\" rel=\"noopener noreferrer\">Auch kleine Hexen wollen chic sein<\/a><\/td>\n<td>27.03.2007<\/td>\n<\/tr>\n<tr>\n<td>L\u00fcbbecker Kreiszeitung<\/td>\n<td style=\"width: 250px;\"><a href=\"https:\/\/www.freilichtbuehne-nettelstedt.de\/wp-content\/uploads\/2011\/05\/LK-Hexentanz-auf-dem-Huenenbrink.pdf\" target=\"_blank\" rel=\"noopener noreferrer\">Hexentanz auf dem H\u00fcnenbrink<\/a><\/td>\n<td>29.05.2007<\/td>\n<\/tr>\n<tr>\n<td>Neue Westf\u00e4lische<\/td>\n<td><a href=\"https:\/\/www.freilichtbuehne-nettelstedt.de\/wp-content\/uploads\/2011\/05\/NW-Kleine-Hexen-haben-es-nicht-leicht.pdf\" target=\"_blank\" rel=\"noopener noreferrer\">Kleine Hexen haben es nicht leicht<\/a><\/td>\n<td>23.05.2007<\/td>\n<\/tr>\n<\/tbody>\n<\/table>\n<h2>Bildergallery<\/h2>\nngg_shortcode_0_placeholder\n<p>&nbsp;<\/p>\n","protected":false},"excerpt":{"rendered":"<p>von Otfried Preu\u00dfler Bearbeitung f\u00fcr die Freilichtb\u00fchne: Hinnerk Walbohm Musikproduktion: Frank Suchland Inhalt: Die 127-j\u00e4hrige kleine Hexe lebt im tiefen Wald mit ihrem Raben Abraxas. Sie verbringt viel Zeit damit, in ihrem Hexenbuch zu lesen und das Hexen zu lernen Sie gilt mit ihren 127 Jahren in Hexenkreisen als zu jung, um an der Walpurgisnacht [&hellip;]<\/p>\n","protected":false},"author":2,"featured_media":429,"comment_status":"closed","ping_status":"closed","sticky":false,"template":"","format":"standard","meta":{"_monsterinsights_skip_tracking":false,"_monsterinsights_sitenote_active":false,"_monsterinsights_sitenote_note":"","_monsterinsights_sitenote_category":0,"ngg_post_thumbnail":0,"footnotes":""},"categories":[31],"tags":[],"class_list":{"0":"post-434","1":"post","2":"type-post","3":"status-publish","4":"format-standard","5":"has-post-thumbnail","7":"category-aktuelles","8":"czr-hentry"},"yoast_head":"<!-- This site is optimized with the Yoast SEO plugin v27.3 - https:\/\/yoast.com\/product\/yoast-seo-wordpress\/ -->\n<title>2007 - Die kleine Hexe - Freilichtb\u00fchne Nettelstedt<\/title>\n<meta name=\"robots\" content=\"index, follow, max-snippet:-1, max-image-preview:large, max-video-preview:-1\" \/>\n<link rel=\"canonical\" href=\"https:\/\/www.freilichtbuehne-nettelstedt.de\/index.php\/die-kleine-hexe\/\" \/>\n<meta property=\"og:locale\" content=\"de_DE\" \/>\n<meta property=\"og:type\" content=\"article\" \/>\n<meta property=\"og:title\" content=\"2007 - Die kleine Hexe - Freilichtb\u00fchne Nettelstedt\" \/>\n<meta property=\"og:description\" content=\"von Otfried Preu\u00dfler Bearbeitung f\u00fcr die Freilichtb\u00fchne: Hinnerk Walbohm Musikproduktion: Frank Suchland Inhalt: Die 127-j\u00e4hrige kleine Hexe lebt im tiefen Wald mit ihrem Raben Abraxas. Sie verbringt viel Zeit damit, in ihrem Hexenbuch zu lesen und das Hexen zu lernen Sie gilt mit ihren 127 Jahren in Hexenkreisen als zu jung, um an der Walpurgisnacht [&hellip;]\" \/>\n<meta property=\"og:url\" content=\"https:\/\/www.freilichtbuehne-nettelstedt.de\/index.php\/die-kleine-hexe\/\" \/>\n<meta property=\"og:site_name\" content=\"Freilichtb\u00fchne Nettelstedt\" \/>\n<meta property=\"article:publisher\" content=\"https:\/\/www.facebook.com\/freilichtbuehne.nettelstedt\/\" \/>\n<meta property=\"article:published_time\" content=\"2011-02-16T13:52:43+00:00\" \/>\n<meta property=\"article:modified_time\" content=\"2020-07-11T12:06:35+00:00\" \/>\n<meta property=\"og:image\" content=\"https:\/\/www.freilichtbuehne-nettelstedt.de\/wp-content\/uploads\/2011\/02\/Kleine-Hexe.jpg\" \/>\n\t<meta property=\"og:image:width\" content=\"250\" \/>\n\t<meta property=\"og:image:height\" content=\"229\" \/>\n\t<meta property=\"og:image:type\" content=\"image\/jpeg\" \/>\n<meta name=\"author\" content=\"Manfred M\u00f6hlmann\" \/>\n<meta name=\"twitter:card\" content=\"summary_large_image\" \/>\n<meta name=\"twitter:label1\" content=\"Verfasst von\" \/>\n\t<meta name=\"twitter:data1\" content=\"Manfred M\u00f6hlmann\" \/>\n\t<meta name=\"twitter:label2\" content=\"Gesch\u00e4tzte Lesezeit\" \/>\n\t<meta name=\"twitter:data2\" content=\"5\u00a0Minuten\" \/>\n<script type=\"application\/ld+json\" class=\"yoast-schema-graph\">{\"@context\":\"https:\\\/\\\/schema.org\",\"@graph\":[{\"@type\":\"Article\",\"@id\":\"https:\\\/\\\/www.freilichtbuehne-nettelstedt.de\\\/index.php\\\/die-kleine-hexe\\\/#article\",\"isPartOf\":{\"@id\":\"https:\\\/\\\/www.freilichtbuehne-nettelstedt.de\\\/index.php\\\/die-kleine-hexe\\\/\"},\"author\":{\"name\":\"Manfred M\u00f6hlmann\",\"@id\":\"https:\\\/\\\/www.freilichtbuehne-nettelstedt.de\\\/#\\\/schema\\\/person\\\/4e91ec7580d6c9b5fb05a4d8959d7c1d\"},\"headline\":\"2007 &#8211; Die kleine Hexe\",\"datePublished\":\"2011-02-16T13:52:43+00:00\",\"dateModified\":\"2020-07-11T12:06:35+00:00\",\"mainEntityOfPage\":{\"@id\":\"https:\\\/\\\/www.freilichtbuehne-nettelstedt.de\\\/index.php\\\/die-kleine-hexe\\\/\"},\"wordCount\":1077,\"publisher\":{\"@id\":\"https:\\\/\\\/www.freilichtbuehne-nettelstedt.de\\\/#organization\"},\"image\":{\"@id\":\"https:\\\/\\\/www.freilichtbuehne-nettelstedt.de\\\/index.php\\\/die-kleine-hexe\\\/#primaryimage\"},\"thumbnailUrl\":\"https:\\\/\\\/www.freilichtbuehne-nettelstedt.de\\\/wp-content\\\/uploads\\\/2011\\\/02\\\/Kleine-Hexe.jpg\",\"articleSection\":[\"Aktuelles\"],\"inLanguage\":\"de\"},{\"@type\":\"WebPage\",\"@id\":\"https:\\\/\\\/www.freilichtbuehne-nettelstedt.de\\\/index.php\\\/die-kleine-hexe\\\/\",\"url\":\"https:\\\/\\\/www.freilichtbuehne-nettelstedt.de\\\/index.php\\\/die-kleine-hexe\\\/\",\"name\":\"2007 - Die kleine Hexe - Freilichtb\u00fchne Nettelstedt\",\"isPartOf\":{\"@id\":\"https:\\\/\\\/www.freilichtbuehne-nettelstedt.de\\\/#website\"},\"primaryImageOfPage\":{\"@id\":\"https:\\\/\\\/www.freilichtbuehne-nettelstedt.de\\\/index.php\\\/die-kleine-hexe\\\/#primaryimage\"},\"image\":{\"@id\":\"https:\\\/\\\/www.freilichtbuehne-nettelstedt.de\\\/index.php\\\/die-kleine-hexe\\\/#primaryimage\"},\"thumbnailUrl\":\"https:\\\/\\\/www.freilichtbuehne-nettelstedt.de\\\/wp-content\\\/uploads\\\/2011\\\/02\\\/Kleine-Hexe.jpg\",\"datePublished\":\"2011-02-16T13:52:43+00:00\",\"dateModified\":\"2020-07-11T12:06:35+00:00\",\"breadcrumb\":{\"@id\":\"https:\\\/\\\/www.freilichtbuehne-nettelstedt.de\\\/index.php\\\/die-kleine-hexe\\\/#breadcrumb\"},\"inLanguage\":\"de\",\"potentialAction\":[{\"@type\":\"ReadAction\",\"target\":[\"https:\\\/\\\/www.freilichtbuehne-nettelstedt.de\\\/index.php\\\/die-kleine-hexe\\\/\"]}]},{\"@type\":\"ImageObject\",\"inLanguage\":\"de\",\"@id\":\"https:\\\/\\\/www.freilichtbuehne-nettelstedt.de\\\/index.php\\\/die-kleine-hexe\\\/#primaryimage\",\"url\":\"https:\\\/\\\/www.freilichtbuehne-nettelstedt.de\\\/wp-content\\\/uploads\\\/2011\\\/02\\\/Kleine-Hexe.jpg\",\"contentUrl\":\"https:\\\/\\\/www.freilichtbuehne-nettelstedt.de\\\/wp-content\\\/uploads\\\/2011\\\/02\\\/Kleine-Hexe.jpg\",\"width\":\"250\",\"height\":\"229\"},{\"@type\":\"BreadcrumbList\",\"@id\":\"https:\\\/\\\/www.freilichtbuehne-nettelstedt.de\\\/index.php\\\/die-kleine-hexe\\\/#breadcrumb\",\"itemListElement\":[{\"@type\":\"ListItem\",\"position\":1,\"name\":\"Startseite\",\"item\":\"https:\\\/\\\/www.freilichtbuehne-nettelstedt.de\\\/\"},{\"@type\":\"ListItem\",\"position\":2,\"name\":\"2007 &#8211; Die kleine Hexe\"}]},{\"@type\":\"WebSite\",\"@id\":\"https:\\\/\\\/www.freilichtbuehne-nettelstedt.de\\\/#website\",\"url\":\"https:\\\/\\\/www.freilichtbuehne-nettelstedt.de\\\/\",\"name\":\"Freilichtb\u00fchne Nettelstedt\",\"description\":\"Theater, das einfach Spa\u00df macht\",\"publisher\":{\"@id\":\"https:\\\/\\\/www.freilichtbuehne-nettelstedt.de\\\/#organization\"},\"potentialAction\":[{\"@type\":\"SearchAction\",\"target\":{\"@type\":\"EntryPoint\",\"urlTemplate\":\"https:\\\/\\\/www.freilichtbuehne-nettelstedt.de\\\/?s={search_term_string}\"},\"query-input\":{\"@type\":\"PropertyValueSpecification\",\"valueRequired\":true,\"valueName\":\"search_term_string\"}}],\"inLanguage\":\"de\"},{\"@type\":\"Organization\",\"@id\":\"https:\\\/\\\/www.freilichtbuehne-nettelstedt.de\\\/#organization\",\"name\":\"Freilichtb\u00fchne Nettelstedt e.V\",\"url\":\"https:\\\/\\\/www.freilichtbuehne-nettelstedt.de\\\/\",\"logo\":{\"@type\":\"ImageObject\",\"inLanguage\":\"de\",\"@id\":\"https:\\\/\\\/www.freilichtbuehne-nettelstedt.de\\\/#\\\/schema\\\/logo\\\/image\\\/\",\"url\":\"https:\\\/\\\/www.freilichtbuehne-nettelstedt.de\\\/wp-content\\\/uploads\\\/2016\\\/02\\\/Logo_Final_2016_Transp_klein.png\",\"contentUrl\":\"https:\\\/\\\/www.freilichtbuehne-nettelstedt.de\\\/wp-content\\\/uploads\\\/2016\\\/02\\\/Logo_Final_2016_Transp_klein.png\",\"width\":250,\"height\":100,\"caption\":\"Freilichtb\u00fchne Nettelstedt e.V\"},\"image\":{\"@id\":\"https:\\\/\\\/www.freilichtbuehne-nettelstedt.de\\\/#\\\/schema\\\/logo\\\/image\\\/\"},\"sameAs\":[\"https:\\\/\\\/www.facebook.com\\\/freilichtbuehne.nettelstedt\\\/\",\"https:\\\/\\\/www.instagram.com\\\/freilichtbuehnenettelstedt\\\/\"]},{\"@type\":\"Person\",\"@id\":\"https:\\\/\\\/www.freilichtbuehne-nettelstedt.de\\\/#\\\/schema\\\/person\\\/4e91ec7580d6c9b5fb05a4d8959d7c1d\",\"name\":\"Manfred M\u00f6hlmann\",\"url\":\"https:\\\/\\\/www.freilichtbuehne-nettelstedt.de\\\/index.php\\\/author\\\/mammut\\\/\"}]}<\/script>\n<!-- \/ Yoast SEO plugin. -->","yoast_head_json":{"title":"2007 - Die kleine Hexe - Freilichtb\u00fchne Nettelstedt","robots":{"index":"index","follow":"follow","max-snippet":"max-snippet:-1","max-image-preview":"max-image-preview:large","max-video-preview":"max-video-preview:-1"},"canonical":"https:\/\/www.freilichtbuehne-nettelstedt.de\/index.php\/die-kleine-hexe\/","og_locale":"de_DE","og_type":"article","og_title":"2007 - Die kleine Hexe - Freilichtb\u00fchne Nettelstedt","og_description":"von Otfried Preu\u00dfler Bearbeitung f\u00fcr die Freilichtb\u00fchne: Hinnerk Walbohm Musikproduktion: Frank Suchland Inhalt: Die 127-j\u00e4hrige kleine Hexe lebt im tiefen Wald mit ihrem Raben Abraxas. Sie verbringt viel Zeit damit, in ihrem Hexenbuch zu lesen und das Hexen zu lernen Sie gilt mit ihren 127 Jahren in Hexenkreisen als zu jung, um an der Walpurgisnacht [&hellip;]","og_url":"https:\/\/www.freilichtbuehne-nettelstedt.de\/index.php\/die-kleine-hexe\/","og_site_name":"Freilichtb\u00fchne Nettelstedt","article_publisher":"https:\/\/www.facebook.com\/freilichtbuehne.nettelstedt\/","article_published_time":"2011-02-16T13:52:43+00:00","article_modified_time":"2020-07-11T12:06:35+00:00","og_image":[{"width":250,"height":229,"url":"https:\/\/www.freilichtbuehne-nettelstedt.de\/wp-content\/uploads\/2011\/02\/Kleine-Hexe.jpg","type":"image\/jpeg"}],"author":"Manfred M\u00f6hlmann","twitter_card":"summary_large_image","twitter_misc":{"Verfasst von":"Manfred M\u00f6hlmann","Gesch\u00e4tzte Lesezeit":"5\u00a0Minuten"},"schema":{"@context":"https:\/\/schema.org","@graph":[{"@type":"Article","@id":"https:\/\/www.freilichtbuehne-nettelstedt.de\/index.php\/die-kleine-hexe\/#article","isPartOf":{"@id":"https:\/\/www.freilichtbuehne-nettelstedt.de\/index.php\/die-kleine-hexe\/"},"author":{"name":"Manfred M\u00f6hlmann","@id":"https:\/\/www.freilichtbuehne-nettelstedt.de\/#\/schema\/person\/4e91ec7580d6c9b5fb05a4d8959d7c1d"},"headline":"2007 &#8211; Die kleine Hexe","datePublished":"2011-02-16T13:52:43+00:00","dateModified":"2020-07-11T12:06:35+00:00","mainEntityOfPage":{"@id":"https:\/\/www.freilichtbuehne-nettelstedt.de\/index.php\/die-kleine-hexe\/"},"wordCount":1077,"publisher":{"@id":"https:\/\/www.freilichtbuehne-nettelstedt.de\/#organization"},"image":{"@id":"https:\/\/www.freilichtbuehne-nettelstedt.de\/index.php\/die-kleine-hexe\/#primaryimage"},"thumbnailUrl":"https:\/\/www.freilichtbuehne-nettelstedt.de\/wp-content\/uploads\/2011\/02\/Kleine-Hexe.jpg","articleSection":["Aktuelles"],"inLanguage":"de"},{"@type":"WebPage","@id":"https:\/\/www.freilichtbuehne-nettelstedt.de\/index.php\/die-kleine-hexe\/","url":"https:\/\/www.freilichtbuehne-nettelstedt.de\/index.php\/die-kleine-hexe\/","name":"2007 - Die kleine Hexe - Freilichtb\u00fchne Nettelstedt","isPartOf":{"@id":"https:\/\/www.freilichtbuehne-nettelstedt.de\/#website"},"primaryImageOfPage":{"@id":"https:\/\/www.freilichtbuehne-nettelstedt.de\/index.php\/die-kleine-hexe\/#primaryimage"},"image":{"@id":"https:\/\/www.freilichtbuehne-nettelstedt.de\/index.php\/die-kleine-hexe\/#primaryimage"},"thumbnailUrl":"https:\/\/www.freilichtbuehne-nettelstedt.de\/wp-content\/uploads\/2011\/02\/Kleine-Hexe.jpg","datePublished":"2011-02-16T13:52:43+00:00","dateModified":"2020-07-11T12:06:35+00:00","breadcrumb":{"@id":"https:\/\/www.freilichtbuehne-nettelstedt.de\/index.php\/die-kleine-hexe\/#breadcrumb"},"inLanguage":"de","potentialAction":[{"@type":"ReadAction","target":["https:\/\/www.freilichtbuehne-nettelstedt.de\/index.php\/die-kleine-hexe\/"]}]},{"@type":"ImageObject","inLanguage":"de","@id":"https:\/\/www.freilichtbuehne-nettelstedt.de\/index.php\/die-kleine-hexe\/#primaryimage","url":"https:\/\/www.freilichtbuehne-nettelstedt.de\/wp-content\/uploads\/2011\/02\/Kleine-Hexe.jpg","contentUrl":"https:\/\/www.freilichtbuehne-nettelstedt.de\/wp-content\/uploads\/2011\/02\/Kleine-Hexe.jpg","width":"250","height":"229"},{"@type":"BreadcrumbList","@id":"https:\/\/www.freilichtbuehne-nettelstedt.de\/index.php\/die-kleine-hexe\/#breadcrumb","itemListElement":[{"@type":"ListItem","position":1,"name":"Startseite","item":"https:\/\/www.freilichtbuehne-nettelstedt.de\/"},{"@type":"ListItem","position":2,"name":"2007 &#8211; Die kleine Hexe"}]},{"@type":"WebSite","@id":"https:\/\/www.freilichtbuehne-nettelstedt.de\/#website","url":"https:\/\/www.freilichtbuehne-nettelstedt.de\/","name":"Freilichtb\u00fchne Nettelstedt","description":"Theater, das einfach Spa\u00df macht","publisher":{"@id":"https:\/\/www.freilichtbuehne-nettelstedt.de\/#organization"},"potentialAction":[{"@type":"SearchAction","target":{"@type":"EntryPoint","urlTemplate":"https:\/\/www.freilichtbuehne-nettelstedt.de\/?s={search_term_string}"},"query-input":{"@type":"PropertyValueSpecification","valueRequired":true,"valueName":"search_term_string"}}],"inLanguage":"de"},{"@type":"Organization","@id":"https:\/\/www.freilichtbuehne-nettelstedt.de\/#organization","name":"Freilichtb\u00fchne Nettelstedt e.V","url":"https:\/\/www.freilichtbuehne-nettelstedt.de\/","logo":{"@type":"ImageObject","inLanguage":"de","@id":"https:\/\/www.freilichtbuehne-nettelstedt.de\/#\/schema\/logo\/image\/","url":"https:\/\/www.freilichtbuehne-nettelstedt.de\/wp-content\/uploads\/2016\/02\/Logo_Final_2016_Transp_klein.png","contentUrl":"https:\/\/www.freilichtbuehne-nettelstedt.de\/wp-content\/uploads\/2016\/02\/Logo_Final_2016_Transp_klein.png","width":250,"height":100,"caption":"Freilichtb\u00fchne Nettelstedt e.V"},"image":{"@id":"https:\/\/www.freilichtbuehne-nettelstedt.de\/#\/schema\/logo\/image\/"},"sameAs":["https:\/\/www.facebook.com\/freilichtbuehne.nettelstedt\/","https:\/\/www.instagram.com\/freilichtbuehnenettelstedt\/"]},{"@type":"Person","@id":"https:\/\/www.freilichtbuehne-nettelstedt.de\/#\/schema\/person\/4e91ec7580d6c9b5fb05a4d8959d7c1d","name":"Manfred M\u00f6hlmann","url":"https:\/\/www.freilichtbuehne-nettelstedt.de\/index.php\/author\/mammut\/"}]}},"_links":{"self":[{"href":"https:\/\/www.freilichtbuehne-nettelstedt.de\/index.php\/wp-json\/wp\/v2\/posts\/434","targetHints":{"allow":["GET"]}}],"collection":[{"href":"https:\/\/www.freilichtbuehne-nettelstedt.de\/index.php\/wp-json\/wp\/v2\/posts"}],"about":[{"href":"https:\/\/www.freilichtbuehne-nettelstedt.de\/index.php\/wp-json\/wp\/v2\/types\/post"}],"author":[{"embeddable":true,"href":"https:\/\/www.freilichtbuehne-nettelstedt.de\/index.php\/wp-json\/wp\/v2\/users\/2"}],"replies":[{"embeddable":true,"href":"https:\/\/www.freilichtbuehne-nettelstedt.de\/index.php\/wp-json\/wp\/v2\/comments?post=434"}],"version-history":[{"count":35,"href":"https:\/\/www.freilichtbuehne-nettelstedt.de\/index.php\/wp-json\/wp\/v2\/posts\/434\/revisions"}],"predecessor-version":[{"id":10067,"href":"https:\/\/www.freilichtbuehne-nettelstedt.de\/index.php\/wp-json\/wp\/v2\/posts\/434\/revisions\/10067"}],"wp:featuredmedia":[{"embeddable":true,"href":"https:\/\/www.freilichtbuehne-nettelstedt.de\/index.php\/wp-json\/wp\/v2\/media\/429"}],"wp:attachment":[{"href":"https:\/\/www.freilichtbuehne-nettelstedt.de\/index.php\/wp-json\/wp\/v2\/media?parent=434"}],"wp:term":[{"taxonomy":"category","embeddable":true,"href":"https:\/\/www.freilichtbuehne-nettelstedt.de\/index.php\/wp-json\/wp\/v2\/categories?post=434"},{"taxonomy":"post_tag","embeddable":true,"href":"https:\/\/www.freilichtbuehne-nettelstedt.de\/index.php\/wp-json\/wp\/v2\/tags?post=434"}],"curies":[{"name":"wp","href":"https:\/\/api.w.org\/{rel}","templated":true}]}}