{"id":383,"date":"2011-02-15T13:06:55","date_gmt":"2011-02-15T13:06:55","guid":{"rendered":"http:\/\/bh18.hostingkunden.de\/?page_id=383"},"modified":"2020-07-11T14:08:23","modified_gmt":"2020-07-11T12:08:23","slug":"emil-und-die-detektive","status":"publish","type":"post","link":"https:\/\/www.freilichtbuehne-nettelstedt.de\/index.php\/emil-und-die-detektive\/","title":{"rendered":"2008 &#8211; Emil und die Detektive"},"content":{"rendered":"<p><img decoding=\"async\" class=\"alignnone size-full wp-image-384\" title=\"Emil-und-die-Detektive\" src=\"httpss:\/\/bh18.hostingkunden.de\/wp-content\/uploads\/2011\/02\/Emil-und-die-Detektive.jpg\" alt=\"\" width=\"200\" height=\"209\"><\/p>\n<p>von Erich K\u00e4stner<br \/>\nBearbeitung f\u00fcr die Freilichtb\u00fchne: Hinnerk Walbohm<br \/>\nMusik: von Frank Suchland<\/p>\n<h2>Inhalt:<\/h2>\n<p>Zum ersten Mal darf Emil Tischbein allein nach Berlin fahren, um seine Gro\u00dfmutter zu besuchen Mit 140 Mark versehen, die er mit einer Stecknadel in seiner Jacke befestigt hat, tritt er die Zugreise an.<\/p>\n<p>Nach einiger Zeit schl\u00e4ft Emil ein. Als er wieder aufwacht, ist sein Geld verschwunden. Der Verdacht f\u00e4llt auf Herrn Grundeis, der als einziger weiterer Fahrgast mit in Emils Abteil gesessen hat. Als der Mann aussteigt, verfolgt ihn Emil quer durch Berlin.<\/p>\n<p>Zum Gl\u00fcck lernt er in der Stadt schnell Freunde kennen, die ihn bei der Detektivarbeit unterst\u00fctzen: Gustav mit der Hupe, der kleine Dienstag, seine Cousine Pony H\u00fctchen und viele weitere Kinder wollen Emil helfen, das er sein Geld zur\u00fcck bekommt.<\/p>\n<p>F\u00fcr die Kinder beginnt ein gro\u00dfes Abenteuer mitten in Berlin. Ob es Emil und seinen Detektiven gelingen wird, den Dieb zu fassen, soll an dieser Stelle noch nicht verraten werden&#8230;&#8230;<\/p>\n<p>Das von Regisseur Hinnerk Walbohm mit viel Liebe zum Detail inszenierte St\u00fcck bietet Theaterspa\u00df sowohl f\u00fcr ganz kleine als auch f\u00fcr gro\u00dfe Zuschauer.<\/p>\n<h2>Auff\u00fchrungsort:<\/h2>\n<p>Freilichtb\u00fchne Nettelstedt<\/p>\n<h2>Spielzeit:<\/h2>\n<p>Jeden Sonntag, vom 11. Mai bis 24. August 2008 jeweils um 16.00 Uhr<\/p>\n<p><strong>Sondervorstellungen: <\/strong><\/p>\n<table style=\"width: 500px;\" border=\"0\">\n<tbody>\n<tr>\n<td><strong>Wochentag<\/strong><\/td>\n<td><strong>Datum<\/strong><\/td>\n<td><strong>Uhrzeit<\/strong><\/td>\n<\/tr>\n<tr>\n<td>Donnerstag<\/td>\n<td>15.05.2008<\/td>\n<td>10.00 Uhr<\/td>\n<\/tr>\n<tr>\n<td>Mittwoch<\/td>\n<td>21.05.2008<\/td>\n<td>10.00 Uhr<\/td>\n<\/tr>\n<tr>\n<td>Dienstag<\/td>\n<td>27.05.2008<\/td>\n<td>10.00 Uhr<\/td>\n<\/tr>\n<tr>\n<td>Mittwoch<\/td>\n<td>04.06.2008<\/td>\n<td>10.00 Uhr<\/td>\n<\/tr>\n<tr>\n<td>Donnerstag<\/td>\n<td>12.06.2008<\/td>\n<td>10.00 Uhr<\/td>\n<\/tr>\n<tr>\n<td>Mittwoch<\/td>\n<td>18.06.2008<\/td>\n<td>10.00 Uhr<\/td>\n<\/tr>\n<tr>\n<td>Freitag<\/td>\n<td>20.06.2008<\/td>\n<td>14.00 Uhr<\/td>\n<\/tr>\n<tr>\n<td>Mittwoch<\/td>\n<td>02.07.2008<\/td>\n<td>16.00 Uhr<\/td>\n<\/tr>\n<\/tbody>\n<\/table>\n<h2>Besetzungsliste<\/h2>\n<table style=\"width: 700px;\" cellspacing=\"0\" cellpadding=\"0\" border=\"0\">\n<colgroup>\n<col width=\"80\">\n<col width=\"69\">\n<col width=\"174\"> <\/colgroup>\n<tbody>\n<tr>\n<td style=\"width: 100px; height: 17px;\" colspan=\"2\" valign=\"top\"><strong>Rolle<\/strong><\/td>\n<td width=\"174\"><strong>Schauspieler<\/strong><\/td>\n<td width=\"174\"><strong>Schauspieler<\/strong><\/td>\n<\/tr>\n<tr>\n<td style=\"width: 100px; height: 17px;\" colspan=\"2\" valign=\"top\">Emil Tischbein<\/td>\n<td width=\"174\">Simon Kracht,<\/td>\n<td width=\"174\">Jan-Hendrik Telgheder<\/td>\n<\/tr>\n<tr>\n<td style=\"height: 17px;\" colspan=\"2\" valign=\"top\">Pony H\u00fctchen<\/td>\n<td>Sara-Maria Reifenscheid,<\/td>\n<td>Inga Degenhard<\/td>\n<\/tr>\n<tr>\n<td colspan=\"2\" height=\"17\">Der Professor<\/td>\n<td>Ilka Kottkamp,<\/td>\n<td>Maren Kracht<\/td>\n<\/tr>\n<tr>\n<td colspan=\"2\" height=\"17\">Gustav mit der Hupe<\/td>\n<td>Maximilian-Falk Moritz,<\/td>\n<td>Niklas \u00d6wermann<\/td>\n<\/tr>\n<tr>\n<td colspan=\"2\" height=\"17\">Der kleine Dienstag<\/td>\n<td>Raja Moritz,<\/td>\n<td>Merle Kracht<\/td>\n<\/tr>\n<tr>\n<td colspan=\"2\" height=\"17\">Krummbiegel<\/td>\n<td>Jonas Stork,<\/td>\n<td>Lukas-Kilian Giese<\/td>\n<\/tr>\n<tr>\n<td colspan=\"2\">Winnetou<\/td>\n<td>Moritz Schnute,<\/td>\n<td>Linus Schrewe<\/td>\n<\/tr>\n<tr>\n<td colspan=\"2\">Lotte<\/td>\n<td>Merle Bachmann,<\/td>\n<td>Moira Metje<\/td>\n<\/tr>\n<tr>\n<td colspan=\"2\">Inge<\/td>\n<td>Sina Sch\u00fctte,<\/td>\n<td>Kiara Schmale<\/td>\n<\/tr>\n<tr>\n<td colspan=\"2\">Ilse<\/td>\n<td>Jara-Loreen Sch\u00fctte,<\/td>\n<td>Fiona Metje<\/td>\n<\/tr>\n<tr>\n<td colspan=\"2\">Hanna<\/td>\n<td>Sophia Schnute,<\/td>\n<td>Hilke Niedringhaus<\/td>\n<\/tr>\n<tr>\n<td colspan=\"2\" height=\"17\">Erz\u00e4hler<\/td>\n<td>Wolfgang Hovemeyer,<\/td>\n<td>Dr. Hans-J\u00fcrgen Arning<\/td>\n<\/tr>\n<tr>\n<td colspan=\"2\">Anna Tischbein<\/td>\n<td>Susanne \u00d6wermann,<\/td>\n<td>Birgit Metje<\/td>\n<\/tr>\n<tr>\n<td colspan=\"2\">Gro\u00dfmutter<\/td>\n<td>Martha Budde<\/td>\n<td><\/td>\n<\/tr>\n<tr>\n<td colspan=\"2\">Grundeis<\/td>\n<td>J\u00f6rg R\u00f6ding,<\/td>\n<td>J\u00fcrgen Moritz<\/td>\n<\/tr>\n<tr>\n<td colspan=\"2\" height=\"17\">Fr\u00e4ulein Jacob<\/td>\n<td>Lena Bachmann,<\/td>\n<td>Kerstin Schmale<\/td>\n<\/tr>\n<tr>\n<td colspan=\"2\">Wachtmeister Jeschke<\/td>\n<td>Manfred M\u00f6hlmann<\/td>\n<td><\/td>\n<\/tr>\n<tr>\n<td colspan=\"2\" height=\"17\">Wachtmeister Lurje<\/td>\n<td>Henning Bunge,<\/td>\n<td>Dr. Wolfgang Dehne<\/td>\n<\/tr>\n<tr>\n<td colspan=\"2\" height=\"17\">Kriminalkommissar<\/td>\n<td>Uli Sch\u00fctte<\/td>\n<td><\/td>\n<\/tr>\n<tr>\n<td colspan=\"2\" height=\"17\">Hedwig Krawuttke<\/td>\n<td>Andrea Steege,<\/td>\n<td>Angela Bunge<\/td>\n<\/tr>\n<tr>\n<td colspan=\"2\" height=\"17\">Wilhelmine Piper<\/td>\n<td>Melanie Fr\u00fcnd<\/td>\n<td><\/td>\n<\/tr>\n<tr>\n<td colspan=\"2\" height=\"17\">Bahnbeamter<\/td>\n<td>Kilian Kottkamp<\/td>\n<td><\/td>\n<\/tr>\n<tr>\n<td colspan=\"2\" height=\"17\">Bankkassiererin<\/td>\n<td>Janina Schmale,<\/td>\n<td>Lea Fiestelmann<\/td>\n<\/tr>\n<tr>\n<td colspan=\"2\" height=\"17\">Bankvorsteher<\/td>\n<td>Jens Metje<\/td>\n<td><\/td>\n<\/tr>\n<tr>\n<td colspan=\"2\" height=\"17\">Kellnerin (Cafe)<\/td>\n<td>Ilona H\u00e4rtel,<\/td>\n<td>Lena Steege<\/td>\n<\/tr>\n<tr>\n<td colspan=\"2\">Reporter<\/td>\n<td>Volker Kracht,<\/td>\n<td>Dennis Grothe<\/td>\n<\/tr>\n<tr>\n<td colspan=\"2\" height=\"17\">Frau mit Kinderwagen<\/td>\n<td>Carmen B\u00f6cher,<\/td>\n<td>Steffi Hempel<\/td>\n<\/tr>\n<tr>\n<td colspan=\"2\" height=\"17\">Zeitungsverk\u00e4uferin<\/td>\n<td>Selcan T\u00fcmkaya,<\/td>\n<td>Nathalie Gerullis<\/td>\n<\/tr>\n<tr>\n<td colspan=\"2\" height=\"17\">Frau vom Blumenkiosk<\/td>\n<td>Monika H\u00e4rtel,<\/td>\n<td>Agnes Levien<\/td>\n<\/tr>\n<tr>\n<td colspan=\"2\">Hotelboy<\/td>\n<td>Katharina Franke,<\/td>\n<td>Klaus Kr\u00f6ger<\/td>\n<\/tr>\n<tr>\n<td colspan=\"2\" height=\"17\"><strong>Kinder in Neustadt:<\/strong><\/td>\n<td><\/td>\n<td><\/td>\n<\/tr>\n<tr>\n<td colspan=\"2\">Else<\/td>\n<td>Finnja Grote,<\/td>\n<td>Marie Muth<\/td>\n<\/tr>\n<tr>\n<td colspan=\"2\" height=\"17\">Erna bzw. Ernst<\/td>\n<td>Lena Bode,<\/td>\n<td>Aaron Kracht<\/td>\n<\/tr>\n<tr>\n<td colspan=\"2\">Frieda<\/td>\n<td>Alina B\u00f6cher,<\/td>\n<td>Emma Voigt<\/td>\n<\/tr>\n<tr>\n<td colspan=\"2\">Fritz<\/td>\n<td>David Grothe,<\/td>\n<td>Tom-Luca Sch\u00fctte<\/td>\n<\/tr>\n<tr>\n<td colspan=\"2\">August<\/td>\n<td>Justin Metje,<\/td>\n<td>Paul Kreft<\/td>\n<\/tr>\n<tr>\n<td colspan=\"2\"><strong>Passanten<\/strong><\/td>\n<td>Lea B\u00f6cher<\/td>\n<td>Louisa-Sophie Hempel<\/td>\n<\/tr>\n<tr>\n<td colspan=\"2\"><\/td>\n<td>Irmgard Kracht<\/td>\n<td>Birgit Kreft<\/td>\n<\/tr>\n<tr>\n<td colspan=\"2\"><\/td>\n<td>Stephi Gerth<\/td>\n<td>Marlies Pries<\/td>\n<\/tr>\n<tr>\n<td colspan=\"2\"><\/td>\n<td>Julia R\u00f6ding<\/td>\n<td>Frauke Schomer<\/td>\n<\/tr>\n<tr>\n<td colspan=\"2\"><\/td>\n<td>Marie Stark<\/td>\n<td>Erna Stegelmeier<\/td>\n<\/tr>\n<tr>\n<td colspan=\"2\"><\/td>\n<td>Conny Stork<\/td>\n<td>Celina Stork<\/td>\n<\/tr>\n<tr>\n<td colspan=\"2\"><\/td>\n<td>Lena Degenhard<\/td>\n<td>Lena B\u00f6ker-Vo\u00dfmerb\u00e4umer<\/td>\n<\/tr>\n<tr>\n<td colspan=\"2\"><\/td>\n<td>Monika M\u00f6hlmann<\/td>\n<td><\/td>\n<\/tr>\n<tr>\n<td colspan=\"2\">Regie:<\/td>\n<td>Hinnerk Walbohm, Schleswig<\/td>\n<td><\/td>\n<\/tr>\n<tr>\n<td colspan=\"2\">Musik:<\/td>\n<td>Frank Suchland &amp; Oliver Hartmann, B\u00fcckeburg<\/td>\n<td><\/td>\n<\/tr>\n<tr>\n<td colspan=\"2\">Choreographie:<\/td>\n<td>Patsy Hull (Tanzschule Hull, L\u00fcbbecke)<\/td>\n<td><\/td>\n<\/tr>\n<tr>\n<td colspan=\"2\">B\u00fchnenbild:<\/td>\n<td>Karen Degenhard &amp; Martin J\u00e4ger-Degenhard<\/td>\n<td><\/td>\n<\/tr>\n<tr>\n<td colspan=\"2\">Kost\u00fcme:<\/td>\n<td>Dorothea Vo\u00dfmerb\u00e4umer &amp; Team<\/td>\n<td><\/td>\n<\/tr>\n<tr>\n<td colspan=\"2\">Maske:<\/td>\n<td>Bernd Hagemeier<\/td>\n<td><\/td>\n<\/tr>\n<tr>\n<td colspan=\"2\">Requisiten:<\/td>\n<td>Ulrich Wellpott<\/td>\n<td><\/td>\n<\/tr>\n<tr>\n<td colspan=\"2\">Technik:<\/td>\n<td>Tobias Wehrmann, Markus Urban &amp; Team<\/td>\n<td><\/td>\n<\/tr>\n<\/tbody>\n<\/table>\n<h2>Presseartikel<\/h2>\n<p>Das schrieb die Presse \u00fcber diese Auff\u00fchrung.<\/p>\n<table style=\"height: 44px; width: 700px;\" border=\"0\">\n<tbody>\n<tr>\n<td><strong>Zeitung<\/strong><\/td>\n<td><strong>Schlagzeile<\/strong><\/td>\n<td><strong>Ausgabe vom<\/strong><\/td>\n<\/tr>\n<tr>\n<td>Mindener Tageblatt<\/td>\n<td><a href=\"https:\/\/www.freilichtbuehne-nettelstedt.de\/wp-content\/uploads\/2011\/05\/MT-Wilde-Verfolgungsjagt-quer-durch-Berlin.pdf\" target=\"_blank\" rel=\"noopener noreferrer\">Wilde Verfolgungsjagt quer durch Berlin<\/a><\/td>\n<td>07.05.2008<\/td>\n<\/tr>\n<tr>\n<td>L\u00fcbbecker Kreiszeitung<\/td>\n<td style=\"width: 250px;\"><a href=\"https:\/\/www.freilichtbuehne-nettelstedt.de\/wp-content\/uploads\/2011\/05\/LK-Emil-ermittelt-in-Nettelstedt.pdf\" target=\"_blank\" rel=\"noopener noreferrer\">Emil ermittelt in Nettelstedt<\/a><\/td>\n<td>10.05.2008<\/td>\n<\/tr>\n<tr>\n<td>Neue Westf\u00e4lische<\/td>\n<td><a href=\"https:\/\/www.freilichtbuehne-nettelstedt.de\/wp-content\/uploads\/2011\/05\/NW-Junge-Schauspieler-auf-der-grossen-Freilichtbuehne.pdf\" target=\"_blank\" rel=\"noopener noreferrer\">Junge Schauspieler auf der gro\u00dfen Freilichtb\u00fchne<\/a><\/td>\n<td>29.12.2008<\/td>\n<\/tr>\n<tr>\n<td>L\u00fcbbecker Kreiszeitung<\/td>\n<td><a href=\"https:\/\/www.freilichtbuehne-nettelstedt.de\/wp-content\/uploads\/2011\/05\/LK-Ermittlungen-unter-freiem-Himmel.pdf\" target=\"_blank\" rel=\"noopener noreferrer\">Ermittlungen unter freiem Himmel<\/a><\/td>\n<td>01.05.2008<\/td>\n<\/tr>\n<tr>\n<td>Neue Westf\u00e4lische<\/td>\n<td><a href=\"https:\/\/www.freilichtbuehne-nettelstedt.de\/wp-content\/uploads\/2011\/05\/NW-Kleine-Spuernasen-zeigen-grossartige-Leistung.pdf\" target=\"_blank\" rel=\"noopener noreferrer\">Kleine Sp\u00fcrnasen zeige gro\u00dfartige Leistung<\/a><\/td>\n<td>13.05.2008<\/td>\n<\/tr>\n<tr>\n<td>L\u00fcbbecker Kreiszeitung<\/td>\n<td><a href=\"https:\/\/www.freilichtbuehne-nettelstedt.de\/wp-content\/uploads\/2011\/05\/LK-Kinder-lassen-Grundeis-keine-Chance.pdf\" target=\"_blank\" rel=\"noopener noreferrer\">Kinder lassen Grundeis keine Chance<\/a><\/td>\n<td>13.05.2008<\/td>\n<\/tr>\n<tr>\n<td>Neue Westf\u00e4lische<\/td>\n<td><a href=\"https:\/\/www.freilichtbuehne-nettelstedt.de\/wp-content\/uploads\/2011\/05\/NW-Spuernasen-trupfen-gross-auf.pdf\" target=\"_blank\" rel=\"noopener noreferrer\">Sp\u00fcrnasen trumpfen ganz gro\u00df auf<\/a><\/td>\n<td>07.05.2008<\/td>\n<\/tr>\n<tr>\n<td>L\u00fcbbecker Kreiszeitung<\/td>\n<td><a href=\"https:\/\/www.freilichtbuehne-nettelstedt.de\/wp-content\/uploads\/2011\/05\/LK-Profi-Komponist-bringt-Emil-die-Floetentoene-bei.pdf\" target=\"_blank\" rel=\"noopener noreferrer\">Profi-Komponist bringt Emil die Fl\u00f6tent\u00f6ne bei<\/a><\/td>\n<td>09.05.2008<\/td>\n<\/tr>\n<tr>\n<td>L\u00fcbbecker Stadtgespr\u00e4ch<\/td>\n<td><a href=\"https:\/\/www.freilichtbuehne-nettelstedt.de\/wp-content\/uploads\/2011\/05\/SG-Emil-und-die-Detektive-in-Nettelstedt.pdf\" target=\"_blank\" rel=\"noopener noreferrer\">Emil und die Detektive in Nettelstedt<\/a><\/td>\n<td>Mai 2008<\/td>\n<\/tr>\n<\/tbody>\n<\/table>\n<h2>Bildergallery<\/h2>\nngg_shortcode_0_placeholder\n<p>&nbsp;<\/p>\n","protected":false},"excerpt":{"rendered":"<p>von Erich K\u00e4stner Bearbeitung f\u00fcr die Freilichtb\u00fchne: Hinnerk Walbohm Musik: von Frank Suchland Inhalt: Zum ersten Mal darf Emil Tischbein allein nach Berlin fahren, um seine Gro\u00dfmutter zu besuchen Mit 140 Mark versehen, die er mit einer Stecknadel in seiner Jacke befestigt hat, tritt er die Zugreise an. Nach einiger Zeit schl\u00e4ft Emil ein. Als [&hellip;]<\/p>\n","protected":false},"author":2,"featured_media":384,"comment_status":"closed","ping_status":"closed","sticky":false,"template":"","format":"standard","meta":{"_monsterinsights_skip_tracking":false,"_monsterinsights_sitenote_active":false,"_monsterinsights_sitenote_note":"","_monsterinsights_sitenote_category":0,"ngg_post_thumbnail":0,"footnotes":""},"categories":[31],"tags":[],"class_list":{"0":"post-383","1":"post","2":"type-post","3":"status-publish","4":"format-standard","5":"has-post-thumbnail","7":"category-aktuelles","8":"czr-hentry"},"yoast_head":"<!-- This site is optimized with the Yoast SEO plugin v27.3 - https:\/\/yoast.com\/product\/yoast-seo-wordpress\/ -->\n<title>2008 - Emil und die Detektive - Freilichtb\u00fchne Nettelstedt<\/title>\n<meta name=\"robots\" content=\"index, follow, max-snippet:-1, max-image-preview:large, max-video-preview:-1\" \/>\n<link rel=\"canonical\" href=\"https:\/\/www.freilichtbuehne-nettelstedt.de\/index.php\/emil-und-die-detektive\/\" \/>\n<meta property=\"og:locale\" content=\"de_DE\" \/>\n<meta property=\"og:type\" content=\"article\" \/>\n<meta property=\"og:title\" content=\"2008 - Emil und die Detektive - Freilichtb\u00fchne Nettelstedt\" \/>\n<meta property=\"og:description\" content=\"von Erich K\u00e4stner Bearbeitung f\u00fcr die Freilichtb\u00fchne: Hinnerk Walbohm Musik: von Frank Suchland Inhalt: Zum ersten Mal darf Emil Tischbein allein nach Berlin fahren, um seine Gro\u00dfmutter zu besuchen Mit 140 Mark versehen, die er mit einer Stecknadel in seiner Jacke befestigt hat, tritt er die Zugreise an. Nach einiger Zeit schl\u00e4ft Emil ein. Als [&hellip;]\" \/>\n<meta property=\"og:url\" content=\"https:\/\/www.freilichtbuehne-nettelstedt.de\/index.php\/emil-und-die-detektive\/\" \/>\n<meta property=\"og:site_name\" content=\"Freilichtb\u00fchne Nettelstedt\" \/>\n<meta property=\"article:publisher\" content=\"https:\/\/www.facebook.com\/freilichtbuehne.nettelstedt\/\" \/>\n<meta property=\"article:published_time\" content=\"2011-02-15T13:06:55+00:00\" \/>\n<meta property=\"article:modified_time\" content=\"2020-07-11T12:08:23+00:00\" \/>\n<meta property=\"og:image\" content=\"https:\/\/www.freilichtbuehne-nettelstedt.de\/wp-content\/uploads\/2011\/02\/Emil-und-die-Detektive.jpg\" \/>\n\t<meta property=\"og:image:width\" content=\"200\" \/>\n\t<meta property=\"og:image:height\" content=\"209\" \/>\n\t<meta property=\"og:image:type\" content=\"image\/jpeg\" \/>\n<meta name=\"author\" content=\"Manfred M\u00f6hlmann\" \/>\n<meta name=\"twitter:card\" content=\"summary_large_image\" \/>\n<meta name=\"twitter:label1\" content=\"Verfasst von\" \/>\n\t<meta name=\"twitter:data1\" content=\"Manfred M\u00f6hlmann\" \/>\n\t<meta name=\"twitter:label2\" content=\"Gesch\u00e4tzte Lesezeit\" \/>\n\t<meta name=\"twitter:data2\" content=\"3\u00a0Minuten\" \/>\n<script type=\"application\/ld+json\" class=\"yoast-schema-graph\">{\"@context\":\"https:\\\/\\\/schema.org\",\"@graph\":[{\"@type\":\"Article\",\"@id\":\"https:\\\/\\\/www.freilichtbuehne-nettelstedt.de\\\/index.php\\\/emil-und-die-detektive\\\/#article\",\"isPartOf\":{\"@id\":\"https:\\\/\\\/www.freilichtbuehne-nettelstedt.de\\\/index.php\\\/emil-und-die-detektive\\\/\"},\"author\":{\"name\":\"Manfred M\u00f6hlmann\",\"@id\":\"https:\\\/\\\/www.freilichtbuehne-nettelstedt.de\\\/#\\\/schema\\\/person\\\/4e91ec7580d6c9b5fb05a4d8959d7c1d\"},\"headline\":\"2008 &#8211; Emil und die Detektive\",\"datePublished\":\"2011-02-15T13:06:55+00:00\",\"dateModified\":\"2020-07-11T12:08:23+00:00\",\"mainEntityOfPage\":{\"@id\":\"https:\\\/\\\/www.freilichtbuehne-nettelstedt.de\\\/index.php\\\/emil-und-die-detektive\\\/\"},\"wordCount\":634,\"publisher\":{\"@id\":\"https:\\\/\\\/www.freilichtbuehne-nettelstedt.de\\\/#organization\"},\"image\":{\"@id\":\"https:\\\/\\\/www.freilichtbuehne-nettelstedt.de\\\/index.php\\\/emil-und-die-detektive\\\/#primaryimage\"},\"thumbnailUrl\":\"https:\\\/\\\/www.freilichtbuehne-nettelstedt.de\\\/wp-content\\\/uploads\\\/2011\\\/02\\\/Emil-und-die-Detektive.jpg\",\"articleSection\":[\"Aktuelles\"],\"inLanguage\":\"de\"},{\"@type\":\"WebPage\",\"@id\":\"https:\\\/\\\/www.freilichtbuehne-nettelstedt.de\\\/index.php\\\/emil-und-die-detektive\\\/\",\"url\":\"https:\\\/\\\/www.freilichtbuehne-nettelstedt.de\\\/index.php\\\/emil-und-die-detektive\\\/\",\"name\":\"2008 - Emil und die Detektive - Freilichtb\u00fchne Nettelstedt\",\"isPartOf\":{\"@id\":\"https:\\\/\\\/www.freilichtbuehne-nettelstedt.de\\\/#website\"},\"primaryImageOfPage\":{\"@id\":\"https:\\\/\\\/www.freilichtbuehne-nettelstedt.de\\\/index.php\\\/emil-und-die-detektive\\\/#primaryimage\"},\"image\":{\"@id\":\"https:\\\/\\\/www.freilichtbuehne-nettelstedt.de\\\/index.php\\\/emil-und-die-detektive\\\/#primaryimage\"},\"thumbnailUrl\":\"https:\\\/\\\/www.freilichtbuehne-nettelstedt.de\\\/wp-content\\\/uploads\\\/2011\\\/02\\\/Emil-und-die-Detektive.jpg\",\"datePublished\":\"2011-02-15T13:06:55+00:00\",\"dateModified\":\"2020-07-11T12:08:23+00:00\",\"breadcrumb\":{\"@id\":\"https:\\\/\\\/www.freilichtbuehne-nettelstedt.de\\\/index.php\\\/emil-und-die-detektive\\\/#breadcrumb\"},\"inLanguage\":\"de\",\"potentialAction\":[{\"@type\":\"ReadAction\",\"target\":[\"https:\\\/\\\/www.freilichtbuehne-nettelstedt.de\\\/index.php\\\/emil-und-die-detektive\\\/\"]}]},{\"@type\":\"ImageObject\",\"inLanguage\":\"de\",\"@id\":\"https:\\\/\\\/www.freilichtbuehne-nettelstedt.de\\\/index.php\\\/emil-und-die-detektive\\\/#primaryimage\",\"url\":\"https:\\\/\\\/www.freilichtbuehne-nettelstedt.de\\\/wp-content\\\/uploads\\\/2011\\\/02\\\/Emil-und-die-Detektive.jpg\",\"contentUrl\":\"https:\\\/\\\/www.freilichtbuehne-nettelstedt.de\\\/wp-content\\\/uploads\\\/2011\\\/02\\\/Emil-und-die-Detektive.jpg\",\"width\":\"200\",\"height\":\"209\"},{\"@type\":\"BreadcrumbList\",\"@id\":\"https:\\\/\\\/www.freilichtbuehne-nettelstedt.de\\\/index.php\\\/emil-und-die-detektive\\\/#breadcrumb\",\"itemListElement\":[{\"@type\":\"ListItem\",\"position\":1,\"name\":\"Startseite\",\"item\":\"https:\\\/\\\/www.freilichtbuehne-nettelstedt.de\\\/\"},{\"@type\":\"ListItem\",\"position\":2,\"name\":\"2008 &#8211; Emil und die Detektive\"}]},{\"@type\":\"WebSite\",\"@id\":\"https:\\\/\\\/www.freilichtbuehne-nettelstedt.de\\\/#website\",\"url\":\"https:\\\/\\\/www.freilichtbuehne-nettelstedt.de\\\/\",\"name\":\"Freilichtb\u00fchne Nettelstedt\",\"description\":\"Theater, das einfach Spa\u00df macht\",\"publisher\":{\"@id\":\"https:\\\/\\\/www.freilichtbuehne-nettelstedt.de\\\/#organization\"},\"potentialAction\":[{\"@type\":\"SearchAction\",\"target\":{\"@type\":\"EntryPoint\",\"urlTemplate\":\"https:\\\/\\\/www.freilichtbuehne-nettelstedt.de\\\/?s={search_term_string}\"},\"query-input\":{\"@type\":\"PropertyValueSpecification\",\"valueRequired\":true,\"valueName\":\"search_term_string\"}}],\"inLanguage\":\"de\"},{\"@type\":\"Organization\",\"@id\":\"https:\\\/\\\/www.freilichtbuehne-nettelstedt.de\\\/#organization\",\"name\":\"Freilichtb\u00fchne Nettelstedt e.V\",\"url\":\"https:\\\/\\\/www.freilichtbuehne-nettelstedt.de\\\/\",\"logo\":{\"@type\":\"ImageObject\",\"inLanguage\":\"de\",\"@id\":\"https:\\\/\\\/www.freilichtbuehne-nettelstedt.de\\\/#\\\/schema\\\/logo\\\/image\\\/\",\"url\":\"https:\\\/\\\/www.freilichtbuehne-nettelstedt.de\\\/wp-content\\\/uploads\\\/2016\\\/02\\\/Logo_Final_2016_Transp_klein.png\",\"contentUrl\":\"https:\\\/\\\/www.freilichtbuehne-nettelstedt.de\\\/wp-content\\\/uploads\\\/2016\\\/02\\\/Logo_Final_2016_Transp_klein.png\",\"width\":250,\"height\":100,\"caption\":\"Freilichtb\u00fchne Nettelstedt e.V\"},\"image\":{\"@id\":\"https:\\\/\\\/www.freilichtbuehne-nettelstedt.de\\\/#\\\/schema\\\/logo\\\/image\\\/\"},\"sameAs\":[\"https:\\\/\\\/www.facebook.com\\\/freilichtbuehne.nettelstedt\\\/\",\"https:\\\/\\\/www.instagram.com\\\/freilichtbuehnenettelstedt\\\/\"]},{\"@type\":\"Person\",\"@id\":\"https:\\\/\\\/www.freilichtbuehne-nettelstedt.de\\\/#\\\/schema\\\/person\\\/4e91ec7580d6c9b5fb05a4d8959d7c1d\",\"name\":\"Manfred M\u00f6hlmann\",\"url\":\"https:\\\/\\\/www.freilichtbuehne-nettelstedt.de\\\/index.php\\\/author\\\/mammut\\\/\"}]}<\/script>\n<!-- \/ Yoast SEO plugin. -->","yoast_head_json":{"title":"2008 - Emil und die Detektive - Freilichtb\u00fchne Nettelstedt","robots":{"index":"index","follow":"follow","max-snippet":"max-snippet:-1","max-image-preview":"max-image-preview:large","max-video-preview":"max-video-preview:-1"},"canonical":"https:\/\/www.freilichtbuehne-nettelstedt.de\/index.php\/emil-und-die-detektive\/","og_locale":"de_DE","og_type":"article","og_title":"2008 - Emil und die Detektive - Freilichtb\u00fchne Nettelstedt","og_description":"von Erich K\u00e4stner Bearbeitung f\u00fcr die Freilichtb\u00fchne: Hinnerk Walbohm Musik: von Frank Suchland Inhalt: Zum ersten Mal darf Emil Tischbein allein nach Berlin fahren, um seine Gro\u00dfmutter zu besuchen Mit 140 Mark versehen, die er mit einer Stecknadel in seiner Jacke befestigt hat, tritt er die Zugreise an. Nach einiger Zeit schl\u00e4ft Emil ein. Als [&hellip;]","og_url":"https:\/\/www.freilichtbuehne-nettelstedt.de\/index.php\/emil-und-die-detektive\/","og_site_name":"Freilichtb\u00fchne Nettelstedt","article_publisher":"https:\/\/www.facebook.com\/freilichtbuehne.nettelstedt\/","article_published_time":"2011-02-15T13:06:55+00:00","article_modified_time":"2020-07-11T12:08:23+00:00","og_image":[{"width":200,"height":209,"url":"https:\/\/www.freilichtbuehne-nettelstedt.de\/wp-content\/uploads\/2011\/02\/Emil-und-die-Detektive.jpg","type":"image\/jpeg"}],"author":"Manfred M\u00f6hlmann","twitter_card":"summary_large_image","twitter_misc":{"Verfasst von":"Manfred M\u00f6hlmann","Gesch\u00e4tzte Lesezeit":"3\u00a0Minuten"},"schema":{"@context":"https:\/\/schema.org","@graph":[{"@type":"Article","@id":"https:\/\/www.freilichtbuehne-nettelstedt.de\/index.php\/emil-und-die-detektive\/#article","isPartOf":{"@id":"https:\/\/www.freilichtbuehne-nettelstedt.de\/index.php\/emil-und-die-detektive\/"},"author":{"name":"Manfred M\u00f6hlmann","@id":"https:\/\/www.freilichtbuehne-nettelstedt.de\/#\/schema\/person\/4e91ec7580d6c9b5fb05a4d8959d7c1d"},"headline":"2008 &#8211; Emil und die Detektive","datePublished":"2011-02-15T13:06:55+00:00","dateModified":"2020-07-11T12:08:23+00:00","mainEntityOfPage":{"@id":"https:\/\/www.freilichtbuehne-nettelstedt.de\/index.php\/emil-und-die-detektive\/"},"wordCount":634,"publisher":{"@id":"https:\/\/www.freilichtbuehne-nettelstedt.de\/#organization"},"image":{"@id":"https:\/\/www.freilichtbuehne-nettelstedt.de\/index.php\/emil-und-die-detektive\/#primaryimage"},"thumbnailUrl":"https:\/\/www.freilichtbuehne-nettelstedt.de\/wp-content\/uploads\/2011\/02\/Emil-und-die-Detektive.jpg","articleSection":["Aktuelles"],"inLanguage":"de"},{"@type":"WebPage","@id":"https:\/\/www.freilichtbuehne-nettelstedt.de\/index.php\/emil-und-die-detektive\/","url":"https:\/\/www.freilichtbuehne-nettelstedt.de\/index.php\/emil-und-die-detektive\/","name":"2008 - Emil und die Detektive - Freilichtb\u00fchne Nettelstedt","isPartOf":{"@id":"https:\/\/www.freilichtbuehne-nettelstedt.de\/#website"},"primaryImageOfPage":{"@id":"https:\/\/www.freilichtbuehne-nettelstedt.de\/index.php\/emil-und-die-detektive\/#primaryimage"},"image":{"@id":"https:\/\/www.freilichtbuehne-nettelstedt.de\/index.php\/emil-und-die-detektive\/#primaryimage"},"thumbnailUrl":"https:\/\/www.freilichtbuehne-nettelstedt.de\/wp-content\/uploads\/2011\/02\/Emil-und-die-Detektive.jpg","datePublished":"2011-02-15T13:06:55+00:00","dateModified":"2020-07-11T12:08:23+00:00","breadcrumb":{"@id":"https:\/\/www.freilichtbuehne-nettelstedt.de\/index.php\/emil-und-die-detektive\/#breadcrumb"},"inLanguage":"de","potentialAction":[{"@type":"ReadAction","target":["https:\/\/www.freilichtbuehne-nettelstedt.de\/index.php\/emil-und-die-detektive\/"]}]},{"@type":"ImageObject","inLanguage":"de","@id":"https:\/\/www.freilichtbuehne-nettelstedt.de\/index.php\/emil-und-die-detektive\/#primaryimage","url":"https:\/\/www.freilichtbuehne-nettelstedt.de\/wp-content\/uploads\/2011\/02\/Emil-und-die-Detektive.jpg","contentUrl":"https:\/\/www.freilichtbuehne-nettelstedt.de\/wp-content\/uploads\/2011\/02\/Emil-und-die-Detektive.jpg","width":"200","height":"209"},{"@type":"BreadcrumbList","@id":"https:\/\/www.freilichtbuehne-nettelstedt.de\/index.php\/emil-und-die-detektive\/#breadcrumb","itemListElement":[{"@type":"ListItem","position":1,"name":"Startseite","item":"https:\/\/www.freilichtbuehne-nettelstedt.de\/"},{"@type":"ListItem","position":2,"name":"2008 &#8211; Emil und die Detektive"}]},{"@type":"WebSite","@id":"https:\/\/www.freilichtbuehne-nettelstedt.de\/#website","url":"https:\/\/www.freilichtbuehne-nettelstedt.de\/","name":"Freilichtb\u00fchne Nettelstedt","description":"Theater, das einfach Spa\u00df macht","publisher":{"@id":"https:\/\/www.freilichtbuehne-nettelstedt.de\/#organization"},"potentialAction":[{"@type":"SearchAction","target":{"@type":"EntryPoint","urlTemplate":"https:\/\/www.freilichtbuehne-nettelstedt.de\/?s={search_term_string}"},"query-input":{"@type":"PropertyValueSpecification","valueRequired":true,"valueName":"search_term_string"}}],"inLanguage":"de"},{"@type":"Organization","@id":"https:\/\/www.freilichtbuehne-nettelstedt.de\/#organization","name":"Freilichtb\u00fchne Nettelstedt e.V","url":"https:\/\/www.freilichtbuehne-nettelstedt.de\/","logo":{"@type":"ImageObject","inLanguage":"de","@id":"https:\/\/www.freilichtbuehne-nettelstedt.de\/#\/schema\/logo\/image\/","url":"https:\/\/www.freilichtbuehne-nettelstedt.de\/wp-content\/uploads\/2016\/02\/Logo_Final_2016_Transp_klein.png","contentUrl":"https:\/\/www.freilichtbuehne-nettelstedt.de\/wp-content\/uploads\/2016\/02\/Logo_Final_2016_Transp_klein.png","width":250,"height":100,"caption":"Freilichtb\u00fchne Nettelstedt e.V"},"image":{"@id":"https:\/\/www.freilichtbuehne-nettelstedt.de\/#\/schema\/logo\/image\/"},"sameAs":["https:\/\/www.facebook.com\/freilichtbuehne.nettelstedt\/","https:\/\/www.instagram.com\/freilichtbuehnenettelstedt\/"]},{"@type":"Person","@id":"https:\/\/www.freilichtbuehne-nettelstedt.de\/#\/schema\/person\/4e91ec7580d6c9b5fb05a4d8959d7c1d","name":"Manfred M\u00f6hlmann","url":"https:\/\/www.freilichtbuehne-nettelstedt.de\/index.php\/author\/mammut\/"}]}},"_links":{"self":[{"href":"https:\/\/www.freilichtbuehne-nettelstedt.de\/index.php\/wp-json\/wp\/v2\/posts\/383","targetHints":{"allow":["GET"]}}],"collection":[{"href":"https:\/\/www.freilichtbuehne-nettelstedt.de\/index.php\/wp-json\/wp\/v2\/posts"}],"about":[{"href":"https:\/\/www.freilichtbuehne-nettelstedt.de\/index.php\/wp-json\/wp\/v2\/types\/post"}],"author":[{"embeddable":true,"href":"https:\/\/www.freilichtbuehne-nettelstedt.de\/index.php\/wp-json\/wp\/v2\/users\/2"}],"replies":[{"embeddable":true,"href":"https:\/\/www.freilichtbuehne-nettelstedt.de\/index.php\/wp-json\/wp\/v2\/comments?post=383"}],"version-history":[{"count":22,"href":"https:\/\/www.freilichtbuehne-nettelstedt.de\/index.php\/wp-json\/wp\/v2\/posts\/383\/revisions"}],"predecessor-version":[{"id":10070,"href":"https:\/\/www.freilichtbuehne-nettelstedt.de\/index.php\/wp-json\/wp\/v2\/posts\/383\/revisions\/10070"}],"wp:featuredmedia":[{"embeddable":true,"href":"https:\/\/www.freilichtbuehne-nettelstedt.de\/index.php\/wp-json\/wp\/v2\/media\/384"}],"wp:attachment":[{"href":"https:\/\/www.freilichtbuehne-nettelstedt.de\/index.php\/wp-json\/wp\/v2\/media?parent=383"}],"wp:term":[{"taxonomy":"category","embeddable":true,"href":"https:\/\/www.freilichtbuehne-nettelstedt.de\/index.php\/wp-json\/wp\/v2\/categories?post=383"},{"taxonomy":"post_tag","embeddable":true,"href":"https:\/\/www.freilichtbuehne-nettelstedt.de\/index.php\/wp-json\/wp\/v2\/tags?post=383"}],"curies":[{"name":"wp","href":"https:\/\/api.w.org\/{rel}","templated":true}]}}