{"id":3760,"date":"2013-09-08T17:33:36","date_gmt":"2013-09-08T15:33:36","guid":{"rendered":"http:\/\/www.freilichtbuehne-nettelstedt.de?page_id=3760"},"modified":"2020-07-11T13:28:58","modified_gmt":"2020-07-11T11:28:58","slug":"eine-woche-voller-samstage-2013","status":"publish","type":"post","link":"https:\/\/www.freilichtbuehne-nettelstedt.de\/index.php\/eine-woche-voller-samstage-2013\/","title":{"rendered":"2013 &#8211; Eine Woche voller Samstage"},"content":{"rendered":"<table style=\"width: 700px;\">\n<tbody>\n<tr>\n<td style=\"width: 310px;\"><img fetchpriority=\"high\" decoding=\"async\" class=\"alignleft size-medium wp-image-3266\" src=\"https:\/\/www.freilichtbuehne-nettelstedt.de\/wp-content\/uploads\/2013\/03\/Das-Sams-300x246.jpg\" alt=\"\" width=\"300\" height=\"246\"><\/td>\n<td>Nach einer Erz\u00e4hlung von Paul Maar<\/p>\n<p>Bearbeitet f\u00fcr die Freilichtb\u00fchne Nettelstedt:<\/p>\n<p>Achim K\u00f6weker<\/td>\n<\/tr>\n<\/tbody>\n<\/table>\n<p>&nbsp;<\/p>\n<h2>Inhalt:<\/h2>\n<p>Es ist Samstag. Herr Taschenbier wartet. Worauf er wartet, wei\u00df er nicht. Warum er wartet, das l\u00e4sst sich erkl\u00e4ren. Am Sonntag schien die Sonne, am Montag kam Herr Mon, am Dienstag hatte Herr Taschenbier Dienst, am Mittwoch war Mitte der Woche, am Donnerstag donnerte es und am Freitag bekam Herr Taschenbier frei. Deswegen sitzt Herr Taschenbier auf einer Bank und wartet.<\/p>\n<p>Als Einziger err\u00e4t er, dass es sich bei dem kleinen Etwas mit R\u00fcsselnase, feuerroten Haaren und blauen Punkten im Gesicht, das am Marktplatz in einer M\u00fclltonne kauert, nur um ein Sams handeln kann.<\/p>\n<p>Keiner wei\u00df, wie ich hei\u00df&#8216; &#8211; wer es wei\u00df, kriegt &#8217;nen Preis &#8211; und schon geht das Sams mit ihm nach Hause und nennt Herrn Taschenbier ab sofort &#8222;Papa&#8220;.<\/p>\n<p>Alle Versuche, das l\u00e4stige, unversch\u00e4mt freche, dauernd reimende und lebhafte Kerlchen loszuwerden, scheitern. Und so beginnt eine sehr turbulente Woche des ansonsten sch\u00fcchternen Herrn Taschenbier.<\/p>\n<p>&nbsp;<\/p>\n<h2>Auff\u00fchrungsort:<\/h2>\n<p>Freilichtb\u00fchne Nettelstedt<\/p>\n<p>&nbsp;<\/p>\n<h2>Spielzeit:<\/h2>\n<p>Jeden Sonntag vom 19. Mai 2013 bis zum 01. September 2013, jeweils um 16:00 Uhr<\/p>\n<p>&nbsp;<\/p>\n<h2>Sondervorstellungen:<\/h2>\n<table style=\"width: 600px;\" border=\"0\">\n<tbody>\n<tr>\n<td><strong>Wochentag<\/strong><\/td>\n<td><strong>Datum<\/strong><\/td>\n<td><strong>Uhrzeit<\/strong><\/td>\n<\/tr>\n<tr>\n<td>Dienstag<\/td>\n<td>02.07.2013<\/td>\n<td>10.00 Uhr<\/td>\n<\/tr>\n<tr>\n<td>Mittwoch<\/td>\n<td>10.07.2013<\/td>\n<td>10.00 Uhr<\/td>\n<\/tr>\n<tr>\n<td>Montag<\/td>\n<td>15.07.2013<\/td>\n<td>09.30 Uhr<\/td>\n<\/tr>\n<tr>\n<td>Mittwoch<\/td>\n<td>17.07.2013<\/td>\n<td>10.00 Uhr<\/td>\n<\/tr>\n<\/tbody>\n<\/table>\n<h2><\/h2>\n<h2>Besetzungsliste<\/h2>\n<table style=\"width: 700px;\" border=\"0\">\n<tbody>\n<tr>\n<td style=\"width: 150px;\"><strong>Figur<\/strong><\/td>\n<td style=\"width: 275px;\"><strong>Schauspieler<\/strong><\/td>\n<td style=\"width: 275px;\"><strong>Schauspieler<\/strong><\/td>\n<\/tr>\n<tr>\n<td style=\"width: 200px;\">Das Sams<\/td>\n<td style=\"width: 250px;\">Carlotta Sch\u00fctte<\/td>\n<td style=\"width: 250px;\">Aaron Kracht<\/td>\n<\/tr>\n<tr>\n<td>Herr Taschenbier<\/td>\n<td>Martin J\u00e4ger-Degenhard<\/td>\n<td>Jens Hildebrandt<\/td>\n<\/tr>\n<tr>\n<td>Frau Rotkohl<\/td>\n<td>Melanie Fr\u00fcnd<\/td>\n<td>Andrea Nagel<\/td>\n<\/tr>\n<tr>\n<td>Erz\u00e4hler<\/td>\n<td>Maike Zelle<\/td>\n<td>Ilona H\u00e4rtel<\/td>\n<\/tr>\n<tr>\n<td><strong>Kalender-Kinder<\/strong><\/td>\n<td><\/td>\n<td><\/td>\n<\/tr>\n<tr>\n<td>Sonntag<\/td>\n<td>Jantje Siebarth<\/td>\n<td>Angelique Robertus<\/td>\n<\/tr>\n<tr>\n<td style=\"width: 300px;\">Montag<\/td>\n<td>Emma Schlotzhauer<\/td>\n<td>Aenne-Lin Seger<\/td>\n<\/tr>\n<tr>\n<td>Dienstag<\/td>\n<td>Klaas Engelage<\/td>\n<td>Carlotta Stork<\/td>\n<\/tr>\n<tr>\n<td>Mittwoch<\/td>\n<td>Alina Zelle<\/td>\n<td>Frederik Wulff<\/td>\n<\/tr>\n<tr>\n<td>Donnerstag<\/td>\n<td>Leonie Grote<\/td>\n<td>Sophie Hillerkus<\/td>\n<\/tr>\n<tr>\n<td>Freitag<\/td>\n<td>Finja L\u00fcbbert<\/td>\n<td>Gwynne Tame<\/td>\n<\/tr>\n<tr>\n<td>Samstag<\/td>\n<td>Lotta Grote<\/td>\n<td>Laura Hillerkus<\/td>\n<\/tr>\n<tr>\n<td><\/td>\n<td><\/td>\n<td><\/td>\n<\/tr>\n<tr>\n<td>Strassenkehrerin<\/td>\n<td>Anna-Lena Peper<\/td>\n<td>Sina Sch\u00fctte<\/td>\n<\/tr>\n<tr>\n<td>Strassenkehrer<\/td>\n<td>Niklas \u00d6wermann<\/td>\n<td>Maren Kracht<\/td>\n<\/tr>\n<tr>\n<td>Frau in der Menge<\/td>\n<td style=\"width: 200px;\">Katja Engelage<\/td>\n<td>Constanze Stork<\/td>\n<\/tr>\n<tr>\n<td>Postbote<\/td>\n<td>Saskia vom Stein<\/td>\n<td>Ilka Kottkamp<\/td>\n<\/tr>\n<tr>\n<td>Verk\u00e4ufer\/Eisb\u00e4r<\/td>\n<td>Jan Helwig<\/td>\n<td>Finn Tiemann<\/td>\n<\/tr>\n<tr>\n<td>Verk\u00e4uferin 1<\/td>\n<td>Saskia vom Stein<\/td>\n<td>Ilka Kottkamp<\/td>\n<\/tr>\n<tr>\n<td>Verk\u00e4uferin 2<\/td>\n<td>Agnes Levien<\/td>\n<td>Monika M\u00f6hlmann<\/td>\n<\/tr>\n<tr>\n<td>Abteilungsleiter \/<br \/>\nHerr Oberstein<\/td>\n<td>Wolfgang Hovemeyer<\/td>\n<td>Manfred M\u00f6hlmann<\/td>\n<\/tr>\n<tr>\n<td>Polizist<\/td>\n<td>Maren Kracht<\/td>\n<td>Michelle Gerling<\/td>\n<\/tr>\n<tr>\n<td>Feuerwehr<\/td>\n<td>Sina Sch\u00fctte<\/td>\n<td>Finja Grote<\/td>\n<\/tr>\n<tr>\n<td><\/td>\n<td>Anna-Lena Peper<\/td>\n<td>Luisa Neumann<\/td>\n<\/tr>\n<tr>\n<td>Schulrektorin<\/td>\n<td>Agnes Levien<\/td>\n<td>Monika M\u00f6hlmann<\/td>\n<\/tr>\n<tr>\n<td>Studienrat Groll<\/td>\n<td>Andreas Giese<\/td>\n<td>Jens Metje<\/td>\n<\/tr>\n<tr>\n<td>Sch\u00fcler 1<\/td>\n<td>Alina B\u00f6cher<\/td>\n<td>Timo Hannemann<\/td>\n<\/tr>\n<tr>\n<td>Sch\u00fcler 2<\/td>\n<td>Emily M\u00f6hr<\/td>\n<td>Zo\u00e8 Heitland<\/td>\n<\/tr>\n<tr>\n<td>Sch\u00fcler 3<\/td>\n<td>Pia Finke<\/td>\n<td>Anna-Jutta Michelsohn<\/td>\n<\/tr>\n<tr>\n<td>Sch\u00fcler 4<\/td>\n<td>Hanna Bauer<\/td>\n<td>Merle Kracht<\/td>\n<\/tr>\n<tr>\n<td><strong>Weitere Sch\u00fcler<\/strong><\/td>\n<td><\/td>\n<td><\/td>\n<\/tr>\n<tr>\n<td><\/td>\n<td>Malin Klinksiek<\/td>\n<td>Celina Stork<\/td>\n<\/tr>\n<tr>\n<td><\/td>\n<td>Louisa Hempel<\/td>\n<td>Lea B\u00f6cher<\/td>\n<\/tr>\n<tr>\n<td><\/td>\n<td>Inga Bringewatt<\/td>\n<td>Jaqueline Robertus<\/td>\n<\/tr>\n<tr>\n<td><\/td>\n<td>Paula Grau<\/td>\n<td>Luise Grau<\/td>\n<\/tr>\n<tr>\n<td><\/td>\n<td>Emma Naue<\/td>\n<td>Greta Naue<\/td>\n<\/tr>\n<tr>\n<td><\/td>\n<td>Natascha Giese<\/td>\n<td>Hanne Arning<\/td>\n<\/tr>\n<tr>\n<td><\/td>\n<td>Lisa Hillerkus<\/td>\n<td>Amy Finke<\/td>\n<\/tr>\n<tr>\n<td><\/td>\n<td><\/td>\n<td><\/td>\n<\/tr>\n<tr>\n<td>Bev\u00f6lkerung<\/td>\n<td>Susanne \u00d6wermann<\/td>\n<td>Stefanie Hempel<\/td>\n<\/tr>\n<tr>\n<td><\/td>\n<td>Arne Bringewatt<\/td>\n<td>Johanna R\u00f6mer<\/td>\n<\/tr>\n<tr>\n<td><\/td>\n<td>Malin Hempel<\/td>\n<td>Moira Metje<\/td>\n<\/tr>\n<tr>\n<td><\/td>\n<td>Luisa Neumann<\/td>\n<td>Birgit Metje<\/td>\n<\/tr>\n<tr>\n<td><\/td>\n<td>Fiona Metje<\/td>\n<td>Lina Hannemann<\/td>\n<\/tr>\n<tr>\n<td><\/td>\n<td>Martina Hannemann<\/td>\n<td>Finnja Grote<\/td>\n<\/tr>\n<tr>\n<td><\/td>\n<td><\/td>\n<td><\/td>\n<\/tr>\n<tr>\n<td>Spielleitung<\/td>\n<td>Maike Zelle<\/td>\n<td><\/td>\n<\/tr>\n<tr>\n<td>Souffleure<\/td>\n<td>Sina Sch\u00fctte<\/td>\n<td>Finnja Grote<\/td>\n<\/tr>\n<tr>\n<td><\/td>\n<td>Maren Kracht<\/td>\n<td>Melanie M\u00f6hlmann<\/td>\n<\/tr>\n<tr>\n<td><\/td>\n<td>Maike Zelle<\/td>\n<td><\/td>\n<\/tr>\n<tr>\n<td valign=\"top\">B\u00fchnenbau<\/td>\n<td>Rainer Bachmann und Team<\/td>\n<td><\/td>\n<\/tr>\n<tr>\n<td>Kost\u00fcme \/ Maske<\/td>\n<td>Ramona Sch\u00fctte<br \/>\nund Team<\/td>\n<td><\/td>\n<\/tr>\n<tr>\n<td>Technik<\/td>\n<td>Frank M\u00f6hr<br \/>\nund Team<\/td>\n<td><\/td>\n<\/tr>\n<tr>\n<td>Regie<\/td>\n<td>Achim K\u00f6weker<\/td>\n<td><\/td>\n<\/tr>\n<tr>\n<td>Musik<\/td>\n<td>Uwe Gremmel<\/td>\n<td><\/td>\n<\/tr>\n<\/tbody>\n<\/table>\n<h2>Presseartikel<\/h2>\n<p>Das schrieb die Presse \u00fcber diese Auff\u00fchrung.<\/p>\n<table style=\"width: 700px;\" border=\"0\">\n<tbody>\n<tr>\n<td><strong>Zeitung<\/strong><\/td>\n<td><strong>Schlagzeile<\/strong><\/td>\n<td align=\"left\"><strong>Ausgabe vom<\/strong><\/td>\n<\/tr>\n<tr>\n<td>L\u00fcbbecker Kreiszeitung<\/td>\n<td><a href=\"https:\/\/www.freilichtbuehne-nettelstedt.de\/wp-content\/uploads\/zeitungsartikel\/LK-Das-SAMS-regiert-den-Huenenbrink.pdf\" target=\"_blank\" rel=\"noopener noreferrer\">Das Sams regiert den H\u00fcnenbrink<\/a><\/td>\n<td>21.05.2013<\/td>\n<\/tr>\n<tr>\n<td>Neue Westf\u00e4lische<\/td>\n<td><a href=\"https:\/\/www.freilichtbuehne-nettelstedt.de\/wp-content\/uploads\/zeitungsartikel\/NW-Charmanter-Sams-erfuellt-jeden-Wunsch.pdf\" target=\"_blank\" rel=\"noopener noreferrer\">Charmanter Sams erf\u00fcllt jeden Wunsch<\/a><\/td>\n<td>21.05.2013<\/td>\n<\/tr>\n<tr>\n<td>L\u00fcbbecker Kreiszeitung<\/td>\n<td><a title=\"Sams wirbelt am H\u00fcnenbrink\" href=\"https:\/\/www.freilichtbuehne-nettelstedt.de\/wp-content\/uploads\/zeitungsartikel\/LK-Sams-wirbelt-am-Huenenbrink.pdf\" target=\"_blank\" rel=\"noopener noreferrer\">Sams wirbelt am H\u00fcnenbrink<\/a><\/td>\n<td>15.05.2013<\/td>\n<\/tr>\n<tr>\n<td>Neue Westf\u00e4lische<\/td>\n<td><a title=\"Spa\u00df, Erfolg und jede Menge Herzblut\" href=\"https:\/\/www.freilichtbuehne-nettelstedt.de\/wp-content\/uploads\/zeitungsartikel\/NW-Spass-Erfolg-und-jede-Menge-Herzblut.pdf\" target=\"_blank\" rel=\"noopener noreferrer\">Spa\u00df, Erfolg und jede Menge Herzblut<\/a><\/td>\n<td>15.05.2013<\/td>\n<\/tr>\n<tr>\n<td><\/td>\n<td><\/td>\n<td><\/td>\n<\/tr>\n<\/tbody>\n<\/table>\n<h2>Bildergalerie<\/h2>\n<p><p>Invalid Displayed Gallery<\/p><\/p>\n<p>&nbsp;<\/p>\n","protected":false},"excerpt":{"rendered":"<p>Nach einer Erz\u00e4hlung von Paul Maar Bearbeitet f\u00fcr die Freilichtb\u00fchne Nettelstedt: Achim K\u00f6weker &nbsp; Inhalt: Es ist Samstag. Herr Taschenbier wartet. Worauf er wartet, wei\u00df er nicht. Warum er wartet, das l\u00e4sst sich erkl\u00e4ren. Am Sonntag schien die Sonne, am Montag kam Herr Mon, am Dienstag hatte Herr Taschenbier Dienst, am Mittwoch war Mitte der [&hellip;]<\/p>\n","protected":false},"author":2,"featured_media":5553,"comment_status":"closed","ping_status":"closed","sticky":false,"template":"","format":"standard","meta":{"_monsterinsights_skip_tracking":false,"_monsterinsights_sitenote_active":false,"_monsterinsights_sitenote_note":"","_monsterinsights_sitenote_category":0,"ngg_post_thumbnail":0,"footnotes":""},"categories":[31],"tags":[],"class_list":{"0":"post-3760","1":"post","2":"type-post","3":"status-publish","4":"format-standard","5":"has-post-thumbnail","7":"category-aktuelles","8":"czr-hentry"},"yoast_head":"<!-- This site is optimized with the Yoast SEO plugin v27.3 - https:\/\/yoast.com\/product\/yoast-seo-wordpress\/ -->\n<title>2013 - Eine Woche voller Samstage - Freilichtb\u00fchne Nettelstedt<\/title>\n<meta name=\"robots\" content=\"index, follow, max-snippet:-1, max-image-preview:large, max-video-preview:-1\" \/>\n<link rel=\"canonical\" href=\"https:\/\/www.freilichtbuehne-nettelstedt.de\/index.php\/eine-woche-voller-samstage-2013\/\" \/>\n<meta property=\"og:locale\" content=\"de_DE\" \/>\n<meta property=\"og:type\" content=\"article\" \/>\n<meta property=\"og:title\" content=\"2013 - Eine Woche voller Samstage - Freilichtb\u00fchne Nettelstedt\" \/>\n<meta property=\"og:description\" content=\"Nach einer Erz\u00e4hlung von Paul Maar Bearbeitet f\u00fcr die Freilichtb\u00fchne Nettelstedt: Achim K\u00f6weker &nbsp; Inhalt: Es ist Samstag. Herr Taschenbier wartet. Worauf er wartet, wei\u00df er nicht. Warum er wartet, das l\u00e4sst sich erkl\u00e4ren. Am Sonntag schien die Sonne, am Montag kam Herr Mon, am Dienstag hatte Herr Taschenbier Dienst, am Mittwoch war Mitte der [&hellip;]\" \/>\n<meta property=\"og:url\" content=\"https:\/\/www.freilichtbuehne-nettelstedt.de\/index.php\/eine-woche-voller-samstage-2013\/\" \/>\n<meta property=\"og:site_name\" content=\"Freilichtb\u00fchne Nettelstedt\" \/>\n<meta property=\"article:publisher\" content=\"https:\/\/www.facebook.com\/freilichtbuehne.nettelstedt\/\" \/>\n<meta property=\"article:published_time\" content=\"2013-09-08T15:33:36+00:00\" \/>\n<meta property=\"article:modified_time\" content=\"2020-07-11T11:28:58+00:00\" \/>\n<meta property=\"og:image\" content=\"https:\/\/www.freilichtbuehne-nettelstedt.de\/wp-content\/uploads\/2011\/02\/DSCN2297-e1553419777362.jpg\" \/>\n\t<meta property=\"og:image:width\" content=\"2439\" \/>\n\t<meta property=\"og:image:height\" content=\"2554\" \/>\n\t<meta property=\"og:image:type\" content=\"image\/jpeg\" \/>\n<meta name=\"author\" content=\"Manfred M\u00f6hlmann\" \/>\n<meta name=\"twitter:card\" content=\"summary_large_image\" \/>\n<meta name=\"twitter:label1\" content=\"Verfasst von\" \/>\n\t<meta name=\"twitter:data1\" content=\"Manfred M\u00f6hlmann\" \/>\n\t<meta name=\"twitter:label2\" content=\"Gesch\u00e4tzte Lesezeit\" \/>\n\t<meta name=\"twitter:data2\" content=\"3\u00a0Minuten\" \/>\n<script type=\"application\/ld+json\" class=\"yoast-schema-graph\">{\"@context\":\"https:\\\/\\\/schema.org\",\"@graph\":[{\"@type\":\"Article\",\"@id\":\"https:\\\/\\\/www.freilichtbuehne-nettelstedt.de\\\/index.php\\\/eine-woche-voller-samstage-2013\\\/#article\",\"isPartOf\":{\"@id\":\"https:\\\/\\\/www.freilichtbuehne-nettelstedt.de\\\/index.php\\\/eine-woche-voller-samstage-2013\\\/\"},\"author\":{\"name\":\"Manfred M\u00f6hlmann\",\"@id\":\"https:\\\/\\\/www.freilichtbuehne-nettelstedt.de\\\/#\\\/schema\\\/person\\\/4e91ec7580d6c9b5fb05a4d8959d7c1d\"},\"headline\":\"2013 &#8211; Eine Woche voller Samstage\",\"datePublished\":\"2013-09-08T15:33:36+00:00\",\"dateModified\":\"2020-07-11T11:28:58+00:00\",\"mainEntityOfPage\":{\"@id\":\"https:\\\/\\\/www.freilichtbuehne-nettelstedt.de\\\/index.php\\\/eine-woche-voller-samstage-2013\\\/\"},\"wordCount\":540,\"publisher\":{\"@id\":\"https:\\\/\\\/www.freilichtbuehne-nettelstedt.de\\\/#organization\"},\"image\":{\"@id\":\"https:\\\/\\\/www.freilichtbuehne-nettelstedt.de\\\/index.php\\\/eine-woche-voller-samstage-2013\\\/#primaryimage\"},\"thumbnailUrl\":\"https:\\\/\\\/www.freilichtbuehne-nettelstedt.de\\\/wp-content\\\/uploads\\\/2011\\\/02\\\/DSCN2297-e1553419777362.jpg\",\"articleSection\":[\"Aktuelles\"],\"inLanguage\":\"de\"},{\"@type\":\"WebPage\",\"@id\":\"https:\\\/\\\/www.freilichtbuehne-nettelstedt.de\\\/index.php\\\/eine-woche-voller-samstage-2013\\\/\",\"url\":\"https:\\\/\\\/www.freilichtbuehne-nettelstedt.de\\\/index.php\\\/eine-woche-voller-samstage-2013\\\/\",\"name\":\"2013 - Eine Woche voller Samstage - Freilichtb\u00fchne Nettelstedt\",\"isPartOf\":{\"@id\":\"https:\\\/\\\/www.freilichtbuehne-nettelstedt.de\\\/#website\"},\"primaryImageOfPage\":{\"@id\":\"https:\\\/\\\/www.freilichtbuehne-nettelstedt.de\\\/index.php\\\/eine-woche-voller-samstage-2013\\\/#primaryimage\"},\"image\":{\"@id\":\"https:\\\/\\\/www.freilichtbuehne-nettelstedt.de\\\/index.php\\\/eine-woche-voller-samstage-2013\\\/#primaryimage\"},\"thumbnailUrl\":\"https:\\\/\\\/www.freilichtbuehne-nettelstedt.de\\\/wp-content\\\/uploads\\\/2011\\\/02\\\/DSCN2297-e1553419777362.jpg\",\"datePublished\":\"2013-09-08T15:33:36+00:00\",\"dateModified\":\"2020-07-11T11:28:58+00:00\",\"breadcrumb\":{\"@id\":\"https:\\\/\\\/www.freilichtbuehne-nettelstedt.de\\\/index.php\\\/eine-woche-voller-samstage-2013\\\/#breadcrumb\"},\"inLanguage\":\"de\",\"potentialAction\":[{\"@type\":\"ReadAction\",\"target\":[\"https:\\\/\\\/www.freilichtbuehne-nettelstedt.de\\\/index.php\\\/eine-woche-voller-samstage-2013\\\/\"]}]},{\"@type\":\"ImageObject\",\"inLanguage\":\"de\",\"@id\":\"https:\\\/\\\/www.freilichtbuehne-nettelstedt.de\\\/index.php\\\/eine-woche-voller-samstage-2013\\\/#primaryimage\",\"url\":\"https:\\\/\\\/www.freilichtbuehne-nettelstedt.de\\\/wp-content\\\/uploads\\\/2011\\\/02\\\/DSCN2297-e1553419777362.jpg\",\"contentUrl\":\"https:\\\/\\\/www.freilichtbuehne-nettelstedt.de\\\/wp-content\\\/uploads\\\/2011\\\/02\\\/DSCN2297-e1553419777362.jpg\",\"width\":2439,\"height\":2554,\"caption\":\"Eine Woche voller Samstage\"},{\"@type\":\"BreadcrumbList\",\"@id\":\"https:\\\/\\\/www.freilichtbuehne-nettelstedt.de\\\/index.php\\\/eine-woche-voller-samstage-2013\\\/#breadcrumb\",\"itemListElement\":[{\"@type\":\"ListItem\",\"position\":1,\"name\":\"Startseite\",\"item\":\"https:\\\/\\\/www.freilichtbuehne-nettelstedt.de\\\/\"},{\"@type\":\"ListItem\",\"position\":2,\"name\":\"2013 &#8211; Eine Woche voller Samstage\"}]},{\"@type\":\"WebSite\",\"@id\":\"https:\\\/\\\/www.freilichtbuehne-nettelstedt.de\\\/#website\",\"url\":\"https:\\\/\\\/www.freilichtbuehne-nettelstedt.de\\\/\",\"name\":\"Freilichtb\u00fchne Nettelstedt\",\"description\":\"Theater, das einfach Spa\u00df macht\",\"publisher\":{\"@id\":\"https:\\\/\\\/www.freilichtbuehne-nettelstedt.de\\\/#organization\"},\"potentialAction\":[{\"@type\":\"SearchAction\",\"target\":{\"@type\":\"EntryPoint\",\"urlTemplate\":\"https:\\\/\\\/www.freilichtbuehne-nettelstedt.de\\\/?s={search_term_string}\"},\"query-input\":{\"@type\":\"PropertyValueSpecification\",\"valueRequired\":true,\"valueName\":\"search_term_string\"}}],\"inLanguage\":\"de\"},{\"@type\":\"Organization\",\"@id\":\"https:\\\/\\\/www.freilichtbuehne-nettelstedt.de\\\/#organization\",\"name\":\"Freilichtb\u00fchne Nettelstedt e.V\",\"url\":\"https:\\\/\\\/www.freilichtbuehne-nettelstedt.de\\\/\",\"logo\":{\"@type\":\"ImageObject\",\"inLanguage\":\"de\",\"@id\":\"https:\\\/\\\/www.freilichtbuehne-nettelstedt.de\\\/#\\\/schema\\\/logo\\\/image\\\/\",\"url\":\"https:\\\/\\\/www.freilichtbuehne-nettelstedt.de\\\/wp-content\\\/uploads\\\/2016\\\/02\\\/Logo_Final_2016_Transp_klein.png\",\"contentUrl\":\"https:\\\/\\\/www.freilichtbuehne-nettelstedt.de\\\/wp-content\\\/uploads\\\/2016\\\/02\\\/Logo_Final_2016_Transp_klein.png\",\"width\":250,\"height\":100,\"caption\":\"Freilichtb\u00fchne Nettelstedt e.V\"},\"image\":{\"@id\":\"https:\\\/\\\/www.freilichtbuehne-nettelstedt.de\\\/#\\\/schema\\\/logo\\\/image\\\/\"},\"sameAs\":[\"https:\\\/\\\/www.facebook.com\\\/freilichtbuehne.nettelstedt\\\/\",\"https:\\\/\\\/www.instagram.com\\\/freilichtbuehnenettelstedt\\\/\"]},{\"@type\":\"Person\",\"@id\":\"https:\\\/\\\/www.freilichtbuehne-nettelstedt.de\\\/#\\\/schema\\\/person\\\/4e91ec7580d6c9b5fb05a4d8959d7c1d\",\"name\":\"Manfred M\u00f6hlmann\",\"url\":\"https:\\\/\\\/www.freilichtbuehne-nettelstedt.de\\\/index.php\\\/author\\\/mammut\\\/\"}]}<\/script>\n<!-- \/ Yoast SEO plugin. -->","yoast_head_json":{"title":"2013 - Eine Woche voller Samstage - Freilichtb\u00fchne Nettelstedt","robots":{"index":"index","follow":"follow","max-snippet":"max-snippet:-1","max-image-preview":"max-image-preview:large","max-video-preview":"max-video-preview:-1"},"canonical":"https:\/\/www.freilichtbuehne-nettelstedt.de\/index.php\/eine-woche-voller-samstage-2013\/","og_locale":"de_DE","og_type":"article","og_title":"2013 - Eine Woche voller Samstage - Freilichtb\u00fchne Nettelstedt","og_description":"Nach einer Erz\u00e4hlung von Paul Maar Bearbeitet f\u00fcr die Freilichtb\u00fchne Nettelstedt: Achim K\u00f6weker &nbsp; Inhalt: Es ist Samstag. Herr Taschenbier wartet. Worauf er wartet, wei\u00df er nicht. Warum er wartet, das l\u00e4sst sich erkl\u00e4ren. Am Sonntag schien die Sonne, am Montag kam Herr Mon, am Dienstag hatte Herr Taschenbier Dienst, am Mittwoch war Mitte der [&hellip;]","og_url":"https:\/\/www.freilichtbuehne-nettelstedt.de\/index.php\/eine-woche-voller-samstage-2013\/","og_site_name":"Freilichtb\u00fchne Nettelstedt","article_publisher":"https:\/\/www.facebook.com\/freilichtbuehne.nettelstedt\/","article_published_time":"2013-09-08T15:33:36+00:00","article_modified_time":"2020-07-11T11:28:58+00:00","og_image":[{"width":2439,"height":2554,"url":"https:\/\/www.freilichtbuehne-nettelstedt.de\/wp-content\/uploads\/2011\/02\/DSCN2297-e1553419777362.jpg","type":"image\/jpeg"}],"author":"Manfred M\u00f6hlmann","twitter_card":"summary_large_image","twitter_misc":{"Verfasst von":"Manfred M\u00f6hlmann","Gesch\u00e4tzte Lesezeit":"3\u00a0Minuten"},"schema":{"@context":"https:\/\/schema.org","@graph":[{"@type":"Article","@id":"https:\/\/www.freilichtbuehne-nettelstedt.de\/index.php\/eine-woche-voller-samstage-2013\/#article","isPartOf":{"@id":"https:\/\/www.freilichtbuehne-nettelstedt.de\/index.php\/eine-woche-voller-samstage-2013\/"},"author":{"name":"Manfred M\u00f6hlmann","@id":"https:\/\/www.freilichtbuehne-nettelstedt.de\/#\/schema\/person\/4e91ec7580d6c9b5fb05a4d8959d7c1d"},"headline":"2013 &#8211; Eine Woche voller Samstage","datePublished":"2013-09-08T15:33:36+00:00","dateModified":"2020-07-11T11:28:58+00:00","mainEntityOfPage":{"@id":"https:\/\/www.freilichtbuehne-nettelstedt.de\/index.php\/eine-woche-voller-samstage-2013\/"},"wordCount":540,"publisher":{"@id":"https:\/\/www.freilichtbuehne-nettelstedt.de\/#organization"},"image":{"@id":"https:\/\/www.freilichtbuehne-nettelstedt.de\/index.php\/eine-woche-voller-samstage-2013\/#primaryimage"},"thumbnailUrl":"https:\/\/www.freilichtbuehne-nettelstedt.de\/wp-content\/uploads\/2011\/02\/DSCN2297-e1553419777362.jpg","articleSection":["Aktuelles"],"inLanguage":"de"},{"@type":"WebPage","@id":"https:\/\/www.freilichtbuehne-nettelstedt.de\/index.php\/eine-woche-voller-samstage-2013\/","url":"https:\/\/www.freilichtbuehne-nettelstedt.de\/index.php\/eine-woche-voller-samstage-2013\/","name":"2013 - Eine Woche voller Samstage - Freilichtb\u00fchne Nettelstedt","isPartOf":{"@id":"https:\/\/www.freilichtbuehne-nettelstedt.de\/#website"},"primaryImageOfPage":{"@id":"https:\/\/www.freilichtbuehne-nettelstedt.de\/index.php\/eine-woche-voller-samstage-2013\/#primaryimage"},"image":{"@id":"https:\/\/www.freilichtbuehne-nettelstedt.de\/index.php\/eine-woche-voller-samstage-2013\/#primaryimage"},"thumbnailUrl":"https:\/\/www.freilichtbuehne-nettelstedt.de\/wp-content\/uploads\/2011\/02\/DSCN2297-e1553419777362.jpg","datePublished":"2013-09-08T15:33:36+00:00","dateModified":"2020-07-11T11:28:58+00:00","breadcrumb":{"@id":"https:\/\/www.freilichtbuehne-nettelstedt.de\/index.php\/eine-woche-voller-samstage-2013\/#breadcrumb"},"inLanguage":"de","potentialAction":[{"@type":"ReadAction","target":["https:\/\/www.freilichtbuehne-nettelstedt.de\/index.php\/eine-woche-voller-samstage-2013\/"]}]},{"@type":"ImageObject","inLanguage":"de","@id":"https:\/\/www.freilichtbuehne-nettelstedt.de\/index.php\/eine-woche-voller-samstage-2013\/#primaryimage","url":"https:\/\/www.freilichtbuehne-nettelstedt.de\/wp-content\/uploads\/2011\/02\/DSCN2297-e1553419777362.jpg","contentUrl":"https:\/\/www.freilichtbuehne-nettelstedt.de\/wp-content\/uploads\/2011\/02\/DSCN2297-e1553419777362.jpg","width":2439,"height":2554,"caption":"Eine Woche voller Samstage"},{"@type":"BreadcrumbList","@id":"https:\/\/www.freilichtbuehne-nettelstedt.de\/index.php\/eine-woche-voller-samstage-2013\/#breadcrumb","itemListElement":[{"@type":"ListItem","position":1,"name":"Startseite","item":"https:\/\/www.freilichtbuehne-nettelstedt.de\/"},{"@type":"ListItem","position":2,"name":"2013 &#8211; Eine Woche voller Samstage"}]},{"@type":"WebSite","@id":"https:\/\/www.freilichtbuehne-nettelstedt.de\/#website","url":"https:\/\/www.freilichtbuehne-nettelstedt.de\/","name":"Freilichtb\u00fchne Nettelstedt","description":"Theater, das einfach Spa\u00df macht","publisher":{"@id":"https:\/\/www.freilichtbuehne-nettelstedt.de\/#organization"},"potentialAction":[{"@type":"SearchAction","target":{"@type":"EntryPoint","urlTemplate":"https:\/\/www.freilichtbuehne-nettelstedt.de\/?s={search_term_string}"},"query-input":{"@type":"PropertyValueSpecification","valueRequired":true,"valueName":"search_term_string"}}],"inLanguage":"de"},{"@type":"Organization","@id":"https:\/\/www.freilichtbuehne-nettelstedt.de\/#organization","name":"Freilichtb\u00fchne Nettelstedt e.V","url":"https:\/\/www.freilichtbuehne-nettelstedt.de\/","logo":{"@type":"ImageObject","inLanguage":"de","@id":"https:\/\/www.freilichtbuehne-nettelstedt.de\/#\/schema\/logo\/image\/","url":"https:\/\/www.freilichtbuehne-nettelstedt.de\/wp-content\/uploads\/2016\/02\/Logo_Final_2016_Transp_klein.png","contentUrl":"https:\/\/www.freilichtbuehne-nettelstedt.de\/wp-content\/uploads\/2016\/02\/Logo_Final_2016_Transp_klein.png","width":250,"height":100,"caption":"Freilichtb\u00fchne Nettelstedt e.V"},"image":{"@id":"https:\/\/www.freilichtbuehne-nettelstedt.de\/#\/schema\/logo\/image\/"},"sameAs":["https:\/\/www.facebook.com\/freilichtbuehne.nettelstedt\/","https:\/\/www.instagram.com\/freilichtbuehnenettelstedt\/"]},{"@type":"Person","@id":"https:\/\/www.freilichtbuehne-nettelstedt.de\/#\/schema\/person\/4e91ec7580d6c9b5fb05a4d8959d7c1d","name":"Manfred M\u00f6hlmann","url":"https:\/\/www.freilichtbuehne-nettelstedt.de\/index.php\/author\/mammut\/"}]}},"_links":{"self":[{"href":"https:\/\/www.freilichtbuehne-nettelstedt.de\/index.php\/wp-json\/wp\/v2\/posts\/3760","targetHints":{"allow":["GET"]}}],"collection":[{"href":"https:\/\/www.freilichtbuehne-nettelstedt.de\/index.php\/wp-json\/wp\/v2\/posts"}],"about":[{"href":"https:\/\/www.freilichtbuehne-nettelstedt.de\/index.php\/wp-json\/wp\/v2\/types\/post"}],"author":[{"embeddable":true,"href":"https:\/\/www.freilichtbuehne-nettelstedt.de\/index.php\/wp-json\/wp\/v2\/users\/2"}],"replies":[{"embeddable":true,"href":"https:\/\/www.freilichtbuehne-nettelstedt.de\/index.php\/wp-json\/wp\/v2\/comments?post=3760"}],"version-history":[{"count":15,"href":"https:\/\/www.freilichtbuehne-nettelstedt.de\/index.php\/wp-json\/wp\/v2\/posts\/3760\/revisions"}],"predecessor-version":[{"id":10038,"href":"https:\/\/www.freilichtbuehne-nettelstedt.de\/index.php\/wp-json\/wp\/v2\/posts\/3760\/revisions\/10038"}],"wp:featuredmedia":[{"embeddable":true,"href":"https:\/\/www.freilichtbuehne-nettelstedt.de\/index.php\/wp-json\/wp\/v2\/media\/5553"}],"wp:attachment":[{"href":"https:\/\/www.freilichtbuehne-nettelstedt.de\/index.php\/wp-json\/wp\/v2\/media?parent=3760"}],"wp:term":[{"taxonomy":"category","embeddable":true,"href":"https:\/\/www.freilichtbuehne-nettelstedt.de\/index.php\/wp-json\/wp\/v2\/categories?post=3760"},{"taxonomy":"post_tag","embeddable":true,"href":"https:\/\/www.freilichtbuehne-nettelstedt.de\/index.php\/wp-json\/wp\/v2\/tags?post=3760"}],"curies":[{"name":"wp","href":"https:\/\/api.w.org\/{rel}","templated":true}]}}