{"id":351,"date":"2011-02-14T15:35:15","date_gmt":"2011-02-14T15:35:15","guid":{"rendered":"http:\/\/bh18.hostingkunden.de\/?page_id=351"},"modified":"2020-07-11T14:11:04","modified_gmt":"2020-07-11T12:11:04","slug":"biene-maja","status":"publish","type":"post","link":"https:\/\/www.freilichtbuehne-nettelstedt.de\/index.php\/biene-maja\/","title":{"rendered":"2009 &#8211; Biene Maja"},"content":{"rendered":"<table style=\"width: 700px;\" border=\"0\">\n<tbody>\n<tr>\n<td><\/td>\n<td><\/td>\n<\/tr>\n<tr>\n<td><\/td>\n<td><\/td>\n<\/tr>\n<\/tbody>\n<\/table>\n<p><img decoding=\"async\" class=\"size-full wp-image-354 alignnone\" title=\"Biene-Maja-klein\" src=\"httpss:\/\/bh18.hostingkunden.de\/wp-content\/uploads\/2011\/02\/Biene-Maja-klein.jpg\" alt=\"\" width=\"150\" height=\"138\"><\/p>\n<p>&nbsp;<\/p>\n<p>Ein Kinderst\u00fcck mit viel Musik nach Waldemar Bonsels<br \/>\nBearbeitung f\u00fcr die Freilichtb\u00fchne Nettelstedt durch Hinnerk Walbohm<br \/>\nMusik: Frank Suchland &amp; Oliver Hartmann<\/p>\n<h2>Inhalt:<\/h2>\n<p>Gro\u00dfe Aufregung herrscht im Bienenstock. Neue Bienen sind geschl\u00fcpft und eine von ihnen ist Maja. Sie ist eine besonders neugierige und wissensdurstige kleine Biene, die sich nicht damit begn\u00fcgen mag, ihr Leben lang Honig zu sammeln und sich nach den strengen Regeln des Bienenstocks zu richten.<\/p>\n<p>So ist sie dem Bienenstock und ihrer Lehrerin Fr\u00e4ulein Kassandra entflogen, ehe sie richtig fliegen gelernt hat. Maja genie\u00dft in vollen Z\u00fcgen ihre neue Freiheit und entdeckt dabei die Sch\u00f6nheit und Vielfalt der Natur. Schnell freundet sich Maja mit dem Bienen-jungen Willi an.<\/p>\n<p>Dieser ist genau das Gegenteil von Maja: ein kleiner Faulpelz, der am liebsten schl\u00e4ft und Pollenkl\u00f6\u00dfchen futtert. Doch seiner Freundin ist er treu ergeben und so erleben sie gemeinsam viele aufregende Abenteuer.<\/p>\n<p>T\u00e4glich lernt Maja neue Tiere kennen wie z.B. den Grash\u00fcpfer Flip, den Mistk\u00e4fer Kurt, die Stubenfliege Puck, den Brummer Hans Christoph und die Spinne Thekla. Eines Tages erf\u00e4hrt sie, dass die Hornissen einen Angriff auf ihren Bienenstock planen. Wird Maja ihr Bienenvolk retten?<\/p>\n<p>Das von Regisseur Hinnerk Walbohm mit viel Liebe zum Detail inszenierte St\u00fcck bietet Theaterspa\u00df sowohl f\u00fcr ganz kleine als auch f\u00fcr gro\u00dfe Zuschauer.<\/p>\n<h2>Auff\u00fchrungsort:<\/h2>\n<p>Freilichtb\u00fchne Nettelstedt und im B\u00fcckeburger Rathaussaal<\/p>\n<h2>Spielzeit:<\/h2>\n<p>Jeden Sonntag, vom 31. Mai bis 30. August 2009 jeweils um 16.00 Uhr<\/p>\n<h2>Sondervorstellungen:<\/h2>\n<table style=\"width: 500px;\" border=\"0\">\n<tbody>\n<tr>\n<td><strong>Wochentag<\/strong><\/td>\n<td><strong>Datum<\/strong><\/td>\n<td><strong>Uhrzeit<\/strong><\/td>\n<\/tr>\n<tr>\n<td>Donnerstag<\/td>\n<td>04.06.2009<\/td>\n<td>10.00 Uhr<\/td>\n<\/tr>\n<tr>\n<td>Mittwoch<\/td>\n<td>10.06.2009<\/td>\n<td>10.00 Uhr<\/td>\n<\/tr>\n<tr>\n<td>Dienstag<\/td>\n<td>16.06.2009<\/td>\n<td>10.00 Uhr<\/td>\n<\/tr>\n<tr>\n<td>Mittwoch<\/td>\n<td>24.06.2009<\/td>\n<td>10.00 Uhr<\/td>\n<\/tr>\n<tr>\n<td>Freitag<\/td>\n<td>26.06.2009<\/td>\n<td>17.00 Uhr<\/td>\n<\/tr>\n<tr>\n<td>Dienstag<\/td>\n<td>30.06.2009<\/td>\n<td>10.00 Uhr<\/td>\n<\/tr>\n<tr>\n<td>Mittwoch<\/td>\n<td>08.07.2009<\/td>\n<td>16.00 Uhr<\/td>\n<\/tr>\n<\/tbody>\n<\/table>\n<h2>Besetzungsliste<\/h2>\n<table style=\"width: 700px;\" border=\"0\">\n<tbody>\n<tr>\n<td style=\"width: 300px;\"><strong>Figur<\/strong><\/td>\n<td><strong>Schauspieler<\/strong><\/td>\n<td><strong>Schauspieler<\/strong><\/td>\n<\/tr>\n<tr>\n<td>Maja<\/td>\n<td>Ilka Kottkamp<\/td>\n<td>Raja Moritz<\/td>\n<\/tr>\n<tr>\n<td>Willi<\/td>\n<td>Jonas Stork<\/td>\n<td>Maximilian Falk Moritz<\/td>\n<\/tr>\n<tr>\n<td style=\"width: 300px;\">Kassandra,<br \/>\neine \u00e4ltere Biene<\/td>\n<td>Andrea Steege<\/td>\n<td style=\"width: 300px;\">Monika M\u00f6hlmann<\/td>\n<\/tr>\n<tr>\n<td>Schnuck, die Libelle<\/td>\n<td style=\"width: 200px;\">Janina Schmale<\/td>\n<td>Lea Fiestelmann<\/td>\n<\/tr>\n<tr>\n<td>Iffi, die Grille<\/td>\n<td>Sophia Schnute<\/td>\n<td>Kiara Schmale<\/td>\n<\/tr>\n<tr>\n<td>Flip, der Grash\u00fcpfer<\/td>\n<td>Kilian Kottkamp<\/td>\n<td>Linus Schrewe<\/td>\n<\/tr>\n<tr>\n<td>Blumenelf<\/td>\n<td>Merle Bachmann<\/td>\n<td>Tabea \u00d6wermann<\/td>\n<\/tr>\n<tr>\n<td>Helene VIII, die Bienenk\u00f6nigin<\/td>\n<td>Martha Budde<\/td>\n<td><\/td>\n<\/tr>\n<tr>\n<td>Puck, die Stubenfliege<\/td>\n<td>Sina Sch\u00fctte<\/td>\n<td>David Grothe<\/td>\n<\/tr>\n<tr>\n<td>Kurt, der Mistk\u00e4fer<\/td>\n<td>Lukas-Kilian Giese<\/td>\n<td>Manfred M\u00f6hlmann<\/td>\n<\/tr>\n<tr>\n<td>Nachtfalter<\/td>\n<td>Maren Kracht<\/td>\n<td>Sara-Maria Reifenscheid<\/td>\n<\/tr>\n<tr>\n<td>Horatius, die Hornisse<\/td>\n<td style=\"width: 300px;\">Wolfgang Hovemeyer<\/td>\n<td><\/td>\n<\/tr>\n<tr>\n<td>Brutus, die Hornisse<\/td>\n<td>Dennis Grothe<\/td>\n<td>Simon Kracht<\/td>\n<\/tr>\n<tr>\n<td>Hans-Christoph, der Brummer<\/td>\n<td>Ilona H\u00e4rtel<\/td>\n<td>Hilke Niedringhaus<\/td>\n<\/tr>\n<tr>\n<td>Thekla, die Spinne<\/td>\n<td>Melanie Fr\u00fcnd<\/td>\n<td>Susanne \u00d6wermann<\/td>\n<\/tr>\n<tr>\n<td>Hieronymus, der Tausendf\u00fc\u00dfler<\/td>\n<td>Niklas \u00d6wermann<\/td>\n<td>Tom-Luca Sch\u00fctte<\/td>\n<\/tr>\n<tr>\n<td>Gl\u00fchw\u00fcrmchen<\/td>\n<td>Finnja Grote<\/td>\n<td>Fabienne Kraume<\/td>\n<\/tr>\n<tr>\n<td>Schwester Rosa,<br \/>\ndie Bienenkrankenschwester<\/td>\n<td>Birgit Metje<\/td>\n<td>Angela Bunge<\/td>\n<\/tr>\n<tr>\n<td>Dr. L\u00f6wenzahn, der Bienenarzt<\/td>\n<td>Ramona Sch\u00fctte<\/td>\n<td><\/td>\n<\/tr>\n<tr>\n<td><strong>(weitere) Bienen<\/strong><\/td>\n<td>Fiona Metje<\/td>\n<td>Merle Kracht<\/td>\n<\/tr>\n<tr>\n<td><\/td>\n<td>Moira Metje<\/td>\n<td>Phillis Nagel<\/td>\n<\/tr>\n<tr>\n<td><\/td>\n<td>Jara-Loreen Sch\u00fctte<\/td>\n<td><\/td>\n<\/tr>\n<tr>\n<td><\/td>\n<td>Alina B\u00f6cher<\/td>\n<td>Lena Bode<\/td>\n<\/tr>\n<tr>\n<td><\/td>\n<td>Hanna Bauer<\/td>\n<td>Luisa Neumann<\/td>\n<\/tr>\n<tr>\n<td><\/td>\n<td>Justin Metje<\/td>\n<td>Marie Muth<\/td>\n<\/tr>\n<tr>\n<td><\/td>\n<td>Marlies Prie\u00df<\/td>\n<td>Aaron Kracht<\/td>\n<\/tr>\n<tr>\n<td><\/td>\n<td>Erna Stegelmeier<\/td>\n<td>Irmgard Kracht<\/td>\n<\/tr>\n<tr>\n<td valign=\"top\"><strong>Ameisen<\/strong><\/td>\n<td valign=\"top\">Julia R\u00f6ding<\/td>\n<td>Lena B\u00f6ker-Vo\u00dfmerb\u00e4umer<\/td>\n<\/tr>\n<tr>\n<td><\/td>\n<td>Anna-Jutta Michelsohn<\/td>\n<td>Annika Sch\u00fctte<\/td>\n<\/tr>\n<tr>\n<td><\/td>\n<td>Emma Voigt<\/td>\n<td>Hj\u00f6rdis Ottow<\/td>\n<\/tr>\n<tr>\n<td><\/td>\n<td>Fabian Arning<\/td>\n<td>Anton Bauer<\/td>\n<\/tr>\n<tr>\n<td><\/td>\n<td>Hanne Arning<\/td>\n<td>Celina Stork<\/td>\n<\/tr>\n<tr>\n<td><\/td>\n<td>Lea B\u00f6cher<\/td>\n<td>Finja L\u00fcbbert<\/td>\n<\/tr>\n<tr>\n<td><\/td>\n<td>Silas Schrewe<\/td>\n<td>Natascha Giese<\/td>\n<\/tr>\n<tr>\n<td><\/td>\n<td>Maren Wulff<\/td>\n<td><\/td>\n<\/tr>\n<tr>\n<td><strong>Hornissen<\/strong><\/td>\n<td>Monika H\u00e4rtel<\/td>\n<td>Agnes Levien<\/td>\n<\/tr>\n<tr>\n<td><\/td>\n<td>Lena Steege<\/td>\n<td>Sarah M\u00f6ller<\/td>\n<\/tr>\n<tr>\n<td><\/td>\n<td>Laura Barmbold<\/td>\n<td>Charlotte Neumann<\/td>\n<\/tr>\n<tr>\n<td><\/td>\n<td>Lena Sch\u00fctte<\/td>\n<td>Julie Loze<\/td>\n<\/tr>\n<tr>\n<td><\/td>\n<td>Michelle Foy\u00e9<\/td>\n<td>Sylvia Siebarth<\/td>\n<\/tr>\n<tr>\n<td><\/td>\n<td>Alexander Bauer<\/td>\n<td>Andreas Giese<\/td>\n<\/tr>\n<tr>\n<td>Choreographie<\/td>\n<td>Tanzschule Patsy Hull, L\u00fcbbecke<\/td>\n<td><\/td>\n<\/tr>\n<tr>\n<td valign=\"top\">Musik<\/td>\n<td>Frank Suchland und Oliver Hartmann, B\u00fcckeburg<\/td>\n<td><\/td>\n<\/tr>\n<tr>\n<td valign=\"top\">B\u00fchnenbild<\/td>\n<td>Karen Degenhard,<br \/>\nAlexander H\u00e4rtel<\/td>\n<td>Martin J\u00e4ger-Degenhard,<\/td>\n<\/tr>\n<tr>\n<td>Kost\u00fcme<\/td>\n<td>Dorothea Vo\u00dfmerb\u00e4umer<br \/>\nIrma Westerfeld<br \/>\nund&nbsp; Team<\/td>\n<td><\/td>\n<\/tr>\n<tr>\n<td>Maske<\/td>\n<td>Bernd Hagemeier<\/td>\n<td>Ramona Sch\u00fctte<\/td>\n<\/tr>\n<tr>\n<td><\/td>\n<td>Julia R\u00f6ding<\/td>\n<td><\/td>\n<\/tr>\n<tr>\n<td>Requsite<\/td>\n<td>Carmen B\u00f6cher<\/td>\n<td><\/td>\n<\/tr>\n<tr>\n<td>Technik<\/td>\n<td>Markus Urban<br \/>\nTobias Wehrmann &amp; Team<\/td>\n<td><\/td>\n<\/tr>\n<tr>\n<td>Regie<\/td>\n<td>Hinnerk Walbohm, Schleswig<\/td>\n<td><\/td>\n<\/tr>\n<\/tbody>\n<\/table>\n<h2>Presseartikel<\/h2>\n<p>Das schrieb die Presse \u00fcber diese Auff\u00fchrung.<\/p>\n<table style=\"height: 44px; width: 700px;\" border=\"0\">\n<tbody>\n<tr>\n<td><strong>Zeitung<\/strong><\/td>\n<td><strong>Schlagzeile<\/strong><\/td>\n<td style=\"text-align: left;\" align=\"left\"><strong>Ausgabe vom<\/strong><\/td>\n<\/tr>\n<tr>\n<td style=\"width: 300px;\">Mindener Tageblatt<\/td>\n<td style=\"width: 400px;\"><a href=\"http:\/\/www.mt-online.de\/lokales\/hille\/2949895_Biene_Maja_brummt_ueber_die_Freilichtbuehne.html\" target=\"_blank\" rel=\"noopener noreferrer\">Biene Maja brummt \u00fcber die Freilichtb\u00fchne<\/a><\/td>\n<td style=\"text-align: left;\">19.05.2009<\/td>\n<\/tr>\n<tr>\n<td>Mindener Tageblatt<\/td>\n<td><a href=\"http:\/\/www.mt-online.de\/lokales\/hille\/2972012_Maja_und_Willi_treffen_auch_Mistkaefer_Kurt.html\" target=\"_blank\" rel=\"noopener noreferrer\">Maja und Willi treffen auch Mistk\u00e4fer Kurt<\/a><\/td>\n<td>04.06.2009<\/td>\n<\/tr>\n<tr>\n<td>Schaumburger Nachrichten<\/td>\n<td style=\"width: 250px;\"><a href=\"http:\/\/www.sn-online.de\/Schaumburg\/Bueckeburg\/Bueckeburg-Stadt\/Hunderte-Kinder-fiebern-mit-Biene-Maja-mit\" target=\"_blank\" rel=\"noopener noreferrer\">Hunderte Kinder fiebern mit \u201eBiene Maja\u201c mit<\/a><\/td>\n<td>21.11.2010<\/td>\n<\/tr>\n<tr>\n<td>L\u00fcbbecker Kreiszeitung<\/td>\n<td><a href=\"\/\/www.freilichtbuehne-nettelstedt.dewp-content\/uploads\/2011\/05\/LK-Maja-erobert-Zuschauerherzen.pdf\" target=\"_blank\" rel=\"noopener noreferrer\">Maja erobert Zuschauerherzen<\/a><\/td>\n<td>27.05.2009<\/td>\n<\/tr>\n<tr>\n<td>Neue Westf\u00e4lische<\/td>\n<td><a href=\"\/\/www.freilichtbuehne-nettelstedt.dewp-content\/uploads\/2015\/02\/NW-Abenteuerlustiger-Schwarm.pdf\" target=\"_blank\" rel=\"noopener noreferrer\">Abenteuerlustiger Schwarm<\/a><\/td>\n<td>15.05.2009<\/td>\n<\/tr>\n<tr>\n<td>L\u00fcbbecker Kreiszeitung<\/td>\n<td><a href=\"\/\/www.freilichtbuehne-nettelstedt.dewp-content\/uploads\/2011\/05\/LK-Biene-Maja-summt-durch-Nettelstedt.pdf\" target=\"_blank\" rel=\"noopener noreferrer\">Biene Maja summt durch Nettelstedt<\/a><\/td>\n<td>21.04.2009<\/td>\n<\/tr>\n<tr>\n<td>Neue Westf\u00e4lische<\/td>\n<td><a href=\"\/\/www.freilichtbuehne-nettelstedt.dewp-content\/uploads\/2015\/02\/NW-Buehne-wird-zur-Sommerwiese.pdf\" target=\"_blank\" rel=\"noopener noreferrer\">B\u00fchne wird zur Sommerwiese<\/a><\/td>\n<td>28.05.2009<\/td>\n<\/tr>\n<tr>\n<td>L\u00fcbbecker Kreiszeitung<\/td>\n<td><a href=\"\/\/www.freilichtbuehne-nettelstedt.dewp-content\/uploads\/2011\/05\/LK-Eine-kleine-freche-Biene-entdeckt-die-Welt.pdf\" target=\"_blank\" rel=\"noopener noreferrer\">Kleine freche Biene entdeckt die Welt<\/a><\/td>\n<td>02.06.2009<\/td>\n<\/tr>\n<tr>\n<td>Neue Westf\u00e4lische<\/td>\n<td><a href=\"\/\/www.freilichtbuehne-nettelstedt.dewp-content\/uploads\/2015\/02\/NW-Kesse-Biene-sorgt-fuer-Wirbel.pdf\" target=\"_blank\" rel=\"noopener noreferrer\">Kesse Biene sorgt f\u00fcr Wirbel<\/a><\/td>\n<td>02.06.2009<\/td>\n<\/tr>\n<\/tbody>\n<\/table>\n<h2>Bildergallery<\/h2>\nngg_shortcode_0_placeholder\n","protected":false},"excerpt":{"rendered":"<p>&nbsp; Ein Kinderst\u00fcck mit viel Musik nach Waldemar Bonsels Bearbeitung f\u00fcr die Freilichtb\u00fchne Nettelstedt durch Hinnerk Walbohm Musik: Frank Suchland &amp; Oliver Hartmann Inhalt: Gro\u00dfe Aufregung herrscht im Bienenstock. Neue Bienen sind geschl\u00fcpft und eine von ihnen ist Maja. Sie ist eine besonders neugierige und wissensdurstige kleine Biene, die sich nicht damit begn\u00fcgen mag, ihr [&hellip;]<\/p>\n","protected":false},"author":2,"featured_media":354,"comment_status":"closed","ping_status":"closed","sticky":false,"template":"","format":"standard","meta":{"_monsterinsights_skip_tracking":false,"_monsterinsights_sitenote_active":false,"_monsterinsights_sitenote_note":"","_monsterinsights_sitenote_category":0,"ngg_post_thumbnail":0,"footnotes":""},"categories":[31],"tags":[],"class_list":{"0":"post-351","1":"post","2":"type-post","3":"status-publish","4":"format-standard","5":"has-post-thumbnail","7":"category-aktuelles","8":"czr-hentry"},"yoast_head":"<!-- This site is optimized with the Yoast SEO plugin v27.3 - https:\/\/yoast.com\/product\/yoast-seo-wordpress\/ -->\n<title>2009 - Biene Maja - Freilichtb\u00fchne Nettelstedt<\/title>\n<meta name=\"robots\" content=\"index, follow, max-snippet:-1, max-image-preview:large, max-video-preview:-1\" \/>\n<link rel=\"canonical\" href=\"https:\/\/www.freilichtbuehne-nettelstedt.de\/index.php\/biene-maja\/\" \/>\n<meta property=\"og:locale\" content=\"de_DE\" \/>\n<meta property=\"og:type\" content=\"article\" \/>\n<meta property=\"og:title\" content=\"2009 - Biene Maja - Freilichtb\u00fchne Nettelstedt\" \/>\n<meta property=\"og:description\" content=\"&nbsp; Ein Kinderst\u00fcck mit viel Musik nach Waldemar Bonsels Bearbeitung f\u00fcr die Freilichtb\u00fchne Nettelstedt durch Hinnerk Walbohm Musik: Frank Suchland &amp; Oliver Hartmann Inhalt: Gro\u00dfe Aufregung herrscht im Bienenstock. Neue Bienen sind geschl\u00fcpft und eine von ihnen ist Maja. Sie ist eine besonders neugierige und wissensdurstige kleine Biene, die sich nicht damit begn\u00fcgen mag, ihr [&hellip;]\" \/>\n<meta property=\"og:url\" content=\"https:\/\/www.freilichtbuehne-nettelstedt.de\/index.php\/biene-maja\/\" \/>\n<meta property=\"og:site_name\" content=\"Freilichtb\u00fchne Nettelstedt\" \/>\n<meta property=\"article:publisher\" content=\"https:\/\/www.facebook.com\/freilichtbuehne.nettelstedt\/\" \/>\n<meta property=\"article:published_time\" content=\"2011-02-14T15:35:15+00:00\" \/>\n<meta property=\"article:modified_time\" content=\"2020-07-11T12:11:04+00:00\" \/>\n<meta property=\"og:image\" content=\"https:\/\/www.freilichtbuehne-nettelstedt.de\/wp-content\/uploads\/2011\/02\/Biene-Maja-klein.jpg\" \/>\n\t<meta property=\"og:image:width\" content=\"150\" \/>\n\t<meta property=\"og:image:height\" content=\"138\" \/>\n\t<meta property=\"og:image:type\" content=\"image\/jpeg\" \/>\n<meta name=\"author\" content=\"Manfred M\u00f6hlmann\" \/>\n<meta name=\"twitter:card\" content=\"summary_large_image\" \/>\n<meta name=\"twitter:label1\" content=\"Verfasst von\" \/>\n\t<meta name=\"twitter:data1\" content=\"Manfred M\u00f6hlmann\" \/>\n\t<meta name=\"twitter:label2\" content=\"Gesch\u00e4tzte Lesezeit\" \/>\n\t<meta name=\"twitter:data2\" content=\"3\u00a0Minuten\" \/>\n<script type=\"application\/ld+json\" class=\"yoast-schema-graph\">{\"@context\":\"https:\\\/\\\/schema.org\",\"@graph\":[{\"@type\":\"Article\",\"@id\":\"https:\\\/\\\/www.freilichtbuehne-nettelstedt.de\\\/index.php\\\/biene-maja\\\/#article\",\"isPartOf\":{\"@id\":\"https:\\\/\\\/www.freilichtbuehne-nettelstedt.de\\\/index.php\\\/biene-maja\\\/\"},\"author\":{\"name\":\"Manfred M\u00f6hlmann\",\"@id\":\"https:\\\/\\\/www.freilichtbuehne-nettelstedt.de\\\/#\\\/schema\\\/person\\\/4e91ec7580d6c9b5fb05a4d8959d7c1d\"},\"headline\":\"2009 &#8211; Biene Maja\",\"datePublished\":\"2011-02-14T15:35:15+00:00\",\"dateModified\":\"2020-07-11T12:11:04+00:00\",\"mainEntityOfPage\":{\"@id\":\"https:\\\/\\\/www.freilichtbuehne-nettelstedt.de\\\/index.php\\\/biene-maja\\\/\"},\"wordCount\":662,\"publisher\":{\"@id\":\"https:\\\/\\\/www.freilichtbuehne-nettelstedt.de\\\/#organization\"},\"image\":{\"@id\":\"https:\\\/\\\/www.freilichtbuehne-nettelstedt.de\\\/index.php\\\/biene-maja\\\/#primaryimage\"},\"thumbnailUrl\":\"https:\\\/\\\/www.freilichtbuehne-nettelstedt.de\\\/wp-content\\\/uploads\\\/2011\\\/02\\\/Biene-Maja-klein.jpg\",\"articleSection\":[\"Aktuelles\"],\"inLanguage\":\"de\"},{\"@type\":\"WebPage\",\"@id\":\"https:\\\/\\\/www.freilichtbuehne-nettelstedt.de\\\/index.php\\\/biene-maja\\\/\",\"url\":\"https:\\\/\\\/www.freilichtbuehne-nettelstedt.de\\\/index.php\\\/biene-maja\\\/\",\"name\":\"2009 - Biene Maja - Freilichtb\u00fchne Nettelstedt\",\"isPartOf\":{\"@id\":\"https:\\\/\\\/www.freilichtbuehne-nettelstedt.de\\\/#website\"},\"primaryImageOfPage\":{\"@id\":\"https:\\\/\\\/www.freilichtbuehne-nettelstedt.de\\\/index.php\\\/biene-maja\\\/#primaryimage\"},\"image\":{\"@id\":\"https:\\\/\\\/www.freilichtbuehne-nettelstedt.de\\\/index.php\\\/biene-maja\\\/#primaryimage\"},\"thumbnailUrl\":\"https:\\\/\\\/www.freilichtbuehne-nettelstedt.de\\\/wp-content\\\/uploads\\\/2011\\\/02\\\/Biene-Maja-klein.jpg\",\"datePublished\":\"2011-02-14T15:35:15+00:00\",\"dateModified\":\"2020-07-11T12:11:04+00:00\",\"breadcrumb\":{\"@id\":\"https:\\\/\\\/www.freilichtbuehne-nettelstedt.de\\\/index.php\\\/biene-maja\\\/#breadcrumb\"},\"inLanguage\":\"de\",\"potentialAction\":[{\"@type\":\"ReadAction\",\"target\":[\"https:\\\/\\\/www.freilichtbuehne-nettelstedt.de\\\/index.php\\\/biene-maja\\\/\"]}]},{\"@type\":\"ImageObject\",\"inLanguage\":\"de\",\"@id\":\"https:\\\/\\\/www.freilichtbuehne-nettelstedt.de\\\/index.php\\\/biene-maja\\\/#primaryimage\",\"url\":\"https:\\\/\\\/www.freilichtbuehne-nettelstedt.de\\\/wp-content\\\/uploads\\\/2011\\\/02\\\/Biene-Maja-klein.jpg\",\"contentUrl\":\"https:\\\/\\\/www.freilichtbuehne-nettelstedt.de\\\/wp-content\\\/uploads\\\/2011\\\/02\\\/Biene-Maja-klein.jpg\",\"width\":\"150\",\"height\":\"138\"},{\"@type\":\"BreadcrumbList\",\"@id\":\"https:\\\/\\\/www.freilichtbuehne-nettelstedt.de\\\/index.php\\\/biene-maja\\\/#breadcrumb\",\"itemListElement\":[{\"@type\":\"ListItem\",\"position\":1,\"name\":\"Startseite\",\"item\":\"https:\\\/\\\/www.freilichtbuehne-nettelstedt.de\\\/\"},{\"@type\":\"ListItem\",\"position\":2,\"name\":\"2009 &#8211; Biene Maja\"}]},{\"@type\":\"WebSite\",\"@id\":\"https:\\\/\\\/www.freilichtbuehne-nettelstedt.de\\\/#website\",\"url\":\"https:\\\/\\\/www.freilichtbuehne-nettelstedt.de\\\/\",\"name\":\"Freilichtb\u00fchne Nettelstedt\",\"description\":\"Theater, das einfach Spa\u00df macht\",\"publisher\":{\"@id\":\"https:\\\/\\\/www.freilichtbuehne-nettelstedt.de\\\/#organization\"},\"potentialAction\":[{\"@type\":\"SearchAction\",\"target\":{\"@type\":\"EntryPoint\",\"urlTemplate\":\"https:\\\/\\\/www.freilichtbuehne-nettelstedt.de\\\/?s={search_term_string}\"},\"query-input\":{\"@type\":\"PropertyValueSpecification\",\"valueRequired\":true,\"valueName\":\"search_term_string\"}}],\"inLanguage\":\"de\"},{\"@type\":\"Organization\",\"@id\":\"https:\\\/\\\/www.freilichtbuehne-nettelstedt.de\\\/#organization\",\"name\":\"Freilichtb\u00fchne Nettelstedt e.V\",\"url\":\"https:\\\/\\\/www.freilichtbuehne-nettelstedt.de\\\/\",\"logo\":{\"@type\":\"ImageObject\",\"inLanguage\":\"de\",\"@id\":\"https:\\\/\\\/www.freilichtbuehne-nettelstedt.de\\\/#\\\/schema\\\/logo\\\/image\\\/\",\"url\":\"https:\\\/\\\/www.freilichtbuehne-nettelstedt.de\\\/wp-content\\\/uploads\\\/2016\\\/02\\\/Logo_Final_2016_Transp_klein.png\",\"contentUrl\":\"https:\\\/\\\/www.freilichtbuehne-nettelstedt.de\\\/wp-content\\\/uploads\\\/2016\\\/02\\\/Logo_Final_2016_Transp_klein.png\",\"width\":250,\"height\":100,\"caption\":\"Freilichtb\u00fchne Nettelstedt e.V\"},\"image\":{\"@id\":\"https:\\\/\\\/www.freilichtbuehne-nettelstedt.de\\\/#\\\/schema\\\/logo\\\/image\\\/\"},\"sameAs\":[\"https:\\\/\\\/www.facebook.com\\\/freilichtbuehne.nettelstedt\\\/\",\"https:\\\/\\\/www.instagram.com\\\/freilichtbuehnenettelstedt\\\/\"]},{\"@type\":\"Person\",\"@id\":\"https:\\\/\\\/www.freilichtbuehne-nettelstedt.de\\\/#\\\/schema\\\/person\\\/4e91ec7580d6c9b5fb05a4d8959d7c1d\",\"name\":\"Manfred M\u00f6hlmann\",\"url\":\"https:\\\/\\\/www.freilichtbuehne-nettelstedt.de\\\/index.php\\\/author\\\/mammut\\\/\"}]}<\/script>\n<!-- \/ Yoast SEO plugin. -->","yoast_head_json":{"title":"2009 - Biene Maja - Freilichtb\u00fchne Nettelstedt","robots":{"index":"index","follow":"follow","max-snippet":"max-snippet:-1","max-image-preview":"max-image-preview:large","max-video-preview":"max-video-preview:-1"},"canonical":"https:\/\/www.freilichtbuehne-nettelstedt.de\/index.php\/biene-maja\/","og_locale":"de_DE","og_type":"article","og_title":"2009 - Biene Maja - Freilichtb\u00fchne Nettelstedt","og_description":"&nbsp; Ein Kinderst\u00fcck mit viel Musik nach Waldemar Bonsels Bearbeitung f\u00fcr die Freilichtb\u00fchne Nettelstedt durch Hinnerk Walbohm Musik: Frank Suchland &amp; Oliver Hartmann Inhalt: Gro\u00dfe Aufregung herrscht im Bienenstock. Neue Bienen sind geschl\u00fcpft und eine von ihnen ist Maja. Sie ist eine besonders neugierige und wissensdurstige kleine Biene, die sich nicht damit begn\u00fcgen mag, ihr [&hellip;]","og_url":"https:\/\/www.freilichtbuehne-nettelstedt.de\/index.php\/biene-maja\/","og_site_name":"Freilichtb\u00fchne Nettelstedt","article_publisher":"https:\/\/www.facebook.com\/freilichtbuehne.nettelstedt\/","article_published_time":"2011-02-14T15:35:15+00:00","article_modified_time":"2020-07-11T12:11:04+00:00","og_image":[{"width":150,"height":138,"url":"https:\/\/www.freilichtbuehne-nettelstedt.de\/wp-content\/uploads\/2011\/02\/Biene-Maja-klein.jpg","type":"image\/jpeg"}],"author":"Manfred M\u00f6hlmann","twitter_card":"summary_large_image","twitter_misc":{"Verfasst von":"Manfred M\u00f6hlmann","Gesch\u00e4tzte Lesezeit":"3\u00a0Minuten"},"schema":{"@context":"https:\/\/schema.org","@graph":[{"@type":"Article","@id":"https:\/\/www.freilichtbuehne-nettelstedt.de\/index.php\/biene-maja\/#article","isPartOf":{"@id":"https:\/\/www.freilichtbuehne-nettelstedt.de\/index.php\/biene-maja\/"},"author":{"name":"Manfred M\u00f6hlmann","@id":"https:\/\/www.freilichtbuehne-nettelstedt.de\/#\/schema\/person\/4e91ec7580d6c9b5fb05a4d8959d7c1d"},"headline":"2009 &#8211; Biene Maja","datePublished":"2011-02-14T15:35:15+00:00","dateModified":"2020-07-11T12:11:04+00:00","mainEntityOfPage":{"@id":"https:\/\/www.freilichtbuehne-nettelstedt.de\/index.php\/biene-maja\/"},"wordCount":662,"publisher":{"@id":"https:\/\/www.freilichtbuehne-nettelstedt.de\/#organization"},"image":{"@id":"https:\/\/www.freilichtbuehne-nettelstedt.de\/index.php\/biene-maja\/#primaryimage"},"thumbnailUrl":"https:\/\/www.freilichtbuehne-nettelstedt.de\/wp-content\/uploads\/2011\/02\/Biene-Maja-klein.jpg","articleSection":["Aktuelles"],"inLanguage":"de"},{"@type":"WebPage","@id":"https:\/\/www.freilichtbuehne-nettelstedt.de\/index.php\/biene-maja\/","url":"https:\/\/www.freilichtbuehne-nettelstedt.de\/index.php\/biene-maja\/","name":"2009 - Biene Maja - Freilichtb\u00fchne Nettelstedt","isPartOf":{"@id":"https:\/\/www.freilichtbuehne-nettelstedt.de\/#website"},"primaryImageOfPage":{"@id":"https:\/\/www.freilichtbuehne-nettelstedt.de\/index.php\/biene-maja\/#primaryimage"},"image":{"@id":"https:\/\/www.freilichtbuehne-nettelstedt.de\/index.php\/biene-maja\/#primaryimage"},"thumbnailUrl":"https:\/\/www.freilichtbuehne-nettelstedt.de\/wp-content\/uploads\/2011\/02\/Biene-Maja-klein.jpg","datePublished":"2011-02-14T15:35:15+00:00","dateModified":"2020-07-11T12:11:04+00:00","breadcrumb":{"@id":"https:\/\/www.freilichtbuehne-nettelstedt.de\/index.php\/biene-maja\/#breadcrumb"},"inLanguage":"de","potentialAction":[{"@type":"ReadAction","target":["https:\/\/www.freilichtbuehne-nettelstedt.de\/index.php\/biene-maja\/"]}]},{"@type":"ImageObject","inLanguage":"de","@id":"https:\/\/www.freilichtbuehne-nettelstedt.de\/index.php\/biene-maja\/#primaryimage","url":"https:\/\/www.freilichtbuehne-nettelstedt.de\/wp-content\/uploads\/2011\/02\/Biene-Maja-klein.jpg","contentUrl":"https:\/\/www.freilichtbuehne-nettelstedt.de\/wp-content\/uploads\/2011\/02\/Biene-Maja-klein.jpg","width":"150","height":"138"},{"@type":"BreadcrumbList","@id":"https:\/\/www.freilichtbuehne-nettelstedt.de\/index.php\/biene-maja\/#breadcrumb","itemListElement":[{"@type":"ListItem","position":1,"name":"Startseite","item":"https:\/\/www.freilichtbuehne-nettelstedt.de\/"},{"@type":"ListItem","position":2,"name":"2009 &#8211; Biene Maja"}]},{"@type":"WebSite","@id":"https:\/\/www.freilichtbuehne-nettelstedt.de\/#website","url":"https:\/\/www.freilichtbuehne-nettelstedt.de\/","name":"Freilichtb\u00fchne Nettelstedt","description":"Theater, das einfach Spa\u00df macht","publisher":{"@id":"https:\/\/www.freilichtbuehne-nettelstedt.de\/#organization"},"potentialAction":[{"@type":"SearchAction","target":{"@type":"EntryPoint","urlTemplate":"https:\/\/www.freilichtbuehne-nettelstedt.de\/?s={search_term_string}"},"query-input":{"@type":"PropertyValueSpecification","valueRequired":true,"valueName":"search_term_string"}}],"inLanguage":"de"},{"@type":"Organization","@id":"https:\/\/www.freilichtbuehne-nettelstedt.de\/#organization","name":"Freilichtb\u00fchne Nettelstedt e.V","url":"https:\/\/www.freilichtbuehne-nettelstedt.de\/","logo":{"@type":"ImageObject","inLanguage":"de","@id":"https:\/\/www.freilichtbuehne-nettelstedt.de\/#\/schema\/logo\/image\/","url":"https:\/\/www.freilichtbuehne-nettelstedt.de\/wp-content\/uploads\/2016\/02\/Logo_Final_2016_Transp_klein.png","contentUrl":"https:\/\/www.freilichtbuehne-nettelstedt.de\/wp-content\/uploads\/2016\/02\/Logo_Final_2016_Transp_klein.png","width":250,"height":100,"caption":"Freilichtb\u00fchne Nettelstedt e.V"},"image":{"@id":"https:\/\/www.freilichtbuehne-nettelstedt.de\/#\/schema\/logo\/image\/"},"sameAs":["https:\/\/www.facebook.com\/freilichtbuehne.nettelstedt\/","https:\/\/www.instagram.com\/freilichtbuehnenettelstedt\/"]},{"@type":"Person","@id":"https:\/\/www.freilichtbuehne-nettelstedt.de\/#\/schema\/person\/4e91ec7580d6c9b5fb05a4d8959d7c1d","name":"Manfred M\u00f6hlmann","url":"https:\/\/www.freilichtbuehne-nettelstedt.de\/index.php\/author\/mammut\/"}]}},"_links":{"self":[{"href":"https:\/\/www.freilichtbuehne-nettelstedt.de\/index.php\/wp-json\/wp\/v2\/posts\/351","targetHints":{"allow":["GET"]}}],"collection":[{"href":"https:\/\/www.freilichtbuehne-nettelstedt.de\/index.php\/wp-json\/wp\/v2\/posts"}],"about":[{"href":"https:\/\/www.freilichtbuehne-nettelstedt.de\/index.php\/wp-json\/wp\/v2\/types\/post"}],"author":[{"embeddable":true,"href":"https:\/\/www.freilichtbuehne-nettelstedt.de\/index.php\/wp-json\/wp\/v2\/users\/2"}],"replies":[{"embeddable":true,"href":"https:\/\/www.freilichtbuehne-nettelstedt.de\/index.php\/wp-json\/wp\/v2\/comments?post=351"}],"version-history":[{"count":16,"href":"https:\/\/www.freilichtbuehne-nettelstedt.de\/index.php\/wp-json\/wp\/v2\/posts\/351\/revisions"}],"predecessor-version":[{"id":10074,"href":"https:\/\/www.freilichtbuehne-nettelstedt.de\/index.php\/wp-json\/wp\/v2\/posts\/351\/revisions\/10074"}],"wp:featuredmedia":[{"embeddable":true,"href":"https:\/\/www.freilichtbuehne-nettelstedt.de\/index.php\/wp-json\/wp\/v2\/media\/354"}],"wp:attachment":[{"href":"https:\/\/www.freilichtbuehne-nettelstedt.de\/index.php\/wp-json\/wp\/v2\/media?parent=351"}],"wp:term":[{"taxonomy":"category","embeddable":true,"href":"https:\/\/www.freilichtbuehne-nettelstedt.de\/index.php\/wp-json\/wp\/v2\/categories?post=351"},{"taxonomy":"post_tag","embeddable":true,"href":"https:\/\/www.freilichtbuehne-nettelstedt.de\/index.php\/wp-json\/wp\/v2\/tags?post=351"}],"curies":[{"name":"wp","href":"https:\/\/api.w.org\/{rel}","templated":true}]}}