{"id":3230,"date":"2012-12-07T09:00:49","date_gmt":"2012-12-07T09:00:49","guid":{"rendered":"http:\/\/www.freilichtbuehne-nettelstedt.de?p=3230"},"modified":"2025-05-13T11:37:24","modified_gmt":"2025-05-13T09:37:24","slug":"wintertheater-2013-komodie-im-dunkeln","status":"publish","type":"post","link":"https:\/\/www.freilichtbuehne-nettelstedt.de\/index.php\/wintertheater-2013-komodie-im-dunkeln\/","title":{"rendered":"2013 &#8211; Kom\u00f6die im Dunkeln"},"content":{"rendered":"<table style=\"width: 700px;\">\n<tbody>\n<tr>\n<td style=\"width: 300px;\">\n<h2><a href=\"https:\/\/www.freilichtbuehne-nettelstedt.de\/wp-content\/uploads\/2012\/12\/PlakatWinter12.jpg\" rel=\"lightbox\"><img fetchpriority=\"high\" decoding=\"async\" title=\"PlakatWinter12\" class=\"alignleft wp-image-3315 size-medium\" alt=\"\" src=\"https:\/\/www.freilichtbuehne-nettelstedt.de\/wp-content\/uploads\/2012\/12\/PlakatWinter12-246x300.jpg\" width=\"246\" height=\"300\" srcset=\"https:\/\/www.freilichtbuehne-nettelstedt.de\/wp-content\/uploads\/2012\/12\/PlakatWinter12-246x300.jpg 246w, https:\/\/www.freilichtbuehne-nettelstedt.de\/wp-content\/uploads\/2012\/12\/PlakatWinter12.jpg 656w\" sizes=\"(max-width: 246px) 100vw, 246px\" \/><\/a><\/h2>\n<\/td>\n<td>Regie: Maren Wulff, Thomas Kracht<\/td>\n<\/tr>\n<\/tbody>\n<\/table>\n<p>&nbsp;<\/p>\n<h2>Inhalt:<\/h2>\n<p>Der bisher nur m\u00e4\u00dfig erfolgreiche K\u00fcnstler Brindsley Miller steht kurz vor dem Durchbruch. Ein russischer Kunstliebhaber hat Interesse an einer Statue und bei erfolgreichem Gesch\u00e4ftsabschluss w\u00e4re Brindsley nicht nur in der Lage, seine alten Rechnungen zu begleichen, sondern k\u00f6nnte auch endlich seine Freundin, deren Vater aber bisher dem zuk\u00fcnftigen Schwiegersohn kritisch gegen\u00fcber steht und beeindruckt werden will, ehelichen. Doch pl\u00f6tzlich stellt sich ihm das Schicksal in Form einer durchgebrannten Hauptsicherung in den Weg. Totale Dunkelheit im Haus, weitere geladene und ungeladene G\u00e4ste sowie das sich einstellende Chaos sorgen f\u00fcr am\u00fcsante Irrungen und Wirrungen in v\u00f6lliger Dunkelheit &#8211; von der aber gl\u00fccklicherweise nur die Darsteller umfangen werden.<\/p>\n<p>&nbsp;<\/p>\n<h2>Auff\u00fchrungsort:<\/h2>\n<p>Freilichtb\u00fchne Nettelstedt Spielerheim<\/p>\n<p>&nbsp;<\/p>\n<h2>Spielzeit:<\/h2>\n<table style=\"width: 700px;\" border=\"0\">\n<tbody>\n<tr>\n<td><strong>Wochentag<\/strong><\/td>\n<td><strong>Datum<\/strong><\/td>\n<td><strong>Uhrzeit<\/strong><\/td>\n<\/tr>\n<tr>\n<td>Freitag<\/td>\n<td>11.01.2012<\/td>\n<td>20.00 Uhr<\/td>\n<\/tr>\n<tr>\n<td>Samstag<\/td>\n<td>12.01.2013<\/td>\n<td>20.00 Uhr<\/td>\n<\/tr>\n<tr>\n<td>Sonntag<\/td>\n<td>13.01.2013<\/td>\n<td>16.00 Uhr<\/td>\n<\/tr>\n<tr>\n<td>Freitag<\/td>\n<td>18.01.2013<\/td>\n<td>20.00 Uhr<\/td>\n<\/tr>\n<tr>\n<td>Samstag<\/td>\n<td>19.01.2013<\/td>\n<td>20.00 Uhr<\/td>\n<\/tr>\n<tr>\n<td>Sonntag<\/td>\n<td>20.01.2013<\/td>\n<td>16.00 Uhr<\/td>\n<\/tr>\n<tr>\n<td>Freitag<\/td>\n<td>25.01.2013<\/td>\n<td>20.00 Uhr<\/td>\n<\/tr>\n<tr>\n<td>Samstag<\/td>\n<td>26.01.2013<\/td>\n<td>20.00 Uhr<\/td>\n<\/tr>\n<tr>\n<td>Sonntag<\/td>\n<td>27.01.2013<\/td>\n<td>16.00 Uhr<\/td>\n<\/tr>\n<\/tbody>\n<\/table>\n<p>&nbsp;<\/p>\n<h2>Presseartikel<\/h2>\n<p>Das schrieb die Presse \u00fcber diese Auff\u00fchrung.<\/p>\n<table style=\"width: 700px;\" border=\"0\">\n<tbody>\n<tr>\n<td><strong>Zeitung<\/strong><\/td>\n<td><strong>Schlagzeile<\/strong><\/td>\n<td style=\"width: 120px;\"><strong>Ausgabe vom<\/strong><\/td>\n<\/tr>\n<tr>\n<td style=\"width: 200px;\">L\u00fcbbecker Kreiszeitung<\/td>\n<td><a href=\"https:\/\/www.freilichtbuehne-nettelstedt.de\/wp-content\/uploads\/2019\/01\/LK-Witziges-und-rasantes-Stueck.pdf\" target=\"_blank\" rel=\"noopener noreferrer\">Witziges und rasantes St\u00fcck<\/a><\/td>\n<td style=\"width: 120px;\">09.01.2013<\/td>\n<\/tr>\n<tr>\n<td style=\"width: 200px;\">Neue Westf\u00e4lische<\/td>\n<td><a href=\"https:\/\/www.freilichtbuehne-nettelstedt.de\/wp-content\/uploads\/zeitungsartikel\/NW-Irrungen-und-Wirrungen-im-Dunkeln.pdf\" target=\"_blank\" rel=\"noopener noreferrer\">Irrungen und Wirrungen im Dunkeln<\/a><\/td>\n<td style=\"width: 120px;\">09.01.2013<\/td>\n<\/tr>\n<tr>\n<td style=\"width: 200px;\">Neue Westf\u00e4lische<\/td>\n<td><a href=\"https:\/\/www.freilichtbuehne-nettelstedt.de\/wp-content\/uploads\/2019\/01\/NW-Zwischen-zwei-Frauen.pdf\" target=\"_blank\" rel=\"noopener noreferrer\">Zwischen zwei Frauen<\/a><\/td>\n<td style=\"width: 120px;\">14.01.2013<\/td>\n<\/tr>\n<\/tbody>\n<\/table>\n<p>&nbsp;<\/p>\n<h2>Bildergallery<\/h2>\nngg_shortcode_0_placeholder\n","protected":false},"excerpt":{"rendered":"<p>Regie: Maren Wulff, Thomas Kracht &nbsp; Inhalt: Der bisher nur m\u00e4\u00dfig erfolgreiche K\u00fcnstler Brindsley Miller steht kurz vor dem Durchbruch. Ein russischer Kunstliebhaber hat Interesse an einer Statue und bei erfolgreichem Gesch\u00e4ftsabschluss w\u00e4re Brindsley nicht nur in der Lage, seine alten Rechnungen zu begleichen, sondern k\u00f6nnte auch endlich seine Freundin, deren Vater aber bisher dem [&hellip;]<\/p>\n","protected":false},"author":121,"featured_media":3249,"comment_status":"closed","ping_status":"closed","sticky":false,"template":"","format":"standard","meta":{"_monsterinsights_skip_tracking":false,"_monsterinsights_sitenote_active":false,"_monsterinsights_sitenote_note":"","_monsterinsights_sitenote_category":0,"ngg_post_thumbnail":0,"footnotes":""},"categories":[31,1],"tags":[],"class_list":{"0":"post-3230","1":"post","2":"type-post","3":"status-publish","4":"format-standard","5":"has-post-thumbnail","7":"category-aktuelles","8":"category-programm","9":"czr-hentry"},"yoast_head":"<!-- This site is optimized with the Yoast SEO plugin v27.3 - https:\/\/yoast.com\/product\/yoast-seo-wordpress\/ -->\n<title>2013 - Kom\u00f6die im Dunkeln - Freilichtb\u00fchne Nettelstedt<\/title>\n<meta name=\"robots\" content=\"index, follow, max-snippet:-1, max-image-preview:large, max-video-preview:-1\" \/>\n<link rel=\"canonical\" href=\"https:\/\/www.freilichtbuehne-nettelstedt.de\/index.php\/wintertheater-2013-komodie-im-dunkeln\/\" \/>\n<meta property=\"og:locale\" content=\"de_DE\" \/>\n<meta property=\"og:type\" content=\"article\" \/>\n<meta property=\"og:title\" content=\"2013 - Kom\u00f6die im Dunkeln - Freilichtb\u00fchne Nettelstedt\" \/>\n<meta property=\"og:description\" content=\"Regie: Maren Wulff, Thomas Kracht &nbsp; Inhalt: Der bisher nur m\u00e4\u00dfig erfolgreiche K\u00fcnstler Brindsley Miller steht kurz vor dem Durchbruch. Ein russischer Kunstliebhaber hat Interesse an einer Statue und bei erfolgreichem Gesch\u00e4ftsabschluss w\u00e4re Brindsley nicht nur in der Lage, seine alten Rechnungen zu begleichen, sondern k\u00f6nnte auch endlich seine Freundin, deren Vater aber bisher dem [&hellip;]\" \/>\n<meta property=\"og:url\" content=\"https:\/\/www.freilichtbuehne-nettelstedt.de\/index.php\/wintertheater-2013-komodie-im-dunkeln\/\" \/>\n<meta property=\"og:site_name\" content=\"Freilichtb\u00fchne Nettelstedt\" \/>\n<meta property=\"article:publisher\" content=\"https:\/\/www.facebook.com\/freilichtbuehne.nettelstedt\/\" \/>\n<meta property=\"article:published_time\" content=\"2012-12-07T09:00:49+00:00\" \/>\n<meta property=\"article:modified_time\" content=\"2025-05-13T09:37:24+00:00\" \/>\n<meta property=\"og:image\" content=\"https:\/\/www.freilichtbuehne-nettelstedt.de\/wp-content\/uploads\/2012\/11\/winter2012.jpg\" \/>\n\t<meta property=\"og:image:width\" content=\"826\" \/>\n\t<meta property=\"og:image:height\" content=\"812\" \/>\n\t<meta property=\"og:image:type\" content=\"image\/jpeg\" \/>\n<meta name=\"author\" content=\"Hermann Fr\u00fcnd\" \/>\n<meta name=\"twitter:card\" content=\"summary_large_image\" \/>\n<meta name=\"twitter:label1\" content=\"Verfasst von\" \/>\n\t<meta name=\"twitter:data1\" content=\"Hermann Fr\u00fcnd\" \/>\n\t<meta name=\"twitter:label2\" content=\"Gesch\u00e4tzte Lesezeit\" \/>\n\t<meta name=\"twitter:data2\" content=\"1\u00a0Minute\" \/>\n<script type=\"application\/ld+json\" class=\"yoast-schema-graph\">{\"@context\":\"https:\\\/\\\/schema.org\",\"@graph\":[{\"@type\":\"Article\",\"@id\":\"https:\\\/\\\/www.freilichtbuehne-nettelstedt.de\\\/index.php\\\/wintertheater-2013-komodie-im-dunkeln\\\/#article\",\"isPartOf\":{\"@id\":\"https:\\\/\\\/www.freilichtbuehne-nettelstedt.de\\\/index.php\\\/wintertheater-2013-komodie-im-dunkeln\\\/\"},\"author\":{\"name\":\"Hermann Fr\u00fcnd\",\"@id\":\"https:\\\/\\\/www.freilichtbuehne-nettelstedt.de\\\/#\\\/schema\\\/person\\\/0c3612bc2a0fcf0060a3c806cc6d4d2e\"},\"headline\":\"2013 &#8211; Kom\u00f6die im Dunkeln\",\"datePublished\":\"2012-12-07T09:00:49+00:00\",\"dateModified\":\"2025-05-13T09:37:24+00:00\",\"mainEntityOfPage\":{\"@id\":\"https:\\\/\\\/www.freilichtbuehne-nettelstedt.de\\\/index.php\\\/wintertheater-2013-komodie-im-dunkeln\\\/\"},\"wordCount\":207,\"publisher\":{\"@id\":\"https:\\\/\\\/www.freilichtbuehne-nettelstedt.de\\\/#organization\"},\"image\":{\"@id\":\"https:\\\/\\\/www.freilichtbuehne-nettelstedt.de\\\/index.php\\\/wintertheater-2013-komodie-im-dunkeln\\\/#primaryimage\"},\"thumbnailUrl\":\"https:\\\/\\\/www.freilichtbuehne-nettelstedt.de\\\/wp-content\\\/uploads\\\/2012\\\/11\\\/winter2012.jpg\",\"articleSection\":[\"Aktuelles\",\"Programm\"],\"inLanguage\":\"de\"},{\"@type\":\"WebPage\",\"@id\":\"https:\\\/\\\/www.freilichtbuehne-nettelstedt.de\\\/index.php\\\/wintertheater-2013-komodie-im-dunkeln\\\/\",\"url\":\"https:\\\/\\\/www.freilichtbuehne-nettelstedt.de\\\/index.php\\\/wintertheater-2013-komodie-im-dunkeln\\\/\",\"name\":\"2013 - Kom\u00f6die im Dunkeln - Freilichtb\u00fchne Nettelstedt\",\"isPartOf\":{\"@id\":\"https:\\\/\\\/www.freilichtbuehne-nettelstedt.de\\\/#website\"},\"primaryImageOfPage\":{\"@id\":\"https:\\\/\\\/www.freilichtbuehne-nettelstedt.de\\\/index.php\\\/wintertheater-2013-komodie-im-dunkeln\\\/#primaryimage\"},\"image\":{\"@id\":\"https:\\\/\\\/www.freilichtbuehne-nettelstedt.de\\\/index.php\\\/wintertheater-2013-komodie-im-dunkeln\\\/#primaryimage\"},\"thumbnailUrl\":\"https:\\\/\\\/www.freilichtbuehne-nettelstedt.de\\\/wp-content\\\/uploads\\\/2012\\\/11\\\/winter2012.jpg\",\"datePublished\":\"2012-12-07T09:00:49+00:00\",\"dateModified\":\"2025-05-13T09:37:24+00:00\",\"breadcrumb\":{\"@id\":\"https:\\\/\\\/www.freilichtbuehne-nettelstedt.de\\\/index.php\\\/wintertheater-2013-komodie-im-dunkeln\\\/#breadcrumb\"},\"inLanguage\":\"de\",\"potentialAction\":[{\"@type\":\"ReadAction\",\"target\":[\"https:\\\/\\\/www.freilichtbuehne-nettelstedt.de\\\/index.php\\\/wintertheater-2013-komodie-im-dunkeln\\\/\"]}]},{\"@type\":\"ImageObject\",\"inLanguage\":\"de\",\"@id\":\"https:\\\/\\\/www.freilichtbuehne-nettelstedt.de\\\/index.php\\\/wintertheater-2013-komodie-im-dunkeln\\\/#primaryimage\",\"url\":\"https:\\\/\\\/www.freilichtbuehne-nettelstedt.de\\\/wp-content\\\/uploads\\\/2012\\\/11\\\/winter2012.jpg\",\"contentUrl\":\"https:\\\/\\\/www.freilichtbuehne-nettelstedt.de\\\/wp-content\\\/uploads\\\/2012\\\/11\\\/winter2012.jpg\",\"width\":\"826\",\"height\":\"812\"},{\"@type\":\"BreadcrumbList\",\"@id\":\"https:\\\/\\\/www.freilichtbuehne-nettelstedt.de\\\/index.php\\\/wintertheater-2013-komodie-im-dunkeln\\\/#breadcrumb\",\"itemListElement\":[{\"@type\":\"ListItem\",\"position\":1,\"name\":\"Startseite\",\"item\":\"https:\\\/\\\/www.freilichtbuehne-nettelstedt.de\\\/\"},{\"@type\":\"ListItem\",\"position\":2,\"name\":\"2013 &#8211; Kom\u00f6die im Dunkeln\"}]},{\"@type\":\"WebSite\",\"@id\":\"https:\\\/\\\/www.freilichtbuehne-nettelstedt.de\\\/#website\",\"url\":\"https:\\\/\\\/www.freilichtbuehne-nettelstedt.de\\\/\",\"name\":\"Freilichtb\u00fchne Nettelstedt\",\"description\":\"Theater, das einfach Spa\u00df macht\",\"publisher\":{\"@id\":\"https:\\\/\\\/www.freilichtbuehne-nettelstedt.de\\\/#organization\"},\"potentialAction\":[{\"@type\":\"SearchAction\",\"target\":{\"@type\":\"EntryPoint\",\"urlTemplate\":\"https:\\\/\\\/www.freilichtbuehne-nettelstedt.de\\\/?s={search_term_string}\"},\"query-input\":{\"@type\":\"PropertyValueSpecification\",\"valueRequired\":true,\"valueName\":\"search_term_string\"}}],\"inLanguage\":\"de\"},{\"@type\":\"Organization\",\"@id\":\"https:\\\/\\\/www.freilichtbuehne-nettelstedt.de\\\/#organization\",\"name\":\"Freilichtb\u00fchne Nettelstedt e.V\",\"url\":\"https:\\\/\\\/www.freilichtbuehne-nettelstedt.de\\\/\",\"logo\":{\"@type\":\"ImageObject\",\"inLanguage\":\"de\",\"@id\":\"https:\\\/\\\/www.freilichtbuehne-nettelstedt.de\\\/#\\\/schema\\\/logo\\\/image\\\/\",\"url\":\"https:\\\/\\\/www.freilichtbuehne-nettelstedt.de\\\/wp-content\\\/uploads\\\/2016\\\/02\\\/Logo_Final_2016_Transp_klein.png\",\"contentUrl\":\"https:\\\/\\\/www.freilichtbuehne-nettelstedt.de\\\/wp-content\\\/uploads\\\/2016\\\/02\\\/Logo_Final_2016_Transp_klein.png\",\"width\":250,\"height\":100,\"caption\":\"Freilichtb\u00fchne Nettelstedt e.V\"},\"image\":{\"@id\":\"https:\\\/\\\/www.freilichtbuehne-nettelstedt.de\\\/#\\\/schema\\\/logo\\\/image\\\/\"},\"sameAs\":[\"https:\\\/\\\/www.facebook.com\\\/freilichtbuehne.nettelstedt\\\/\",\"https:\\\/\\\/www.instagram.com\\\/freilichtbuehnenettelstedt\\\/\"]},{\"@type\":\"Person\",\"@id\":\"https:\\\/\\\/www.freilichtbuehne-nettelstedt.de\\\/#\\\/schema\\\/person\\\/0c3612bc2a0fcf0060a3c806cc6d4d2e\",\"name\":\"Hermann Fr\u00fcnd\",\"url\":\"https:\\\/\\\/www.freilichtbuehne-nettelstedt.de\\\/index.php\\\/author\\\/hermann-fruend\\\/\"}]}<\/script>\n<!-- \/ Yoast SEO plugin. -->","yoast_head_json":{"title":"2013 - Kom\u00f6die im Dunkeln - Freilichtb\u00fchne Nettelstedt","robots":{"index":"index","follow":"follow","max-snippet":"max-snippet:-1","max-image-preview":"max-image-preview:large","max-video-preview":"max-video-preview:-1"},"canonical":"https:\/\/www.freilichtbuehne-nettelstedt.de\/index.php\/wintertheater-2013-komodie-im-dunkeln\/","og_locale":"de_DE","og_type":"article","og_title":"2013 - Kom\u00f6die im Dunkeln - Freilichtb\u00fchne Nettelstedt","og_description":"Regie: Maren Wulff, Thomas Kracht &nbsp; Inhalt: Der bisher nur m\u00e4\u00dfig erfolgreiche K\u00fcnstler Brindsley Miller steht kurz vor dem Durchbruch. Ein russischer Kunstliebhaber hat Interesse an einer Statue und bei erfolgreichem Gesch\u00e4ftsabschluss w\u00e4re Brindsley nicht nur in der Lage, seine alten Rechnungen zu begleichen, sondern k\u00f6nnte auch endlich seine Freundin, deren Vater aber bisher dem [&hellip;]","og_url":"https:\/\/www.freilichtbuehne-nettelstedt.de\/index.php\/wintertheater-2013-komodie-im-dunkeln\/","og_site_name":"Freilichtb\u00fchne Nettelstedt","article_publisher":"https:\/\/www.facebook.com\/freilichtbuehne.nettelstedt\/","article_published_time":"2012-12-07T09:00:49+00:00","article_modified_time":"2025-05-13T09:37:24+00:00","og_image":[{"width":826,"height":812,"url":"https:\/\/www.freilichtbuehne-nettelstedt.de\/wp-content\/uploads\/2012\/11\/winter2012.jpg","type":"image\/jpeg"}],"author":"Hermann Fr\u00fcnd","twitter_card":"summary_large_image","twitter_misc":{"Verfasst von":"Hermann Fr\u00fcnd","Gesch\u00e4tzte Lesezeit":"1\u00a0Minute"},"schema":{"@context":"https:\/\/schema.org","@graph":[{"@type":"Article","@id":"https:\/\/www.freilichtbuehne-nettelstedt.de\/index.php\/wintertheater-2013-komodie-im-dunkeln\/#article","isPartOf":{"@id":"https:\/\/www.freilichtbuehne-nettelstedt.de\/index.php\/wintertheater-2013-komodie-im-dunkeln\/"},"author":{"name":"Hermann Fr\u00fcnd","@id":"https:\/\/www.freilichtbuehne-nettelstedt.de\/#\/schema\/person\/0c3612bc2a0fcf0060a3c806cc6d4d2e"},"headline":"2013 &#8211; Kom\u00f6die im Dunkeln","datePublished":"2012-12-07T09:00:49+00:00","dateModified":"2025-05-13T09:37:24+00:00","mainEntityOfPage":{"@id":"https:\/\/www.freilichtbuehne-nettelstedt.de\/index.php\/wintertheater-2013-komodie-im-dunkeln\/"},"wordCount":207,"publisher":{"@id":"https:\/\/www.freilichtbuehne-nettelstedt.de\/#organization"},"image":{"@id":"https:\/\/www.freilichtbuehne-nettelstedt.de\/index.php\/wintertheater-2013-komodie-im-dunkeln\/#primaryimage"},"thumbnailUrl":"https:\/\/www.freilichtbuehne-nettelstedt.de\/wp-content\/uploads\/2012\/11\/winter2012.jpg","articleSection":["Aktuelles","Programm"],"inLanguage":"de"},{"@type":"WebPage","@id":"https:\/\/www.freilichtbuehne-nettelstedt.de\/index.php\/wintertheater-2013-komodie-im-dunkeln\/","url":"https:\/\/www.freilichtbuehne-nettelstedt.de\/index.php\/wintertheater-2013-komodie-im-dunkeln\/","name":"2013 - Kom\u00f6die im Dunkeln - Freilichtb\u00fchne Nettelstedt","isPartOf":{"@id":"https:\/\/www.freilichtbuehne-nettelstedt.de\/#website"},"primaryImageOfPage":{"@id":"https:\/\/www.freilichtbuehne-nettelstedt.de\/index.php\/wintertheater-2013-komodie-im-dunkeln\/#primaryimage"},"image":{"@id":"https:\/\/www.freilichtbuehne-nettelstedt.de\/index.php\/wintertheater-2013-komodie-im-dunkeln\/#primaryimage"},"thumbnailUrl":"https:\/\/www.freilichtbuehne-nettelstedt.de\/wp-content\/uploads\/2012\/11\/winter2012.jpg","datePublished":"2012-12-07T09:00:49+00:00","dateModified":"2025-05-13T09:37:24+00:00","breadcrumb":{"@id":"https:\/\/www.freilichtbuehne-nettelstedt.de\/index.php\/wintertheater-2013-komodie-im-dunkeln\/#breadcrumb"},"inLanguage":"de","potentialAction":[{"@type":"ReadAction","target":["https:\/\/www.freilichtbuehne-nettelstedt.de\/index.php\/wintertheater-2013-komodie-im-dunkeln\/"]}]},{"@type":"ImageObject","inLanguage":"de","@id":"https:\/\/www.freilichtbuehne-nettelstedt.de\/index.php\/wintertheater-2013-komodie-im-dunkeln\/#primaryimage","url":"https:\/\/www.freilichtbuehne-nettelstedt.de\/wp-content\/uploads\/2012\/11\/winter2012.jpg","contentUrl":"https:\/\/www.freilichtbuehne-nettelstedt.de\/wp-content\/uploads\/2012\/11\/winter2012.jpg","width":"826","height":"812"},{"@type":"BreadcrumbList","@id":"https:\/\/www.freilichtbuehne-nettelstedt.de\/index.php\/wintertheater-2013-komodie-im-dunkeln\/#breadcrumb","itemListElement":[{"@type":"ListItem","position":1,"name":"Startseite","item":"https:\/\/www.freilichtbuehne-nettelstedt.de\/"},{"@type":"ListItem","position":2,"name":"2013 &#8211; Kom\u00f6die im Dunkeln"}]},{"@type":"WebSite","@id":"https:\/\/www.freilichtbuehne-nettelstedt.de\/#website","url":"https:\/\/www.freilichtbuehne-nettelstedt.de\/","name":"Freilichtb\u00fchne Nettelstedt","description":"Theater, das einfach Spa\u00df macht","publisher":{"@id":"https:\/\/www.freilichtbuehne-nettelstedt.de\/#organization"},"potentialAction":[{"@type":"SearchAction","target":{"@type":"EntryPoint","urlTemplate":"https:\/\/www.freilichtbuehne-nettelstedt.de\/?s={search_term_string}"},"query-input":{"@type":"PropertyValueSpecification","valueRequired":true,"valueName":"search_term_string"}}],"inLanguage":"de"},{"@type":"Organization","@id":"https:\/\/www.freilichtbuehne-nettelstedt.de\/#organization","name":"Freilichtb\u00fchne Nettelstedt e.V","url":"https:\/\/www.freilichtbuehne-nettelstedt.de\/","logo":{"@type":"ImageObject","inLanguage":"de","@id":"https:\/\/www.freilichtbuehne-nettelstedt.de\/#\/schema\/logo\/image\/","url":"https:\/\/www.freilichtbuehne-nettelstedt.de\/wp-content\/uploads\/2016\/02\/Logo_Final_2016_Transp_klein.png","contentUrl":"https:\/\/www.freilichtbuehne-nettelstedt.de\/wp-content\/uploads\/2016\/02\/Logo_Final_2016_Transp_klein.png","width":250,"height":100,"caption":"Freilichtb\u00fchne Nettelstedt e.V"},"image":{"@id":"https:\/\/www.freilichtbuehne-nettelstedt.de\/#\/schema\/logo\/image\/"},"sameAs":["https:\/\/www.facebook.com\/freilichtbuehne.nettelstedt\/","https:\/\/www.instagram.com\/freilichtbuehnenettelstedt\/"]},{"@type":"Person","@id":"https:\/\/www.freilichtbuehne-nettelstedt.de\/#\/schema\/person\/0c3612bc2a0fcf0060a3c806cc6d4d2e","name":"Hermann Fr\u00fcnd","url":"https:\/\/www.freilichtbuehne-nettelstedt.de\/index.php\/author\/hermann-fruend\/"}]}},"_links":{"self":[{"href":"https:\/\/www.freilichtbuehne-nettelstedt.de\/index.php\/wp-json\/wp\/v2\/posts\/3230","targetHints":{"allow":["GET"]}}],"collection":[{"href":"https:\/\/www.freilichtbuehne-nettelstedt.de\/index.php\/wp-json\/wp\/v2\/posts"}],"about":[{"href":"https:\/\/www.freilichtbuehne-nettelstedt.de\/index.php\/wp-json\/wp\/v2\/types\/post"}],"author":[{"embeddable":true,"href":"https:\/\/www.freilichtbuehne-nettelstedt.de\/index.php\/wp-json\/wp\/v2\/users\/121"}],"replies":[{"embeddable":true,"href":"https:\/\/www.freilichtbuehne-nettelstedt.de\/index.php\/wp-json\/wp\/v2\/comments?post=3230"}],"version-history":[{"count":21,"href":"https:\/\/www.freilichtbuehne-nettelstedt.de\/index.php\/wp-json\/wp\/v2\/posts\/3230\/revisions"}],"predecessor-version":[{"id":10039,"href":"https:\/\/www.freilichtbuehne-nettelstedt.de\/index.php\/wp-json\/wp\/v2\/posts\/3230\/revisions\/10039"}],"wp:featuredmedia":[{"embeddable":true,"href":"https:\/\/www.freilichtbuehne-nettelstedt.de\/index.php\/wp-json\/wp\/v2\/media\/3249"}],"wp:attachment":[{"href":"https:\/\/www.freilichtbuehne-nettelstedt.de\/index.php\/wp-json\/wp\/v2\/media?parent=3230"}],"wp:term":[{"taxonomy":"category","embeddable":true,"href":"https:\/\/www.freilichtbuehne-nettelstedt.de\/index.php\/wp-json\/wp\/v2\/categories?post=3230"},{"taxonomy":"post_tag","embeddable":true,"href":"https:\/\/www.freilichtbuehne-nettelstedt.de\/index.php\/wp-json\/wp\/v2\/tags?post=3230"}],"curies":[{"name":"wp","href":"https:\/\/api.w.org\/{rel}","templated":true}]}}