{"id":3193,"date":"2012-09-05T14:45:21","date_gmt":"2012-09-05T14:45:21","guid":{"rendered":"http:\/\/www.freilichtbuehne-nettelstedt.de?page_id=3193"},"modified":"2020-07-11T13:30:13","modified_gmt":"2020-07-11T11:30:13","slug":"die-schatzinsel-2012","status":"publish","type":"post","link":"https:\/\/www.freilichtbuehne-nettelstedt.de\/index.php\/die-schatzinsel-2012\/","title":{"rendered":"2012 &#8211; Die Schatzinsel"},"content":{"rendered":"<p><a href=\"https:\/\/www.freilichtbuehne-nettelstedt.de\/wp-content\/uploads\/2011\/11\/FN_SchatzinselW.jpg\" rel=\"lightbox\"><img decoding=\"async\" title=\"Schatzinsel\" class=\"alignleft size-medium wp-image-2870\" alt=\"\" src=\"https:\/\/www.freilichtbuehne-nettelstedt.de\/wp-content\/uploads\/2011\/11\/FN_SchatzinselW1-300x223.jpg\" width=\"240\" height=\"178\" srcset=\"https:\/\/www.freilichtbuehne-nettelstedt.de\/wp-content\/uploads\/2011\/11\/FN_SchatzinselW1-300x223.jpg 300w, https:\/\/www.freilichtbuehne-nettelstedt.de\/wp-content\/uploads\/2011\/11\/FN_SchatzinselW1.jpg 800w\" sizes=\"(max-width: 240px) 100vw, 240px\" \/><\/a><br \/>\nvon Robert Louis Stevenson<\/p>\n<p>Regie: Anke Lux<\/p>\n<p>&nbsp;<\/p>\n<p><!--more--><\/p>\n<p>Als ein Abenteuerst\u00fcck mit Musik wird &#8222;Die Schatzinsel&#8220; die Traditionsb\u00fchne in Nettelstedt in diesem Jahr in eine Seemannskneipe, einen stolzen 2-Master und die Schatzinsel selbst verwandeln. Mit Piraten, S\u00e4beln und einem guten Schuss Humor &#8211; Yohoho und \u00b4ne Buddel voll Rum.<\/p>\n<h2>Auff\u00fchrungsort:<\/h2>\n<p>Freilichtb\u00fchne Nettelstedt<\/p>\n<h2>Spielzeit:<\/h2>\n<p>Jeden Samstag vom 16. Juni 2012 bis zum 01. September 2012, jeweils um 20:30 Uhr<\/p>\n<h2>Freitagsvorstellungen:<\/h2>\n<p>Freitag, 10. August 2012 um 20:30 Uhr<br \/>\nFreitag, 24. August 2012 um 20:30 Uhr<\/p>\n<h2>Besetzungsliste<\/h2>\n<table style=\"width: 700px;\" border=\"0\">\n<tbody>\n<tr>\n<td><strong>Figur<\/strong><\/td>\n<td><strong>Schauspieler<\/strong><\/td>\n<td><strong>Schauspieler<\/strong><\/td>\n<\/tr>\n<tr>\n<td>Jim Hawkins<\/td>\n<td>Florian Kracht<\/td>\n<td>&nbsp;<\/td>\n<\/tr>\n<tr>\n<td>Mrs. Hawkins<\/td>\n<td>Melanie Fr\u00fcnd<\/td>\n<td>Susanne \u00d6wermann<\/td>\n<\/tr>\n<tr>\n<td>Dr. Liveley<\/td>\n<td>Claus Merle<\/td>\n<td>Wolfgang Hovemeyer<\/td>\n<\/tr>\n<tr>\n<td>Mrs. Trelawny<\/td>\n<td>Kerstin Kottkamp<\/td>\n<td>Maren Wulff<\/td>\n<\/tr>\n<tr>\n<td>Ben Bone<\/td>\n<td>Jens Hildebrandt<\/td>\n<td>J\u00fcrgen Kracht<\/td>\n<\/tr>\n<tr>\n<td>Blinder Pew<\/td>\n<td>Siegfried Bollhorst<\/td>\n<td>Rainer Hagemeyer<\/td>\n<\/tr>\n<tr>\n<td>Schwarzer Hund<\/td>\n<td>Matthias Kracht<\/td>\n<td>J\u00fcrgen Moritz<\/td>\n<\/tr>\n<tr>\n<td>K\u00e4pt&#8217;n Smollet<\/td>\n<td>Hans Arning<\/td>\n<td>Martin J\u00e4ger-Degenhard<\/td>\n<\/tr>\n<tr>\n<td>Long John Silver<\/td>\n<td>Ernst-Ulrich Wellpott<\/td>\n<td>&nbsp;<\/td>\n<\/tr>\n<tr>\n<td>Israel Hands<\/td>\n<td>Ralf Schrewe<\/td>\n<td>&nbsp;<\/td>\n<\/tr>\n<tr>\n<td>John<\/td>\n<td>Kilian Kottkamp<\/td>\n<td>Jan-Frederick Lange<\/td>\n<\/tr>\n<tr>\n<td>Jack<\/td>\n<td>Klaus-Uwe Kr\u00f6ger<\/td>\n<td>Philip \u00d6wermann<\/td>\n<\/tr>\n<tr>\n<td>Ben Gunn<\/td>\n<td>Volker Kracht<\/td>\n<td>Thomas Kracht<\/td>\n<\/tr>\n<tr>\n<td>&nbsp;<\/td>\n<td>&nbsp;<\/td>\n<td>&nbsp;<\/td>\n<\/tr>\n<tr>\n<td><strong>weitere Piraten<\/strong><\/td>\n<td>Florian Lorenzen<\/td>\n<td>Erik Ottow<\/td>\n<\/tr>\n<tr>\n<td>&nbsp;<\/td>\n<td>Marvin Pohl<\/td>\n<td>Andreas Giese-Kirschner<\/td>\n<\/tr>\n<tr>\n<td>&nbsp;<\/td>\n<td>Lukas Kilian Giese<\/td>\n<td>Ramona Sch\u00fctte<\/td>\n<\/tr>\n<tr>\n<td>&nbsp;<\/td>\n<td>Julia R\u00f6ding<\/td>\n<td>J\u00fcrgen Kracht<\/td>\n<\/tr>\n<tr>\n<td>&nbsp;<\/td>\n<td>Sophia Schnute<\/td>\n<td>Carolin Lange<\/td>\n<\/tr>\n<tr>\n<td>&nbsp;<\/td>\n<td>Jens Hildebrandt<\/td>\n<td>Siegfried Bollhorst<\/td>\n<\/tr>\n<tr>\n<td>&nbsp;<\/td>\n<td>&nbsp;<\/td>\n<td>&nbsp;<\/td>\n<\/tr>\n<tr>\n<td><strong>Marktbev\u00f6lkerung<\/strong><\/td>\n<td>&nbsp;<\/td>\n<td>&nbsp;<\/td>\n<\/tr>\n<tr>\n<td>&nbsp;<\/td>\n<td>Saskia vom Stein<\/td>\n<td>Maren Kracht<\/td>\n<\/tr>\n<tr>\n<td>&nbsp;<\/td>\n<td>Louisa Sophie Hempel<\/td>\n<td>Anna-Lena Peper<\/td>\n<\/tr>\n<tr>\n<td>&nbsp;<\/td>\n<td>Ilka Kottkamp<\/td>\n<td>Pia Finke<\/td>\n<\/tr>\n<tr>\n<td>&nbsp;<\/td>\n<td>Emily M\u00f6hr<\/td>\n<td>Anna Jutta Michelsohn<\/td>\n<\/tr>\n<tr>\n<td>&nbsp;<\/td>\n<td>Fiona Metje<\/td>\n<td>Lea Fistelmann<\/td>\n<\/tr>\n<tr>\n<td>&nbsp;<\/td>\n<td>Kiara Schmale<\/td>\n<td>Ilona H\u00e4rtel<\/td>\n<\/tr>\n<tr>\n<td>&nbsp;<\/td>\n<td>Merle Bachmann<\/td>\n<td>Monika M\u00f6hlmann<\/td>\n<\/tr>\n<tr>\n<td>&nbsp;<\/td>\n<td>Monika H\u00e4rtel<\/td>\n<td>Angela Bunge<\/td>\n<\/tr>\n<tr>\n<td>&nbsp;<\/td>\n<td>Stefanie Hempel<\/td>\n<td>Monika Bachmann<\/td>\n<\/tr>\n<tr>\n<td>&nbsp;<\/td>\n<td>Merle Kracht<\/td>\n<td>Katja H\u00e4rtel<\/td>\n<\/tr>\n<tr>\n<td>Schiffsrate<\/td>\n<td>Aaron Kracht<\/td>\n<td>&nbsp;<\/td>\n<\/tr>\n<\/tbody>\n<\/table>\n<h2>Presseartikel<\/h2>\n<p>Das schrieb die Presse \u00fcber diese Auff\u00fchrung.<\/p>\n<table style=\"width: 700px; height: 44px;\" border=\"0\">\n<tbody>\n<tr>\n<td><strong>Zeitung<\/strong><\/td>\n<td><strong>Schlagzeile<\/strong><\/td>\n<td><strong>Ausgabe vom<\/strong><\/td>\n<\/tr>\n<tr>\n<td>L\u00fcbbecker Kreiszeitung<\/td>\n<td style=\"width: 250px;\"><a href=\"https:\/\/www.freilichtbuehne-nettelstedt.de\/wp-content\/uploads\/2019\/01\/LK-Kurs-aufs-Publikum.pdf\" target=\"_blank\" rel=\"noopener noreferrer\">Kurs aufs Publikum<\/a><\/td>\n<td>18.06.2012<\/td>\n<\/tr>\n<tr>\n<td>Neue Westf\u00e4lische<\/td>\n<td style=\"width: 250px;\"><a href=\"https:\/\/www.freilichtbuehne-nettelstedt.de\/wp-content\/uploads\/2019\/01\/NW-Piraten-entern-den-Huenenbrink.pdf\" target=\"_blank\" rel=\"noopener noreferrer\">Piraten entern den H\u00fcnenbrink<\/a><\/td>\n<td>18.06.2012<\/td>\n<\/tr>\n<tr>\n<td>Mindener Tageblatt<\/td>\n<td style=\"width: 250px;\"><a href=\"https:\/\/www.freilichtbuehne-nettelstedt.de\/wp-content\/uploads\/2019\/01\/MT-Hispaniola-segelt-in-Nettelstedt-zur-Schatzinsel.pdf\" target=\"_blank\" rel=\"noopener noreferrer\">&#8222;Hispaniola&#8220; segelt in Nettelstedt zur Schatzinsel<\/a><\/td>\n<td>13.06.2012<\/td>\n<\/tr>\n<tr>\n<td>L\u00fcbbecker Kreiszeitung<\/td>\n<td style=\"width: 250px;\"><a href=\"https:\/\/www.freilichtbuehne-nettelstedt.de\/wp-content\/uploads\/2019\/01\/LK-Schlag-auf-Schlag.pdf\" target=\"_blank\" rel=\"noopener noreferrer\">Schlag auf Schlag<\/a><\/td>\n<td>13.06.2012<\/td>\n<\/tr>\n<\/tbody>\n<\/table>\n<h2>Bildergallery<\/h2>\nngg_shortcode_0_placeholder\n<p>&nbsp;<\/p>\n","protected":false},"excerpt":{"rendered":"<p>von Robert Louis Stevenson Regie: Anke Lux &nbsp;<\/p>\n","protected":false},"author":2,"featured_media":8411,"comment_status":"closed","ping_status":"closed","sticky":false,"template":"","format":"standard","meta":{"_monsterinsights_skip_tracking":false,"_monsterinsights_sitenote_active":false,"_monsterinsights_sitenote_note":"","_monsterinsights_sitenote_category":0,"ngg_post_thumbnail":0,"footnotes":""},"categories":[31],"tags":[],"class_list":{"0":"post-3193","1":"post","2":"type-post","3":"status-publish","4":"format-standard","5":"has-post-thumbnail","7":"category-aktuelles","8":"czr-hentry"},"yoast_head":"<!-- This site is optimized with the Yoast SEO plugin v27.3 - https:\/\/yoast.com\/product\/yoast-seo-wordpress\/ -->\n<title>2012 - Die Schatzinsel - Freilichtb\u00fchne Nettelstedt<\/title>\n<meta name=\"robots\" content=\"index, follow, max-snippet:-1, max-image-preview:large, max-video-preview:-1\" \/>\n<link rel=\"canonical\" href=\"https:\/\/www.freilichtbuehne-nettelstedt.de\/index.php\/die-schatzinsel-2012\/\" \/>\n<meta property=\"og:locale\" content=\"de_DE\" \/>\n<meta property=\"og:type\" content=\"article\" \/>\n<meta property=\"og:title\" content=\"2012 - Die Schatzinsel - Freilichtb\u00fchne Nettelstedt\" \/>\n<meta property=\"og:description\" content=\"von Robert Louis Stevenson Regie: Anke Lux &nbsp;\" \/>\n<meta property=\"og:url\" content=\"https:\/\/www.freilichtbuehne-nettelstedt.de\/index.php\/die-schatzinsel-2012\/\" \/>\n<meta property=\"og:site_name\" content=\"Freilichtb\u00fchne Nettelstedt\" \/>\n<meta property=\"article:publisher\" content=\"https:\/\/www.facebook.com\/freilichtbuehne.nettelstedt\/\" \/>\n<meta property=\"article:published_time\" content=\"2012-09-05T14:45:21+00:00\" \/>\n<meta property=\"article:modified_time\" content=\"2020-07-11T11:30:13+00:00\" \/>\n<meta property=\"og:image\" content=\"https:\/\/www.freilichtbuehne-nettelstedt.de\/wp-content\/uploads\/2019\/03\/bild29.jpg\" \/>\n\t<meta property=\"og:image:width\" content=\"800\" \/>\n\t<meta property=\"og:image:height\" content=\"532\" \/>\n\t<meta property=\"og:image:type\" content=\"image\/jpeg\" \/>\n<meta name=\"author\" content=\"Manfred M\u00f6hlmann\" \/>\n<meta name=\"twitter:card\" content=\"summary_large_image\" \/>\n<meta name=\"twitter:label1\" content=\"Verfasst von\" \/>\n\t<meta name=\"twitter:data1\" content=\"Manfred M\u00f6hlmann\" \/>\n\t<meta name=\"twitter:label2\" content=\"Gesch\u00e4tzte Lesezeit\" \/>\n\t<meta name=\"twitter:data2\" content=\"2\u00a0Minuten\" \/>\n<script type=\"application\/ld+json\" class=\"yoast-schema-graph\">{\"@context\":\"https:\\\/\\\/schema.org\",\"@graph\":[{\"@type\":\"Article\",\"@id\":\"https:\\\/\\\/www.freilichtbuehne-nettelstedt.de\\\/index.php\\\/die-schatzinsel-2012\\\/#article\",\"isPartOf\":{\"@id\":\"https:\\\/\\\/www.freilichtbuehne-nettelstedt.de\\\/index.php\\\/die-schatzinsel-2012\\\/\"},\"author\":{\"name\":\"Manfred M\u00f6hlmann\",\"@id\":\"https:\\\/\\\/www.freilichtbuehne-nettelstedt.de\\\/#\\\/schema\\\/person\\\/4e91ec7580d6c9b5fb05a4d8959d7c1d\"},\"headline\":\"2012 &#8211; Die Schatzinsel\",\"datePublished\":\"2012-09-05T14:45:21+00:00\",\"dateModified\":\"2020-07-11T11:30:13+00:00\",\"mainEntityOfPage\":{\"@id\":\"https:\\\/\\\/www.freilichtbuehne-nettelstedt.de\\\/index.php\\\/die-schatzinsel-2012\\\/\"},\"wordCount\":317,\"publisher\":{\"@id\":\"https:\\\/\\\/www.freilichtbuehne-nettelstedt.de\\\/#organization\"},\"image\":{\"@id\":\"https:\\\/\\\/www.freilichtbuehne-nettelstedt.de\\\/index.php\\\/die-schatzinsel-2012\\\/#primaryimage\"},\"thumbnailUrl\":\"https:\\\/\\\/www.freilichtbuehne-nettelstedt.de\\\/wp-content\\\/uploads\\\/2019\\\/03\\\/bild29.jpg\",\"articleSection\":[\"Aktuelles\"],\"inLanguage\":\"de\"},{\"@type\":\"WebPage\",\"@id\":\"https:\\\/\\\/www.freilichtbuehne-nettelstedt.de\\\/index.php\\\/die-schatzinsel-2012\\\/\",\"url\":\"https:\\\/\\\/www.freilichtbuehne-nettelstedt.de\\\/index.php\\\/die-schatzinsel-2012\\\/\",\"name\":\"2012 - Die Schatzinsel - Freilichtb\u00fchne Nettelstedt\",\"isPartOf\":{\"@id\":\"https:\\\/\\\/www.freilichtbuehne-nettelstedt.de\\\/#website\"},\"primaryImageOfPage\":{\"@id\":\"https:\\\/\\\/www.freilichtbuehne-nettelstedt.de\\\/index.php\\\/die-schatzinsel-2012\\\/#primaryimage\"},\"image\":{\"@id\":\"https:\\\/\\\/www.freilichtbuehne-nettelstedt.de\\\/index.php\\\/die-schatzinsel-2012\\\/#primaryimage\"},\"thumbnailUrl\":\"https:\\\/\\\/www.freilichtbuehne-nettelstedt.de\\\/wp-content\\\/uploads\\\/2019\\\/03\\\/bild29.jpg\",\"datePublished\":\"2012-09-05T14:45:21+00:00\",\"dateModified\":\"2020-07-11T11:30:13+00:00\",\"breadcrumb\":{\"@id\":\"https:\\\/\\\/www.freilichtbuehne-nettelstedt.de\\\/index.php\\\/die-schatzinsel-2012\\\/#breadcrumb\"},\"inLanguage\":\"de\",\"potentialAction\":[{\"@type\":\"ReadAction\",\"target\":[\"https:\\\/\\\/www.freilichtbuehne-nettelstedt.de\\\/index.php\\\/die-schatzinsel-2012\\\/\"]}]},{\"@type\":\"ImageObject\",\"inLanguage\":\"de\",\"@id\":\"https:\\\/\\\/www.freilichtbuehne-nettelstedt.de\\\/index.php\\\/die-schatzinsel-2012\\\/#primaryimage\",\"url\":\"https:\\\/\\\/www.freilichtbuehne-nettelstedt.de\\\/wp-content\\\/uploads\\\/2019\\\/03\\\/bild29.jpg\",\"contentUrl\":\"https:\\\/\\\/www.freilichtbuehne-nettelstedt.de\\\/wp-content\\\/uploads\\\/2019\\\/03\\\/bild29.jpg\",\"width\":800,\"height\":532},{\"@type\":\"BreadcrumbList\",\"@id\":\"https:\\\/\\\/www.freilichtbuehne-nettelstedt.de\\\/index.php\\\/die-schatzinsel-2012\\\/#breadcrumb\",\"itemListElement\":[{\"@type\":\"ListItem\",\"position\":1,\"name\":\"Startseite\",\"item\":\"https:\\\/\\\/www.freilichtbuehne-nettelstedt.de\\\/\"},{\"@type\":\"ListItem\",\"position\":2,\"name\":\"2012 &#8211; Die Schatzinsel\"}]},{\"@type\":\"WebSite\",\"@id\":\"https:\\\/\\\/www.freilichtbuehne-nettelstedt.de\\\/#website\",\"url\":\"https:\\\/\\\/www.freilichtbuehne-nettelstedt.de\\\/\",\"name\":\"Freilichtb\u00fchne Nettelstedt\",\"description\":\"Theater, das einfach Spa\u00df macht\",\"publisher\":{\"@id\":\"https:\\\/\\\/www.freilichtbuehne-nettelstedt.de\\\/#organization\"},\"potentialAction\":[{\"@type\":\"SearchAction\",\"target\":{\"@type\":\"EntryPoint\",\"urlTemplate\":\"https:\\\/\\\/www.freilichtbuehne-nettelstedt.de\\\/?s={search_term_string}\"},\"query-input\":{\"@type\":\"PropertyValueSpecification\",\"valueRequired\":true,\"valueName\":\"search_term_string\"}}],\"inLanguage\":\"de\"},{\"@type\":\"Organization\",\"@id\":\"https:\\\/\\\/www.freilichtbuehne-nettelstedt.de\\\/#organization\",\"name\":\"Freilichtb\u00fchne Nettelstedt e.V\",\"url\":\"https:\\\/\\\/www.freilichtbuehne-nettelstedt.de\\\/\",\"logo\":{\"@type\":\"ImageObject\",\"inLanguage\":\"de\",\"@id\":\"https:\\\/\\\/www.freilichtbuehne-nettelstedt.de\\\/#\\\/schema\\\/logo\\\/image\\\/\",\"url\":\"https:\\\/\\\/www.freilichtbuehne-nettelstedt.de\\\/wp-content\\\/uploads\\\/2016\\\/02\\\/Logo_Final_2016_Transp_klein.png\",\"contentUrl\":\"https:\\\/\\\/www.freilichtbuehne-nettelstedt.de\\\/wp-content\\\/uploads\\\/2016\\\/02\\\/Logo_Final_2016_Transp_klein.png\",\"width\":250,\"height\":100,\"caption\":\"Freilichtb\u00fchne Nettelstedt e.V\"},\"image\":{\"@id\":\"https:\\\/\\\/www.freilichtbuehne-nettelstedt.de\\\/#\\\/schema\\\/logo\\\/image\\\/\"},\"sameAs\":[\"https:\\\/\\\/www.facebook.com\\\/freilichtbuehne.nettelstedt\\\/\",\"https:\\\/\\\/www.instagram.com\\\/freilichtbuehnenettelstedt\\\/\"]},{\"@type\":\"Person\",\"@id\":\"https:\\\/\\\/www.freilichtbuehne-nettelstedt.de\\\/#\\\/schema\\\/person\\\/4e91ec7580d6c9b5fb05a4d8959d7c1d\",\"name\":\"Manfred M\u00f6hlmann\",\"url\":\"https:\\\/\\\/www.freilichtbuehne-nettelstedt.de\\\/index.php\\\/author\\\/mammut\\\/\"}]}<\/script>\n<!-- \/ Yoast SEO plugin. -->","yoast_head_json":{"title":"2012 - Die Schatzinsel - Freilichtb\u00fchne Nettelstedt","robots":{"index":"index","follow":"follow","max-snippet":"max-snippet:-1","max-image-preview":"max-image-preview:large","max-video-preview":"max-video-preview:-1"},"canonical":"https:\/\/www.freilichtbuehne-nettelstedt.de\/index.php\/die-schatzinsel-2012\/","og_locale":"de_DE","og_type":"article","og_title":"2012 - Die Schatzinsel - Freilichtb\u00fchne Nettelstedt","og_description":"von Robert Louis Stevenson Regie: Anke Lux &nbsp;","og_url":"https:\/\/www.freilichtbuehne-nettelstedt.de\/index.php\/die-schatzinsel-2012\/","og_site_name":"Freilichtb\u00fchne Nettelstedt","article_publisher":"https:\/\/www.facebook.com\/freilichtbuehne.nettelstedt\/","article_published_time":"2012-09-05T14:45:21+00:00","article_modified_time":"2020-07-11T11:30:13+00:00","og_image":[{"width":800,"height":532,"url":"https:\/\/www.freilichtbuehne-nettelstedt.de\/wp-content\/uploads\/2019\/03\/bild29.jpg","type":"image\/jpeg"}],"author":"Manfred M\u00f6hlmann","twitter_card":"summary_large_image","twitter_misc":{"Verfasst von":"Manfred M\u00f6hlmann","Gesch\u00e4tzte Lesezeit":"2\u00a0Minuten"},"schema":{"@context":"https:\/\/schema.org","@graph":[{"@type":"Article","@id":"https:\/\/www.freilichtbuehne-nettelstedt.de\/index.php\/die-schatzinsel-2012\/#article","isPartOf":{"@id":"https:\/\/www.freilichtbuehne-nettelstedt.de\/index.php\/die-schatzinsel-2012\/"},"author":{"name":"Manfred M\u00f6hlmann","@id":"https:\/\/www.freilichtbuehne-nettelstedt.de\/#\/schema\/person\/4e91ec7580d6c9b5fb05a4d8959d7c1d"},"headline":"2012 &#8211; Die Schatzinsel","datePublished":"2012-09-05T14:45:21+00:00","dateModified":"2020-07-11T11:30:13+00:00","mainEntityOfPage":{"@id":"https:\/\/www.freilichtbuehne-nettelstedt.de\/index.php\/die-schatzinsel-2012\/"},"wordCount":317,"publisher":{"@id":"https:\/\/www.freilichtbuehne-nettelstedt.de\/#organization"},"image":{"@id":"https:\/\/www.freilichtbuehne-nettelstedt.de\/index.php\/die-schatzinsel-2012\/#primaryimage"},"thumbnailUrl":"https:\/\/www.freilichtbuehne-nettelstedt.de\/wp-content\/uploads\/2019\/03\/bild29.jpg","articleSection":["Aktuelles"],"inLanguage":"de"},{"@type":"WebPage","@id":"https:\/\/www.freilichtbuehne-nettelstedt.de\/index.php\/die-schatzinsel-2012\/","url":"https:\/\/www.freilichtbuehne-nettelstedt.de\/index.php\/die-schatzinsel-2012\/","name":"2012 - Die Schatzinsel - Freilichtb\u00fchne Nettelstedt","isPartOf":{"@id":"https:\/\/www.freilichtbuehne-nettelstedt.de\/#website"},"primaryImageOfPage":{"@id":"https:\/\/www.freilichtbuehne-nettelstedt.de\/index.php\/die-schatzinsel-2012\/#primaryimage"},"image":{"@id":"https:\/\/www.freilichtbuehne-nettelstedt.de\/index.php\/die-schatzinsel-2012\/#primaryimage"},"thumbnailUrl":"https:\/\/www.freilichtbuehne-nettelstedt.de\/wp-content\/uploads\/2019\/03\/bild29.jpg","datePublished":"2012-09-05T14:45:21+00:00","dateModified":"2020-07-11T11:30:13+00:00","breadcrumb":{"@id":"https:\/\/www.freilichtbuehne-nettelstedt.de\/index.php\/die-schatzinsel-2012\/#breadcrumb"},"inLanguage":"de","potentialAction":[{"@type":"ReadAction","target":["https:\/\/www.freilichtbuehne-nettelstedt.de\/index.php\/die-schatzinsel-2012\/"]}]},{"@type":"ImageObject","inLanguage":"de","@id":"https:\/\/www.freilichtbuehne-nettelstedt.de\/index.php\/die-schatzinsel-2012\/#primaryimage","url":"https:\/\/www.freilichtbuehne-nettelstedt.de\/wp-content\/uploads\/2019\/03\/bild29.jpg","contentUrl":"https:\/\/www.freilichtbuehne-nettelstedt.de\/wp-content\/uploads\/2019\/03\/bild29.jpg","width":800,"height":532},{"@type":"BreadcrumbList","@id":"https:\/\/www.freilichtbuehne-nettelstedt.de\/index.php\/die-schatzinsel-2012\/#breadcrumb","itemListElement":[{"@type":"ListItem","position":1,"name":"Startseite","item":"https:\/\/www.freilichtbuehne-nettelstedt.de\/"},{"@type":"ListItem","position":2,"name":"2012 &#8211; Die Schatzinsel"}]},{"@type":"WebSite","@id":"https:\/\/www.freilichtbuehne-nettelstedt.de\/#website","url":"https:\/\/www.freilichtbuehne-nettelstedt.de\/","name":"Freilichtb\u00fchne Nettelstedt","description":"Theater, das einfach Spa\u00df macht","publisher":{"@id":"https:\/\/www.freilichtbuehne-nettelstedt.de\/#organization"},"potentialAction":[{"@type":"SearchAction","target":{"@type":"EntryPoint","urlTemplate":"https:\/\/www.freilichtbuehne-nettelstedt.de\/?s={search_term_string}"},"query-input":{"@type":"PropertyValueSpecification","valueRequired":true,"valueName":"search_term_string"}}],"inLanguage":"de"},{"@type":"Organization","@id":"https:\/\/www.freilichtbuehne-nettelstedt.de\/#organization","name":"Freilichtb\u00fchne Nettelstedt e.V","url":"https:\/\/www.freilichtbuehne-nettelstedt.de\/","logo":{"@type":"ImageObject","inLanguage":"de","@id":"https:\/\/www.freilichtbuehne-nettelstedt.de\/#\/schema\/logo\/image\/","url":"https:\/\/www.freilichtbuehne-nettelstedt.de\/wp-content\/uploads\/2016\/02\/Logo_Final_2016_Transp_klein.png","contentUrl":"https:\/\/www.freilichtbuehne-nettelstedt.de\/wp-content\/uploads\/2016\/02\/Logo_Final_2016_Transp_klein.png","width":250,"height":100,"caption":"Freilichtb\u00fchne Nettelstedt e.V"},"image":{"@id":"https:\/\/www.freilichtbuehne-nettelstedt.de\/#\/schema\/logo\/image\/"},"sameAs":["https:\/\/www.facebook.com\/freilichtbuehne.nettelstedt\/","https:\/\/www.instagram.com\/freilichtbuehnenettelstedt\/"]},{"@type":"Person","@id":"https:\/\/www.freilichtbuehne-nettelstedt.de\/#\/schema\/person\/4e91ec7580d6c9b5fb05a4d8959d7c1d","name":"Manfred M\u00f6hlmann","url":"https:\/\/www.freilichtbuehne-nettelstedt.de\/index.php\/author\/mammut\/"}]}},"_links":{"self":[{"href":"https:\/\/www.freilichtbuehne-nettelstedt.de\/index.php\/wp-json\/wp\/v2\/posts\/3193","targetHints":{"allow":["GET"]}}],"collection":[{"href":"https:\/\/www.freilichtbuehne-nettelstedt.de\/index.php\/wp-json\/wp\/v2\/posts"}],"about":[{"href":"https:\/\/www.freilichtbuehne-nettelstedt.de\/index.php\/wp-json\/wp\/v2\/types\/post"}],"author":[{"embeddable":true,"href":"https:\/\/www.freilichtbuehne-nettelstedt.de\/index.php\/wp-json\/wp\/v2\/users\/2"}],"replies":[{"embeddable":true,"href":"https:\/\/www.freilichtbuehne-nettelstedt.de\/index.php\/wp-json\/wp\/v2\/comments?post=3193"}],"version-history":[{"count":20,"href":"https:\/\/www.freilichtbuehne-nettelstedt.de\/index.php\/wp-json\/wp\/v2\/posts\/3193\/revisions"}],"predecessor-version":[{"id":10041,"href":"https:\/\/www.freilichtbuehne-nettelstedt.de\/index.php\/wp-json\/wp\/v2\/posts\/3193\/revisions\/10041"}],"wp:featuredmedia":[{"embeddable":true,"href":"https:\/\/www.freilichtbuehne-nettelstedt.de\/index.php\/wp-json\/wp\/v2\/media\/8411"}],"wp:attachment":[{"href":"https:\/\/www.freilichtbuehne-nettelstedt.de\/index.php\/wp-json\/wp\/v2\/media?parent=3193"}],"wp:term":[{"taxonomy":"category","embeddable":true,"href":"https:\/\/www.freilichtbuehne-nettelstedt.de\/index.php\/wp-json\/wp\/v2\/categories?post=3193"},{"taxonomy":"post_tag","embeddable":true,"href":"https:\/\/www.freilichtbuehne-nettelstedt.de\/index.php\/wp-json\/wp\/v2\/tags?post=3193"}],"curies":[{"name":"wp","href":"https:\/\/api.w.org\/{rel}","templated":true}]}}