{"id":228,"date":"2011-02-13T10:54:47","date_gmt":"2011-02-13T10:54:47","guid":{"rendered":"http:\/\/bh18.hostingkunden.de\/?page_id=228"},"modified":"2020-07-11T14:13:48","modified_gmt":"2020-07-11T12:13:48","slug":"wickie-mein-freund-wickie","status":"publish","type":"post","link":"https:\/\/www.freilichtbuehne-nettelstedt.de\/index.php\/wickie-mein-freund-wickie\/","title":{"rendered":"2010 &#8211; Mein Freund Wickie"},"content":{"rendered":"<p><img decoding=\"async\" class=\"alignnone size-full wp-image-946\" style=\"margin: -5px 15px;\" title=\"Wickie\" src=\"https:\/\/www.freilichtbuehne-nettelstedt.de\/wp-content\/uploads\/2011\/02\/Wickie.jpg\" alt=\"\" width=\"200\" height=\"160\"><\/p>\n<p>Von Runer Jonsson;&nbsp; Josef G\u00f6hlen (Texte)<\/p>\n<p>Bearbeitet f\u00fcr die Freilichtb\u00fchne Nettelstedt: Hinnerk Walbohm.<\/p>\n<p>Musik: Frank Suchland &amp; Stephan Winkelhake<\/p>\n<h2>Inhalt:<\/h2>\n<p>Wer kennt sie nicht, die Geschichten von dem kleinen Wikinger Wickie, der mit pfiffigen Ideen immer wieder seine starken Freunde aus unm\u00f6glichen Schwierigkeiten befreit?<\/p>\n<p>In dem kleinen Dorf Flake haust der raubeinige Halvar mit seinen mutigen M\u00e4nnern. Doch nicht alle Wikinger sind so furchtlos wie er. Sein Sohn Wickie ist f\u00fcr einen Wikinger viel zu klein und zu schm\u00e4chtig. Oft muss er den Spott der anderen \u00fcber sich ergehen lassen. Vater Halvar f\u00e4hrt mit seinen Mannen jedes Jahr hinaus aufs Meer. Sind die M\u00e4nner von der Reise zur\u00fcck, prahlen sie mit ihren erlebten und erfundenen Heldentaten.<\/p>\n<p>Doch auf ihren Raubz\u00fcgen geht immer irgendetwas schief. Da kann nur Wickie mit seinen Ideen helfen. Denn im Gegensatz zu den anderen strotzt der kleine Junge vor Einfallsreichtum. Mit K\u00f6pfchen, und nicht mit Gewalt, rettet er seinen Vater und die starken M\u00e4nner aus brenzligen Situationen.<\/p>\n<p>Ein Abenteuerst\u00fcck mit einer spannenden Handlung, sehr witzigen Dialogen und viel fetziger Musik f\u00fcr die ganze Familie.<\/p>\n<h2>Auff\u00fchrungsort:<\/h2>\n<p>Freilichtb\u00fchne Nettelstedt<\/p>\n<h2>Spielzeit:<\/h2>\n<p>Jeden Sonntag, vom 23. Mai bis 29. August 2010 jeweils um 16.00 Uhr<\/p>\n<h2>Sondervorstellungen:<\/h2>\n<table style=\"width: 600px;\" border=\"0\">\n<tbody>\n<tr>\n<td><strong>Wochentag<\/strong><\/td>\n<td><strong>Datum<\/strong><\/td>\n<td><strong>Uhrzeit<\/strong><\/td>\n<\/tr>\n<tr>\n<td>Donnerstag<\/td>\n<td>27.05.2010<\/td>\n<td>10.00 Uhr<\/td>\n<\/tr>\n<tr>\n<td>Mittwoch<\/td>\n<td>02.06.2010<\/td>\n<td>10.00 Uhr<\/td>\n<\/tr>\n<tr>\n<td>Mittwoch<\/td>\n<td>09.06.2010<\/td>\n<td>10.00 Uhr<\/td>\n<\/tr>\n<tr>\n<td>Donnerstag<\/td>\n<td>24.06.2010<\/td>\n<td>10.00 Uhr<\/td>\n<\/tr>\n<tr>\n<td>Mittwoch<\/td>\n<td>30.06.2010<\/td>\n<td>10.00 Uhr<\/td>\n<\/tr>\n<\/tbody>\n<\/table>\n<h2>Besetzungsliste<\/h2>\n<table style=\"width: 700px; border: 0pt solid #000000;\" border=\"0\">\n<tbody>\n<tr>\n<td><strong>Figur<\/strong><\/td>\n<td><strong>Schauspieler<\/strong><\/td>\n<td><strong>Schauspieler<\/strong><\/td>\n<\/tr>\n<tr>\n<td style=\"width: 250px;\" valign=\"top\">Wickie<\/td>\n<td>David Grothe<\/td>\n<td style=\"width: 200px;\">Maximilian Moritz<\/td>\n<\/tr>\n<tr>\n<td>Halvar, Vater von Wickie<\/td>\n<td>J\u00f6rg R\u00f6ding<\/td>\n<td>Claus Merle<\/td>\n<\/tr>\n<tr>\n<td>Ylva, Mutter von Wickie<\/td>\n<td>Melanie Fr\u00fcnd<\/td>\n<td>Birgit Metje<\/td>\n<\/tr>\n<tr>\n<td>Ylvi, Freundin von Wickie<\/td>\n<td>Annika Sch\u00fctte<\/td>\n<td>Merle Kracht<\/td>\n<\/tr>\n<tr>\n<td style=\"width: 300px;\"><strong>Kinder von Flake <\/strong><\/td>\n<td><\/td>\n<td><\/td>\n<\/tr>\n<tr>\n<td style=\"width: 250px;\">Gilbi<\/td>\n<td style=\"width: 200px;\">Emanuel Reifenscheid<\/td>\n<td>Niklas \u00d6wermann<\/td>\n<\/tr>\n<tr>\n<td>Erik<\/td>\n<td>Arne Bringewatt<\/td>\n<td>Gabriel Reifenscheid<\/td>\n<\/tr>\n<tr>\n<td>Olav<\/td>\n<td>Anton Bauer<\/td>\n<td>Aaron Kracht<\/td>\n<\/tr>\n<tr>\n<td>Tjark<\/td>\n<td>Fabian Arning<\/td>\n<td>Justin Metje<\/td>\n<\/tr>\n<tr>\n<td>Birthe<\/td>\n<td>Alina B\u00f6cher<\/td>\n<td>Natascha Giese<\/td>\n<\/tr>\n<tr>\n<td>Ute<\/td>\n<td>Hanna Bauer<\/td>\n<td>Emma Voigt<\/td>\n<\/tr>\n<tr>\n<td><strong>weitere Kinder von Flake<\/strong><\/td>\n<td><\/td>\n<td><\/td>\n<\/tr>\n<tr>\n<td valign=\"top\"><\/td>\n<td>Hanne Arning<br \/>\nCarlotta Sch\u00fctte<br \/>\nLea B\u00f6cher<br \/>\nCelina Stork<br \/>\nFinja L\u00fcbbert<br \/>\nLars-Mattis Telgheder<br \/>\nZoe Heitland<br \/>\nMalte Weber<br \/>\nFrederik Wulff<br \/>\nTjorven Till Sturhan<br \/>\nAlina Zelle<br \/>\nCarlotta Stork<br \/>\nLouisa Hempel<\/td>\n<td><\/td>\n<\/tr>\n<tr>\n<td><strong>Wikinger von Flake<\/strong><\/td>\n<td><\/td>\n<td><\/td>\n<\/tr>\n<tr>\n<td>Orne<\/td>\n<td>Martha Budde<\/td>\n<td>Volker Kracht<\/td>\n<\/tr>\n<tr>\n<td>Snorre<\/td>\n<td>Kilian Kottkamp<\/td>\n<td>Felix Hummert<\/td>\n<\/tr>\n<tr>\n<td>Tjure<\/td>\n<td>Dennis Grothe<\/td>\n<td>Jonas Stork<\/td>\n<\/tr>\n<tr>\n<td>Faxe<\/td>\n<td>Lukas-Kilian Giese<\/td>\n<td>Uli Sch\u00fctte<\/td>\n<\/tr>\n<tr>\n<td>Gorm<\/td>\n<td>Andreas Giese<\/td>\n<td>Jan-Hendrik Telgheder<\/td>\n<\/tr>\n<tr>\n<td>Ulme<\/td>\n<td>Martin J\u00e4ger-Degenhard<\/td>\n<td>Maren Kracht<\/td>\n<\/tr>\n<tr>\n<td>Lasse<\/td>\n<td>Sina Sch\u00fctte<\/td>\n<td>Jara-Loreen Sch\u00fctte<\/td>\n<\/tr>\n<tr>\n<td valign=\"top\"><strong>weitere Wikinger<\/strong><\/td>\n<td><\/td>\n<td><\/td>\n<\/tr>\n<tr>\n<td><\/td>\n<td>Linus Schrewe<br \/>\nJens Metje<br \/>\nJustus Stork<\/td>\n<td><\/td>\n<\/tr>\n<tr>\n<td><strong>Frauen von Flake <\/strong><\/td>\n<td><\/td>\n<td><\/td>\n<\/tr>\n<tr>\n<td>Asl\u00f6g<\/td>\n<td>Karen Degenhard<\/td>\n<td>Carolin Lange<\/td>\n<\/tr>\n<tr>\n<td>Gunv\u00f6r<\/td>\n<td>Maike Zelle<\/td>\n<td>Sophia Schnute<\/td>\n<\/tr>\n<tr>\n<td><strong>weitere Frauen von Flake <\/strong><\/td>\n<td><\/td>\n<td><\/td>\n<\/tr>\n<tr>\n<td><\/td>\n<td>Lena Degenhard<br \/>\nAngela Bunge<br \/>\nCharlotte Neumann<br \/>\nSylvia Siebarth<br \/>\nIrmgard Kracht<br \/>\nMaren Wulff<br \/>\nAgnes Levien<br \/>\nKatja Bartel<br \/>\nVerena R\u00f6ding<br \/>\nMonika M\u00f6hlmann<br \/>\nConny Stork<br \/>\nSusanne \u00d6wermann<br \/>\nStefanie Hempel<\/td>\n<td><\/td>\n<\/tr>\n<tr>\n<td valign=\"top\"><strong>W\u00f6lfe<\/strong><\/td>\n<td>Finnja Grote<br \/>\nFiona Metje<br \/>\nAnna-Jutta Michelsohn<br \/>\nAnn-Kathrin Merle<br \/>\nHj\u00f6rdis Ottow<br \/>\nLuisa Neumann<br \/>\nAnna-Lena Peper<br \/>\nRaja Moritz<br \/>\nLena Bode<br \/>\nSilas Schrewe<br \/>\nPhilis Nagel<br \/>\nMoira Metje<br \/>\nJolina Gerling<\/td>\n<td><\/td>\n<\/tr>\n<tr>\n<td>der schreckliche Sven<\/td>\n<td>Wolfgang Hovemeyer<\/td>\n<td>Wolfgang Dehne<\/td>\n<\/tr>\n<tr>\n<td>1. W\u00e4chter<\/td>\n<td>Markus Urban<\/td>\n<td>Tom-Luca Sch\u00fctte<\/td>\n<\/tr>\n<tr>\n<td>2. W\u00e4chter<\/td>\n<td>Kiara Schmale<\/td>\n<td>Hans Arning<\/td>\n<\/tr>\n<tr>\n<td>Anga<\/td>\n<td>Jan-Frederik Lange<\/td>\n<td>Volker Kracht<\/td>\n<\/tr>\n<tr>\n<td>Banga<\/td>\n<td>Philipp \u00d6wermann<\/td>\n<td>Arne Arning<\/td>\n<\/tr>\n<tr>\n<td>Spa\u00dfmacher<\/td>\n<td>Simon Kracht<\/td>\n<td>Sara Reifenscheid<\/td>\n<\/tr>\n<tr>\n<td valign=\"top\">M\u00e4gde von Sven<\/td>\n<td>Merle Bachmann<br \/>\nInga Degenhard<br \/>\nIlka Kottkamp<br \/>\nFabienne Kraume<br \/>\nHilke Niedringhaus<br \/>\nTabea \u00d6wermann<\/td>\n<td><\/td>\n<\/tr>\n<tr>\n<td valign=\"top\">Musik<\/td>\n<td>Frank Suchland und<br \/>\nStephan Winkelhake, B\u00fcckeburg<\/td>\n<td><\/td>\n<\/tr>\n<tr>\n<td valign=\"top\">B\u00fchnenbild<\/td>\n<td>Karen Degenhard<br \/>\nBirgit Metje<br \/>\nMartin J\u00e4ger-Degenhard,<br \/>\nAlexander H\u00e4rtel<\/td>\n<td><\/td>\n<\/tr>\n<tr>\n<td>Kost\u00fcme<\/td>\n<td>Dorothea Vo\u00dfmerb\u00e4umer<br \/>\nIrma Westerfeld<br \/>\n&amp; Team<\/td>\n<td><\/td>\n<\/tr>\n<tr>\n<td>Maske<\/td>\n<td>Bernd Hagemeier<\/td>\n<td><\/td>\n<\/tr>\n<tr>\n<td>Requsite<\/td>\n<td>Carmen B\u00f6cher<\/td>\n<td><\/td>\n<\/tr>\n<tr>\n<td>Technik<\/td>\n<td>Markus Urban<br \/>\nTobias Wehrmann<br \/>\n&amp; Team<\/td>\n<td><\/td>\n<\/tr>\n<tr>\n<td>Regie<\/td>\n<td>Hinnerk Walbohm, Schleswig<\/td>\n<td><\/td>\n<\/tr>\n<\/tbody>\n<\/table>\n<h2>Presseartikel<\/h2>\n<p>Das schrieb die Presse \u00fcber diese Auff\u00fchrung.<\/p>\n<table style=\"height: 44px; width: 700px;\" border=\"0\">\n<tbody>\n<tr>\n<td><strong>Zeitung<\/strong><\/td>\n<td><strong>Schlagzeile<\/strong><\/td>\n<td><strong>Ausgabe vom<\/strong><\/td>\n<\/tr>\n<tr>\n<td>Mindener Tageblatt<\/td>\n<td><a href=\"http:\/\/www.mt-online.de\/lokales\/nachbarschaft\/altkreis_luebbecke\/3566149_Wikinger_auf_Landgang_in_Nettelstedt.html\" target=\"_blank\" rel=\"noopener noreferrer\">Wikinger auf Landgang in Nettelstedt<\/a><\/td>\n<td style=\"width: 120px;\">26.05.2010<\/td>\n<\/tr>\n<tr>\n<td style=\"width: 200px;\">L\u00fcbbecker Kreiszeitung<\/td>\n<td style=\"width: 350px;\"><a href=\"\/\/www.freilichtbuehne-nettelstedt.dewp-content\/uploads\/zeitungsartikel\/LK-Freilichtbuehne-ist-besser-als-Fernsehen.pdf\" target=\"_blank\" rel=\"noopener noreferrer\">Freilichtb\u00fchne ist besser als Fernsehen<\/a><\/td>\n<td>25.05.2010<\/td>\n<\/tr>\n<tr>\n<td>Neue Westf\u00e4lische<\/td>\n<td><a href=\"\/\/www.freilichtbuehne-nettelstedt.dewp-content\/uploads\/2011\/02\/NW-Wikinger-entern-Huenenbrink.pdf\" target=\"_blank\" rel=\"noopener noreferrer\">Die Wikinger entern den H\u00fcnenbrink<\/a><\/td>\n<td>19.05.2010<\/td>\n<\/tr>\n<tr>\n<td>Neue Westf\u00e4lische<\/td>\n<td><a href=\"\/\/www.freilichtbuehne-nettelstedt.dewp-content\/uploads\/zeitungsartikel\/NW-Koepfchen-statt-Kraft.pdf\" target=\"_blank\" rel=\"noopener noreferrer\">K\u00f6pfchen statt Kraft<\/a><\/td>\n<td>25.05.2010<\/td>\n<\/tr>\n<\/tbody>\n<\/table>\n<h2>Bildergallery<\/h2>\nngg_shortcode_0_placeholder\n","protected":false},"excerpt":{"rendered":"<p>Von Runer Jonsson;&nbsp; Josef G\u00f6hlen (Texte) Bearbeitet f\u00fcr die Freilichtb\u00fchne Nettelstedt: Hinnerk Walbohm. Musik: Frank Suchland &amp; Stephan Winkelhake Inhalt: Wer kennt sie nicht, die Geschichten von dem kleinen Wikinger Wickie, der mit pfiffigen Ideen immer wieder seine starken Freunde aus unm\u00f6glichen Schwierigkeiten befreit? In dem kleinen Dorf Flake haust der raubeinige Halvar mit seinen [&hellip;]<\/p>\n","protected":false},"author":2,"featured_media":946,"comment_status":"closed","ping_status":"closed","sticky":false,"template":"","format":"standard","meta":{"_monsterinsights_skip_tracking":false,"_monsterinsights_sitenote_active":false,"_monsterinsights_sitenote_note":"","_monsterinsights_sitenote_category":0,"ngg_post_thumbnail":0,"footnotes":""},"categories":[31],"tags":[],"class_list":{"0":"post-228","1":"post","2":"type-post","3":"status-publish","4":"format-standard","5":"has-post-thumbnail","7":"category-aktuelles","8":"czr-hentry"},"yoast_head":"<!-- This site is optimized with the Yoast SEO plugin v27.3 - https:\/\/yoast.com\/product\/yoast-seo-wordpress\/ -->\n<title>2010 - Mein Freund Wickie - Freilichtb\u00fchne Nettelstedt<\/title>\n<meta name=\"robots\" content=\"index, follow, max-snippet:-1, max-image-preview:large, max-video-preview:-1\" \/>\n<link rel=\"canonical\" href=\"https:\/\/www.freilichtbuehne-nettelstedt.de\/index.php\/wickie-mein-freund-wickie\/\" \/>\n<meta property=\"og:locale\" content=\"de_DE\" \/>\n<meta property=\"og:type\" content=\"article\" \/>\n<meta property=\"og:title\" content=\"2010 - Mein Freund Wickie - Freilichtb\u00fchne Nettelstedt\" \/>\n<meta property=\"og:description\" content=\"Von Runer Jonsson;&nbsp; Josef G\u00f6hlen (Texte) Bearbeitet f\u00fcr die Freilichtb\u00fchne Nettelstedt: Hinnerk Walbohm. Musik: Frank Suchland &amp; Stephan Winkelhake Inhalt: Wer kennt sie nicht, die Geschichten von dem kleinen Wikinger Wickie, der mit pfiffigen Ideen immer wieder seine starken Freunde aus unm\u00f6glichen Schwierigkeiten befreit? In dem kleinen Dorf Flake haust der raubeinige Halvar mit seinen [&hellip;]\" \/>\n<meta property=\"og:url\" content=\"https:\/\/www.freilichtbuehne-nettelstedt.de\/index.php\/wickie-mein-freund-wickie\/\" \/>\n<meta property=\"og:site_name\" content=\"Freilichtb\u00fchne Nettelstedt\" \/>\n<meta property=\"article:publisher\" content=\"https:\/\/www.facebook.com\/freilichtbuehne.nettelstedt\/\" \/>\n<meta property=\"article:published_time\" content=\"2011-02-13T10:54:47+00:00\" \/>\n<meta property=\"article:modified_time\" content=\"2020-07-11T12:13:48+00:00\" \/>\n<meta property=\"og:image\" content=\"https:\/\/www.freilichtbuehne-nettelstedt.de\/wp-content\/uploads\/2011\/02\/Wickie.jpg\" \/>\n\t<meta property=\"og:image:width\" content=\"200\" \/>\n\t<meta property=\"og:image:height\" content=\"160\" \/>\n\t<meta property=\"og:image:type\" content=\"image\/jpeg\" \/>\n<meta name=\"author\" content=\"Manfred M\u00f6hlmann\" \/>\n<meta name=\"twitter:card\" content=\"summary_large_image\" \/>\n<meta name=\"twitter:label1\" content=\"Verfasst von\" \/>\n\t<meta name=\"twitter:data1\" content=\"Manfred M\u00f6hlmann\" \/>\n\t<meta name=\"twitter:label2\" content=\"Gesch\u00e4tzte Lesezeit\" \/>\n\t<meta name=\"twitter:data2\" content=\"3\u00a0Minuten\" \/>\n<script type=\"application\/ld+json\" class=\"yoast-schema-graph\">{\"@context\":\"https:\\\/\\\/schema.org\",\"@graph\":[{\"@type\":\"Article\",\"@id\":\"https:\\\/\\\/www.freilichtbuehne-nettelstedt.de\\\/index.php\\\/wickie-mein-freund-wickie\\\/#article\",\"isPartOf\":{\"@id\":\"https:\\\/\\\/www.freilichtbuehne-nettelstedt.de\\\/index.php\\\/wickie-mein-freund-wickie\\\/\"},\"author\":{\"name\":\"Manfred M\u00f6hlmann\",\"@id\":\"https:\\\/\\\/www.freilichtbuehne-nettelstedt.de\\\/#\\\/schema\\\/person\\\/4e91ec7580d6c9b5fb05a4d8959d7c1d\"},\"headline\":\"2010 &#8211; Mein Freund Wickie\",\"datePublished\":\"2011-02-13T10:54:47+00:00\",\"dateModified\":\"2020-07-11T12:13:48+00:00\",\"mainEntityOfPage\":{\"@id\":\"https:\\\/\\\/www.freilichtbuehne-nettelstedt.de\\\/index.php\\\/wickie-mein-freund-wickie\\\/\"},\"wordCount\":606,\"publisher\":{\"@id\":\"https:\\\/\\\/www.freilichtbuehne-nettelstedt.de\\\/#organization\"},\"image\":{\"@id\":\"https:\\\/\\\/www.freilichtbuehne-nettelstedt.de\\\/index.php\\\/wickie-mein-freund-wickie\\\/#primaryimage\"},\"thumbnailUrl\":\"https:\\\/\\\/www.freilichtbuehne-nettelstedt.de\\\/wp-content\\\/uploads\\\/2011\\\/02\\\/Wickie.jpg\",\"articleSection\":[\"Aktuelles\"],\"inLanguage\":\"de\"},{\"@type\":\"WebPage\",\"@id\":\"https:\\\/\\\/www.freilichtbuehne-nettelstedt.de\\\/index.php\\\/wickie-mein-freund-wickie\\\/\",\"url\":\"https:\\\/\\\/www.freilichtbuehne-nettelstedt.de\\\/index.php\\\/wickie-mein-freund-wickie\\\/\",\"name\":\"2010 - Mein Freund Wickie - Freilichtb\u00fchne Nettelstedt\",\"isPartOf\":{\"@id\":\"https:\\\/\\\/www.freilichtbuehne-nettelstedt.de\\\/#website\"},\"primaryImageOfPage\":{\"@id\":\"https:\\\/\\\/www.freilichtbuehne-nettelstedt.de\\\/index.php\\\/wickie-mein-freund-wickie\\\/#primaryimage\"},\"image\":{\"@id\":\"https:\\\/\\\/www.freilichtbuehne-nettelstedt.de\\\/index.php\\\/wickie-mein-freund-wickie\\\/#primaryimage\"},\"thumbnailUrl\":\"https:\\\/\\\/www.freilichtbuehne-nettelstedt.de\\\/wp-content\\\/uploads\\\/2011\\\/02\\\/Wickie.jpg\",\"datePublished\":\"2011-02-13T10:54:47+00:00\",\"dateModified\":\"2020-07-11T12:13:48+00:00\",\"breadcrumb\":{\"@id\":\"https:\\\/\\\/www.freilichtbuehne-nettelstedt.de\\\/index.php\\\/wickie-mein-freund-wickie\\\/#breadcrumb\"},\"inLanguage\":\"de\",\"potentialAction\":[{\"@type\":\"ReadAction\",\"target\":[\"https:\\\/\\\/www.freilichtbuehne-nettelstedt.de\\\/index.php\\\/wickie-mein-freund-wickie\\\/\"]}]},{\"@type\":\"ImageObject\",\"inLanguage\":\"de\",\"@id\":\"https:\\\/\\\/www.freilichtbuehne-nettelstedt.de\\\/index.php\\\/wickie-mein-freund-wickie\\\/#primaryimage\",\"url\":\"https:\\\/\\\/www.freilichtbuehne-nettelstedt.de\\\/wp-content\\\/uploads\\\/2011\\\/02\\\/Wickie.jpg\",\"contentUrl\":\"https:\\\/\\\/www.freilichtbuehne-nettelstedt.de\\\/wp-content\\\/uploads\\\/2011\\\/02\\\/Wickie.jpg\",\"width\":\"200\",\"height\":\"160\"},{\"@type\":\"BreadcrumbList\",\"@id\":\"https:\\\/\\\/www.freilichtbuehne-nettelstedt.de\\\/index.php\\\/wickie-mein-freund-wickie\\\/#breadcrumb\",\"itemListElement\":[{\"@type\":\"ListItem\",\"position\":1,\"name\":\"Startseite\",\"item\":\"https:\\\/\\\/www.freilichtbuehne-nettelstedt.de\\\/\"},{\"@type\":\"ListItem\",\"position\":2,\"name\":\"2010 &#8211; Mein Freund Wickie\"}]},{\"@type\":\"WebSite\",\"@id\":\"https:\\\/\\\/www.freilichtbuehne-nettelstedt.de\\\/#website\",\"url\":\"https:\\\/\\\/www.freilichtbuehne-nettelstedt.de\\\/\",\"name\":\"Freilichtb\u00fchne Nettelstedt\",\"description\":\"Theater, das einfach Spa\u00df macht\",\"publisher\":{\"@id\":\"https:\\\/\\\/www.freilichtbuehne-nettelstedt.de\\\/#organization\"},\"potentialAction\":[{\"@type\":\"SearchAction\",\"target\":{\"@type\":\"EntryPoint\",\"urlTemplate\":\"https:\\\/\\\/www.freilichtbuehne-nettelstedt.de\\\/?s={search_term_string}\"},\"query-input\":{\"@type\":\"PropertyValueSpecification\",\"valueRequired\":true,\"valueName\":\"search_term_string\"}}],\"inLanguage\":\"de\"},{\"@type\":\"Organization\",\"@id\":\"https:\\\/\\\/www.freilichtbuehne-nettelstedt.de\\\/#organization\",\"name\":\"Freilichtb\u00fchne Nettelstedt e.V\",\"url\":\"https:\\\/\\\/www.freilichtbuehne-nettelstedt.de\\\/\",\"logo\":{\"@type\":\"ImageObject\",\"inLanguage\":\"de\",\"@id\":\"https:\\\/\\\/www.freilichtbuehne-nettelstedt.de\\\/#\\\/schema\\\/logo\\\/image\\\/\",\"url\":\"https:\\\/\\\/www.freilichtbuehne-nettelstedt.de\\\/wp-content\\\/uploads\\\/2016\\\/02\\\/Logo_Final_2016_Transp_klein.png\",\"contentUrl\":\"https:\\\/\\\/www.freilichtbuehne-nettelstedt.de\\\/wp-content\\\/uploads\\\/2016\\\/02\\\/Logo_Final_2016_Transp_klein.png\",\"width\":250,\"height\":100,\"caption\":\"Freilichtb\u00fchne Nettelstedt e.V\"},\"image\":{\"@id\":\"https:\\\/\\\/www.freilichtbuehne-nettelstedt.de\\\/#\\\/schema\\\/logo\\\/image\\\/\"},\"sameAs\":[\"https:\\\/\\\/www.facebook.com\\\/freilichtbuehne.nettelstedt\\\/\",\"https:\\\/\\\/www.instagram.com\\\/freilichtbuehnenettelstedt\\\/\"]},{\"@type\":\"Person\",\"@id\":\"https:\\\/\\\/www.freilichtbuehne-nettelstedt.de\\\/#\\\/schema\\\/person\\\/4e91ec7580d6c9b5fb05a4d8959d7c1d\",\"name\":\"Manfred M\u00f6hlmann\",\"url\":\"https:\\\/\\\/www.freilichtbuehne-nettelstedt.de\\\/index.php\\\/author\\\/mammut\\\/\"}]}<\/script>\n<!-- \/ Yoast SEO plugin. -->","yoast_head_json":{"title":"2010 - Mein Freund Wickie - Freilichtb\u00fchne Nettelstedt","robots":{"index":"index","follow":"follow","max-snippet":"max-snippet:-1","max-image-preview":"max-image-preview:large","max-video-preview":"max-video-preview:-1"},"canonical":"https:\/\/www.freilichtbuehne-nettelstedt.de\/index.php\/wickie-mein-freund-wickie\/","og_locale":"de_DE","og_type":"article","og_title":"2010 - Mein Freund Wickie - Freilichtb\u00fchne Nettelstedt","og_description":"Von Runer Jonsson;&nbsp; Josef G\u00f6hlen (Texte) Bearbeitet f\u00fcr die Freilichtb\u00fchne Nettelstedt: Hinnerk Walbohm. Musik: Frank Suchland &amp; Stephan Winkelhake Inhalt: Wer kennt sie nicht, die Geschichten von dem kleinen Wikinger Wickie, der mit pfiffigen Ideen immer wieder seine starken Freunde aus unm\u00f6glichen Schwierigkeiten befreit? In dem kleinen Dorf Flake haust der raubeinige Halvar mit seinen [&hellip;]","og_url":"https:\/\/www.freilichtbuehne-nettelstedt.de\/index.php\/wickie-mein-freund-wickie\/","og_site_name":"Freilichtb\u00fchne Nettelstedt","article_publisher":"https:\/\/www.facebook.com\/freilichtbuehne.nettelstedt\/","article_published_time":"2011-02-13T10:54:47+00:00","article_modified_time":"2020-07-11T12:13:48+00:00","og_image":[{"width":200,"height":160,"url":"https:\/\/www.freilichtbuehne-nettelstedt.de\/wp-content\/uploads\/2011\/02\/Wickie.jpg","type":"image\/jpeg"}],"author":"Manfred M\u00f6hlmann","twitter_card":"summary_large_image","twitter_misc":{"Verfasst von":"Manfred M\u00f6hlmann","Gesch\u00e4tzte Lesezeit":"3\u00a0Minuten"},"schema":{"@context":"https:\/\/schema.org","@graph":[{"@type":"Article","@id":"https:\/\/www.freilichtbuehne-nettelstedt.de\/index.php\/wickie-mein-freund-wickie\/#article","isPartOf":{"@id":"https:\/\/www.freilichtbuehne-nettelstedt.de\/index.php\/wickie-mein-freund-wickie\/"},"author":{"name":"Manfred M\u00f6hlmann","@id":"https:\/\/www.freilichtbuehne-nettelstedt.de\/#\/schema\/person\/4e91ec7580d6c9b5fb05a4d8959d7c1d"},"headline":"2010 &#8211; Mein Freund Wickie","datePublished":"2011-02-13T10:54:47+00:00","dateModified":"2020-07-11T12:13:48+00:00","mainEntityOfPage":{"@id":"https:\/\/www.freilichtbuehne-nettelstedt.de\/index.php\/wickie-mein-freund-wickie\/"},"wordCount":606,"publisher":{"@id":"https:\/\/www.freilichtbuehne-nettelstedt.de\/#organization"},"image":{"@id":"https:\/\/www.freilichtbuehne-nettelstedt.de\/index.php\/wickie-mein-freund-wickie\/#primaryimage"},"thumbnailUrl":"https:\/\/www.freilichtbuehne-nettelstedt.de\/wp-content\/uploads\/2011\/02\/Wickie.jpg","articleSection":["Aktuelles"],"inLanguage":"de"},{"@type":"WebPage","@id":"https:\/\/www.freilichtbuehne-nettelstedt.de\/index.php\/wickie-mein-freund-wickie\/","url":"https:\/\/www.freilichtbuehne-nettelstedt.de\/index.php\/wickie-mein-freund-wickie\/","name":"2010 - Mein Freund Wickie - Freilichtb\u00fchne Nettelstedt","isPartOf":{"@id":"https:\/\/www.freilichtbuehne-nettelstedt.de\/#website"},"primaryImageOfPage":{"@id":"https:\/\/www.freilichtbuehne-nettelstedt.de\/index.php\/wickie-mein-freund-wickie\/#primaryimage"},"image":{"@id":"https:\/\/www.freilichtbuehne-nettelstedt.de\/index.php\/wickie-mein-freund-wickie\/#primaryimage"},"thumbnailUrl":"https:\/\/www.freilichtbuehne-nettelstedt.de\/wp-content\/uploads\/2011\/02\/Wickie.jpg","datePublished":"2011-02-13T10:54:47+00:00","dateModified":"2020-07-11T12:13:48+00:00","breadcrumb":{"@id":"https:\/\/www.freilichtbuehne-nettelstedt.de\/index.php\/wickie-mein-freund-wickie\/#breadcrumb"},"inLanguage":"de","potentialAction":[{"@type":"ReadAction","target":["https:\/\/www.freilichtbuehne-nettelstedt.de\/index.php\/wickie-mein-freund-wickie\/"]}]},{"@type":"ImageObject","inLanguage":"de","@id":"https:\/\/www.freilichtbuehne-nettelstedt.de\/index.php\/wickie-mein-freund-wickie\/#primaryimage","url":"https:\/\/www.freilichtbuehne-nettelstedt.de\/wp-content\/uploads\/2011\/02\/Wickie.jpg","contentUrl":"https:\/\/www.freilichtbuehne-nettelstedt.de\/wp-content\/uploads\/2011\/02\/Wickie.jpg","width":"200","height":"160"},{"@type":"BreadcrumbList","@id":"https:\/\/www.freilichtbuehne-nettelstedt.de\/index.php\/wickie-mein-freund-wickie\/#breadcrumb","itemListElement":[{"@type":"ListItem","position":1,"name":"Startseite","item":"https:\/\/www.freilichtbuehne-nettelstedt.de\/"},{"@type":"ListItem","position":2,"name":"2010 &#8211; Mein Freund Wickie"}]},{"@type":"WebSite","@id":"https:\/\/www.freilichtbuehne-nettelstedt.de\/#website","url":"https:\/\/www.freilichtbuehne-nettelstedt.de\/","name":"Freilichtb\u00fchne Nettelstedt","description":"Theater, das einfach Spa\u00df macht","publisher":{"@id":"https:\/\/www.freilichtbuehne-nettelstedt.de\/#organization"},"potentialAction":[{"@type":"SearchAction","target":{"@type":"EntryPoint","urlTemplate":"https:\/\/www.freilichtbuehne-nettelstedt.de\/?s={search_term_string}"},"query-input":{"@type":"PropertyValueSpecification","valueRequired":true,"valueName":"search_term_string"}}],"inLanguage":"de"},{"@type":"Organization","@id":"https:\/\/www.freilichtbuehne-nettelstedt.de\/#organization","name":"Freilichtb\u00fchne Nettelstedt e.V","url":"https:\/\/www.freilichtbuehne-nettelstedt.de\/","logo":{"@type":"ImageObject","inLanguage":"de","@id":"https:\/\/www.freilichtbuehne-nettelstedt.de\/#\/schema\/logo\/image\/","url":"https:\/\/www.freilichtbuehne-nettelstedt.de\/wp-content\/uploads\/2016\/02\/Logo_Final_2016_Transp_klein.png","contentUrl":"https:\/\/www.freilichtbuehne-nettelstedt.de\/wp-content\/uploads\/2016\/02\/Logo_Final_2016_Transp_klein.png","width":250,"height":100,"caption":"Freilichtb\u00fchne Nettelstedt e.V"},"image":{"@id":"https:\/\/www.freilichtbuehne-nettelstedt.de\/#\/schema\/logo\/image\/"},"sameAs":["https:\/\/www.facebook.com\/freilichtbuehne.nettelstedt\/","https:\/\/www.instagram.com\/freilichtbuehnenettelstedt\/"]},{"@type":"Person","@id":"https:\/\/www.freilichtbuehne-nettelstedt.de\/#\/schema\/person\/4e91ec7580d6c9b5fb05a4d8959d7c1d","name":"Manfred M\u00f6hlmann","url":"https:\/\/www.freilichtbuehne-nettelstedt.de\/index.php\/author\/mammut\/"}]}},"_links":{"self":[{"href":"https:\/\/www.freilichtbuehne-nettelstedt.de\/index.php\/wp-json\/wp\/v2\/posts\/228","targetHints":{"allow":["GET"]}}],"collection":[{"href":"https:\/\/www.freilichtbuehne-nettelstedt.de\/index.php\/wp-json\/wp\/v2\/posts"}],"about":[{"href":"https:\/\/www.freilichtbuehne-nettelstedt.de\/index.php\/wp-json\/wp\/v2\/types\/post"}],"author":[{"embeddable":true,"href":"https:\/\/www.freilichtbuehne-nettelstedt.de\/index.php\/wp-json\/wp\/v2\/users\/2"}],"replies":[{"embeddable":true,"href":"https:\/\/www.freilichtbuehne-nettelstedt.de\/index.php\/wp-json\/wp\/v2\/comments?post=228"}],"version-history":[{"count":13,"href":"https:\/\/www.freilichtbuehne-nettelstedt.de\/index.php\/wp-json\/wp\/v2\/posts\/228\/revisions"}],"predecessor-version":[{"id":10079,"href":"https:\/\/www.freilichtbuehne-nettelstedt.de\/index.php\/wp-json\/wp\/v2\/posts\/228\/revisions\/10079"}],"wp:featuredmedia":[{"embeddable":true,"href":"https:\/\/www.freilichtbuehne-nettelstedt.de\/index.php\/wp-json\/wp\/v2\/media\/946"}],"wp:attachment":[{"href":"https:\/\/www.freilichtbuehne-nettelstedt.de\/index.php\/wp-json\/wp\/v2\/media?parent=228"}],"wp:term":[{"taxonomy":"category","embeddable":true,"href":"https:\/\/www.freilichtbuehne-nettelstedt.de\/index.php\/wp-json\/wp\/v2\/categories?post=228"},{"taxonomy":"post_tag","embeddable":true,"href":"https:\/\/www.freilichtbuehne-nettelstedt.de\/index.php\/wp-json\/wp\/v2\/tags?post=228"}],"curies":[{"name":"wp","href":"https:\/\/api.w.org\/{rel}","templated":true}]}}