{"id":1136,"date":"2011-02-21T22:31:58","date_gmt":"2011-02-21T22:31:58","guid":{"rendered":"http:\/\/bh18.hostingkunden.de\/?page_id=1136"},"modified":"2020-07-11T13:57:26","modified_gmt":"2020-07-11T11:57:26","slug":"michel-aus-loenneberga-1999","status":"publish","type":"post","link":"https:\/\/www.freilichtbuehne-nettelstedt.de\/index.php\/michel-aus-loenneberga-1999\/","title":{"rendered":"1999 &#8211; Michel aus L\u00f6nneberga"},"content":{"rendered":"<p>nach einem St\u00fcck von Astrid Lindgren<br \/>\nBearbeitung f\u00fcr die Freilichtb\u00fchne:<\/p>\n<h2>Inhalt:<\/h2>\n<p>Das ist bestimmt die gr\u00f6\u00dfte Holzm\u00e4nnchen-Sammlung in ganz Smaland, \u00fcberlegt der kleine Michel, w\u00e4hrend er eifrig schnitzt.&nbsp; So verbringt er recht sinnvoll die ZeiT im Holzschuppen, in die ihn sein ver\u00e4rgerter Vater gesperrt hat.&nbsp; Zur Strafe f\u00fcr einen Streich. Der Vater von Michel \u00e4rgert sich recht h\u00e4ufig, denn Michel macht viele Streiche. Dar\u00fcber aber freuen sich andere, beispielsweise die Zuschauer der Freilichtb\u00fchne Nettelstedt.<\/p>\n<p>S\u00fcdschweden vor 100 Jahren.<br \/>\nDort wohnt der kleine Michel Svensson auf dem Katthult-Hof mit seiner Familie,&nbsp; der Magd Lina, dem Knecht Alfred und der alten Kr\u00f6sa-Maja.&nbsp; Unter seinen Streichen hat nicht nur Michels kleine Schwester Ida zu leiden,&nbsp; auch die Magd Lina und sein Vater Anton kommen nicht ungeschoren davon.&nbsp; So zum Beispiel, als Michel nach dem Essen seinen Kopf in die Suppensch\u00fcssel steckt,&nbsp; um auch noch den letzten Rest Suppe zu ergattern, sein Kopf aber pl\u00f6tzlich in der Sch\u00fcssel feststeckt.&nbsp; Schlie\u00dflich zerbricht die Sch\u00fcssel und nachdem Michels Vater sie m\u00fchsam wieder zusammengeklebt hat,&nbsp; kommt Michel auf die Idee, seiner Schwester Ida noch einmal zu demonstrieren,&nbsp; wie er den Kopf in die Sch\u00fcssel bekommen hat.<\/p>\n<h2>Auff\u00fchrungsort:<\/h2>\n<p>Freilichtb\u00fchne Nettelstedt<\/p>\n<h2>Spielzeit:<\/h2>\n<p>Sommer 1999<\/p>\n<h2>Besetzungsliste<\/h2>\n<table style=\"width: 600px;\" border=\"0\">\n<tbody>\n<tr>\n<td><strong>Figur<\/strong><\/td>\n<td><strong>Schauspieler<\/strong><\/td>\n<\/tr>\n<tr>\n<td><\/td>\n<td><\/td>\n<\/tr>\n<tr>\n<td><\/td>\n<td><\/td>\n<\/tr>\n<tr>\n<td><\/td>\n<td><\/td>\n<\/tr>\n<tr>\n<td><\/td>\n<td><\/td>\n<\/tr>\n<tr>\n<td><\/td>\n<td><\/td>\n<\/tr>\n<tr>\n<td><\/td>\n<td><\/td>\n<\/tr>\n<tr>\n<td><\/td>\n<td><\/td>\n<\/tr>\n<tr>\n<td><\/td>\n<td><\/td>\n<\/tr>\n<tr>\n<td><\/td>\n<td><\/td>\n<\/tr>\n<tr>\n<td>Souffleusen<\/td>\n<td><\/td>\n<\/tr>\n<tr>\n<td valign=\"top\">B\u00fchnenbau<\/td>\n<td><\/td>\n<\/tr>\n<tr>\n<td>Kost\u00fcme<\/td>\n<td><\/td>\n<\/tr>\n<tr>\n<td>Maske<\/td>\n<td><\/td>\n<\/tr>\n<tr>\n<td>Requsite<\/td>\n<td><\/td>\n<\/tr>\n<tr>\n<td>Technik<\/td>\n<td><\/td>\n<\/tr>\n<tr>\n<td>Regie<\/td>\n<td><\/td>\n<\/tr>\n<\/tbody>\n<\/table>\n<h2>Presseartikel<\/h2>\n<p>Das schrieb die Presse \u00fcber diese Auff\u00fchrung.<\/p>\n<table style=\"height: 44px; width: 600px;\" border=\"0\">\n<tbody>\n<tr>\n<td><strong>Zeitung<\/strong><\/td>\n<td><strong>Schlagzeile<\/strong><\/td>\n<td><strong>Ausgabe vom<\/strong><\/td>\n<\/tr>\n<tr>\n<td style=\"width: 250px;\">Mindener Tageblatt<\/td>\n<td><a href=\"http:\/\/www.mt-online.de\/lokales\/nachbarschaft\/altkreis_luebbecke\/3566149_Wikinger_auf_Landgang_in_Nettelstedt.html\" target=\"_blank\" rel=\"noopener noreferrer\"><\/a><\/td>\n<td><\/td>\n<\/tr>\n<tr>\n<td>L\u00fcbbecker Kreiszeitung<\/td>\n<td style=\"width: 250px;\"><\/td>\n<td><\/td>\n<\/tr>\n<tr>\n<td>Neue Westf\u00e4lische<\/td>\n<td><a href=\"http:\/\/www.nw-news.de\/lokale_news\/luebbecke\/luebbecke\/3554802_Die_Wikinger_entern_den_Huenenbrink.html\" target=\"_blank\" rel=\"noopener noreferrer\"><\/a><\/td>\n<td><\/td>\n<\/tr>\n<\/tbody>\n<\/table>\n<h2>Bildergallery<\/h2>\n<p>Hier finden Sie Fotos von der Auff\u00fchrung<\/p>\n","protected":false},"excerpt":{"rendered":"<p>nach einem St\u00fcck von Astrid Lindgren Bearbeitung f\u00fcr die Freilichtb\u00fchne: Inhalt: Das ist bestimmt die gr\u00f6\u00dfte Holzm\u00e4nnchen-Sammlung in ganz Smaland, \u00fcberlegt der kleine Michel, w\u00e4hrend er eifrig schnitzt.&nbsp; So verbringt er recht sinnvoll die ZeiT im Holzschuppen, in die ihn sein ver\u00e4rgerter Vater gesperrt hat.&nbsp; Zur Strafe f\u00fcr einen Streich. Der Vater von Michel \u00e4rgert [&hellip;]<\/p>\n","protected":false},"author":2,"featured_media":9524,"comment_status":"closed","ping_status":"closed","sticky":false,"template":"","format":"standard","meta":{"_monsterinsights_skip_tracking":false,"_monsterinsights_sitenote_active":false,"_monsterinsights_sitenote_note":"","_monsterinsights_sitenote_category":0,"ngg_post_thumbnail":0,"footnotes":""},"categories":[31],"tags":[],"class_list":{"0":"post-1136","1":"post","2":"type-post","3":"status-publish","4":"format-standard","5":"has-post-thumbnail","7":"category-aktuelles","8":"czr-hentry"},"yoast_head":"<!-- This site is optimized with the Yoast SEO plugin v27.3 - https:\/\/yoast.com\/product\/yoast-seo-wordpress\/ -->\n<title>1999 - Michel aus L\u00f6nneberga - Freilichtb\u00fchne Nettelstedt<\/title>\n<meta name=\"robots\" content=\"index, follow, max-snippet:-1, max-image-preview:large, max-video-preview:-1\" \/>\n<link rel=\"canonical\" href=\"https:\/\/www.freilichtbuehne-nettelstedt.de\/index.php\/michel-aus-loenneberga-1999\/\" \/>\n<meta property=\"og:locale\" content=\"de_DE\" \/>\n<meta property=\"og:type\" content=\"article\" \/>\n<meta property=\"og:title\" content=\"1999 - Michel aus L\u00f6nneberga - Freilichtb\u00fchne Nettelstedt\" \/>\n<meta property=\"og:description\" content=\"nach einem St\u00fcck von Astrid Lindgren Bearbeitung f\u00fcr die Freilichtb\u00fchne: Inhalt: Das ist bestimmt die gr\u00f6\u00dfte Holzm\u00e4nnchen-Sammlung in ganz Smaland, \u00fcberlegt der kleine Michel, w\u00e4hrend er eifrig schnitzt.&nbsp; So verbringt er recht sinnvoll die ZeiT im Holzschuppen, in die ihn sein ver\u00e4rgerter Vater gesperrt hat.&nbsp; Zur Strafe f\u00fcr einen Streich. Der Vater von Michel \u00e4rgert [&hellip;]\" \/>\n<meta property=\"og:url\" content=\"https:\/\/www.freilichtbuehne-nettelstedt.de\/index.php\/michel-aus-loenneberga-1999\/\" \/>\n<meta property=\"og:site_name\" content=\"Freilichtb\u00fchne Nettelstedt\" \/>\n<meta property=\"article:publisher\" content=\"https:\/\/www.facebook.com\/freilichtbuehne.nettelstedt\/\" \/>\n<meta property=\"article:published_time\" content=\"2011-02-21T22:31:58+00:00\" \/>\n<meta property=\"article:modified_time\" content=\"2020-07-11T11:57:26+00:00\" \/>\n<meta property=\"og:image\" content=\"https:\/\/www.freilichtbuehne-nettelstedt.de\/wp-content\/uploads\/2019\/05\/Michel_LR-e1558534049980.jpg\" \/>\n\t<meta property=\"og:image:width\" content=\"700\" \/>\n\t<meta property=\"og:image:height\" content=\"700\" \/>\n\t<meta property=\"og:image:type\" content=\"image\/jpeg\" \/>\n<meta name=\"author\" content=\"Manfred M\u00f6hlmann\" \/>\n<meta name=\"twitter:card\" content=\"summary_large_image\" \/>\n<meta name=\"twitter:label1\" content=\"Verfasst von\" \/>\n\t<meta name=\"twitter:data1\" content=\"Manfred M\u00f6hlmann\" \/>\n\t<meta name=\"twitter:label2\" content=\"Gesch\u00e4tzte Lesezeit\" \/>\n\t<meta name=\"twitter:data2\" content=\"1\u00a0Minute\" \/>\n<script type=\"application\/ld+json\" class=\"yoast-schema-graph\">{\"@context\":\"https:\\\/\\\/schema.org\",\"@graph\":[{\"@type\":\"Article\",\"@id\":\"https:\\\/\\\/www.freilichtbuehne-nettelstedt.de\\\/index.php\\\/michel-aus-loenneberga-1999\\\/#article\",\"isPartOf\":{\"@id\":\"https:\\\/\\\/www.freilichtbuehne-nettelstedt.de\\\/index.php\\\/michel-aus-loenneberga-1999\\\/\"},\"author\":{\"name\":\"Manfred M\u00f6hlmann\",\"@id\":\"https:\\\/\\\/www.freilichtbuehne-nettelstedt.de\\\/#\\\/schema\\\/person\\\/4e91ec7580d6c9b5fb05a4d8959d7c1d\"},\"headline\":\"1999 &#8211; Michel aus L\u00f6nneberga\",\"datePublished\":\"2011-02-21T22:31:58+00:00\",\"dateModified\":\"2020-07-11T11:57:26+00:00\",\"mainEntityOfPage\":{\"@id\":\"https:\\\/\\\/www.freilichtbuehne-nettelstedt.de\\\/index.php\\\/michel-aus-loenneberga-1999\\\/\"},\"wordCount\":272,\"publisher\":{\"@id\":\"https:\\\/\\\/www.freilichtbuehne-nettelstedt.de\\\/#organization\"},\"image\":{\"@id\":\"https:\\\/\\\/www.freilichtbuehne-nettelstedt.de\\\/index.php\\\/michel-aus-loenneberga-1999\\\/#primaryimage\"},\"thumbnailUrl\":\"https:\\\/\\\/www.freilichtbuehne-nettelstedt.de\\\/wp-content\\\/uploads\\\/2019\\\/05\\\/Michel_LR-e1558534049980.jpg\",\"articleSection\":[\"Aktuelles\"],\"inLanguage\":\"de\"},{\"@type\":\"WebPage\",\"@id\":\"https:\\\/\\\/www.freilichtbuehne-nettelstedt.de\\\/index.php\\\/michel-aus-loenneberga-1999\\\/\",\"url\":\"https:\\\/\\\/www.freilichtbuehne-nettelstedt.de\\\/index.php\\\/michel-aus-loenneberga-1999\\\/\",\"name\":\"1999 - Michel aus L\u00f6nneberga - Freilichtb\u00fchne Nettelstedt\",\"isPartOf\":{\"@id\":\"https:\\\/\\\/www.freilichtbuehne-nettelstedt.de\\\/#website\"},\"primaryImageOfPage\":{\"@id\":\"https:\\\/\\\/www.freilichtbuehne-nettelstedt.de\\\/index.php\\\/michel-aus-loenneberga-1999\\\/#primaryimage\"},\"image\":{\"@id\":\"https:\\\/\\\/www.freilichtbuehne-nettelstedt.de\\\/index.php\\\/michel-aus-loenneberga-1999\\\/#primaryimage\"},\"thumbnailUrl\":\"https:\\\/\\\/www.freilichtbuehne-nettelstedt.de\\\/wp-content\\\/uploads\\\/2019\\\/05\\\/Michel_LR-e1558534049980.jpg\",\"datePublished\":\"2011-02-21T22:31:58+00:00\",\"dateModified\":\"2020-07-11T11:57:26+00:00\",\"breadcrumb\":{\"@id\":\"https:\\\/\\\/www.freilichtbuehne-nettelstedt.de\\\/index.php\\\/michel-aus-loenneberga-1999\\\/#breadcrumb\"},\"inLanguage\":\"de\",\"potentialAction\":[{\"@type\":\"ReadAction\",\"target\":[\"https:\\\/\\\/www.freilichtbuehne-nettelstedt.de\\\/index.php\\\/michel-aus-loenneberga-1999\\\/\"]}]},{\"@type\":\"ImageObject\",\"inLanguage\":\"de\",\"@id\":\"https:\\\/\\\/www.freilichtbuehne-nettelstedt.de\\\/index.php\\\/michel-aus-loenneberga-1999\\\/#primaryimage\",\"url\":\"https:\\\/\\\/www.freilichtbuehne-nettelstedt.de\\\/wp-content\\\/uploads\\\/2019\\\/05\\\/Michel_LR-e1558534049980.jpg\",\"contentUrl\":\"https:\\\/\\\/www.freilichtbuehne-nettelstedt.de\\\/wp-content\\\/uploads\\\/2019\\\/05\\\/Michel_LR-e1558534049980.jpg\",\"width\":700,\"height\":700,\"caption\":\"OLYMPUS DIGITAL CAMERA\"},{\"@type\":\"BreadcrumbList\",\"@id\":\"https:\\\/\\\/www.freilichtbuehne-nettelstedt.de\\\/index.php\\\/michel-aus-loenneberga-1999\\\/#breadcrumb\",\"itemListElement\":[{\"@type\":\"ListItem\",\"position\":1,\"name\":\"Startseite\",\"item\":\"https:\\\/\\\/www.freilichtbuehne-nettelstedt.de\\\/\"},{\"@type\":\"ListItem\",\"position\":2,\"name\":\"1999 &#8211; Michel aus L\u00f6nneberga\"}]},{\"@type\":\"WebSite\",\"@id\":\"https:\\\/\\\/www.freilichtbuehne-nettelstedt.de\\\/#website\",\"url\":\"https:\\\/\\\/www.freilichtbuehne-nettelstedt.de\\\/\",\"name\":\"Freilichtb\u00fchne Nettelstedt\",\"description\":\"Theater, das einfach Spa\u00df macht\",\"publisher\":{\"@id\":\"https:\\\/\\\/www.freilichtbuehne-nettelstedt.de\\\/#organization\"},\"potentialAction\":[{\"@type\":\"SearchAction\",\"target\":{\"@type\":\"EntryPoint\",\"urlTemplate\":\"https:\\\/\\\/www.freilichtbuehne-nettelstedt.de\\\/?s={search_term_string}\"},\"query-input\":{\"@type\":\"PropertyValueSpecification\",\"valueRequired\":true,\"valueName\":\"search_term_string\"}}],\"inLanguage\":\"de\"},{\"@type\":\"Organization\",\"@id\":\"https:\\\/\\\/www.freilichtbuehne-nettelstedt.de\\\/#organization\",\"name\":\"Freilichtb\u00fchne Nettelstedt e.V\",\"url\":\"https:\\\/\\\/www.freilichtbuehne-nettelstedt.de\\\/\",\"logo\":{\"@type\":\"ImageObject\",\"inLanguage\":\"de\",\"@id\":\"https:\\\/\\\/www.freilichtbuehne-nettelstedt.de\\\/#\\\/schema\\\/logo\\\/image\\\/\",\"url\":\"https:\\\/\\\/www.freilichtbuehne-nettelstedt.de\\\/wp-content\\\/uploads\\\/2016\\\/02\\\/Logo_Final_2016_Transp_klein.png\",\"contentUrl\":\"https:\\\/\\\/www.freilichtbuehne-nettelstedt.de\\\/wp-content\\\/uploads\\\/2016\\\/02\\\/Logo_Final_2016_Transp_klein.png\",\"width\":250,\"height\":100,\"caption\":\"Freilichtb\u00fchne Nettelstedt e.V\"},\"image\":{\"@id\":\"https:\\\/\\\/www.freilichtbuehne-nettelstedt.de\\\/#\\\/schema\\\/logo\\\/image\\\/\"},\"sameAs\":[\"https:\\\/\\\/www.facebook.com\\\/freilichtbuehne.nettelstedt\\\/\",\"https:\\\/\\\/www.instagram.com\\\/freilichtbuehnenettelstedt\\\/\"]},{\"@type\":\"Person\",\"@id\":\"https:\\\/\\\/www.freilichtbuehne-nettelstedt.de\\\/#\\\/schema\\\/person\\\/4e91ec7580d6c9b5fb05a4d8959d7c1d\",\"name\":\"Manfred M\u00f6hlmann\",\"url\":\"https:\\\/\\\/www.freilichtbuehne-nettelstedt.de\\\/index.php\\\/author\\\/mammut\\\/\"}]}<\/script>\n<!-- \/ Yoast SEO plugin. -->","yoast_head_json":{"title":"1999 - Michel aus L\u00f6nneberga - Freilichtb\u00fchne Nettelstedt","robots":{"index":"index","follow":"follow","max-snippet":"max-snippet:-1","max-image-preview":"max-image-preview:large","max-video-preview":"max-video-preview:-1"},"canonical":"https:\/\/www.freilichtbuehne-nettelstedt.de\/index.php\/michel-aus-loenneberga-1999\/","og_locale":"de_DE","og_type":"article","og_title":"1999 - Michel aus L\u00f6nneberga - Freilichtb\u00fchne Nettelstedt","og_description":"nach einem St\u00fcck von Astrid Lindgren Bearbeitung f\u00fcr die Freilichtb\u00fchne: Inhalt: Das ist bestimmt die gr\u00f6\u00dfte Holzm\u00e4nnchen-Sammlung in ganz Smaland, \u00fcberlegt der kleine Michel, w\u00e4hrend er eifrig schnitzt.&nbsp; So verbringt er recht sinnvoll die ZeiT im Holzschuppen, in die ihn sein ver\u00e4rgerter Vater gesperrt hat.&nbsp; Zur Strafe f\u00fcr einen Streich. Der Vater von Michel \u00e4rgert [&hellip;]","og_url":"https:\/\/www.freilichtbuehne-nettelstedt.de\/index.php\/michel-aus-loenneberga-1999\/","og_site_name":"Freilichtb\u00fchne Nettelstedt","article_publisher":"https:\/\/www.facebook.com\/freilichtbuehne.nettelstedt\/","article_published_time":"2011-02-21T22:31:58+00:00","article_modified_time":"2020-07-11T11:57:26+00:00","og_image":[{"width":700,"height":700,"url":"https:\/\/www.freilichtbuehne-nettelstedt.de\/wp-content\/uploads\/2019\/05\/Michel_LR-e1558534049980.jpg","type":"image\/jpeg"}],"author":"Manfred M\u00f6hlmann","twitter_card":"summary_large_image","twitter_misc":{"Verfasst von":"Manfred M\u00f6hlmann","Gesch\u00e4tzte Lesezeit":"1\u00a0Minute"},"schema":{"@context":"https:\/\/schema.org","@graph":[{"@type":"Article","@id":"https:\/\/www.freilichtbuehne-nettelstedt.de\/index.php\/michel-aus-loenneberga-1999\/#article","isPartOf":{"@id":"https:\/\/www.freilichtbuehne-nettelstedt.de\/index.php\/michel-aus-loenneberga-1999\/"},"author":{"name":"Manfred M\u00f6hlmann","@id":"https:\/\/www.freilichtbuehne-nettelstedt.de\/#\/schema\/person\/4e91ec7580d6c9b5fb05a4d8959d7c1d"},"headline":"1999 &#8211; Michel aus L\u00f6nneberga","datePublished":"2011-02-21T22:31:58+00:00","dateModified":"2020-07-11T11:57:26+00:00","mainEntityOfPage":{"@id":"https:\/\/www.freilichtbuehne-nettelstedt.de\/index.php\/michel-aus-loenneberga-1999\/"},"wordCount":272,"publisher":{"@id":"https:\/\/www.freilichtbuehne-nettelstedt.de\/#organization"},"image":{"@id":"https:\/\/www.freilichtbuehne-nettelstedt.de\/index.php\/michel-aus-loenneberga-1999\/#primaryimage"},"thumbnailUrl":"https:\/\/www.freilichtbuehne-nettelstedt.de\/wp-content\/uploads\/2019\/05\/Michel_LR-e1558534049980.jpg","articleSection":["Aktuelles"],"inLanguage":"de"},{"@type":"WebPage","@id":"https:\/\/www.freilichtbuehne-nettelstedt.de\/index.php\/michel-aus-loenneberga-1999\/","url":"https:\/\/www.freilichtbuehne-nettelstedt.de\/index.php\/michel-aus-loenneberga-1999\/","name":"1999 - Michel aus L\u00f6nneberga - Freilichtb\u00fchne Nettelstedt","isPartOf":{"@id":"https:\/\/www.freilichtbuehne-nettelstedt.de\/#website"},"primaryImageOfPage":{"@id":"https:\/\/www.freilichtbuehne-nettelstedt.de\/index.php\/michel-aus-loenneberga-1999\/#primaryimage"},"image":{"@id":"https:\/\/www.freilichtbuehne-nettelstedt.de\/index.php\/michel-aus-loenneberga-1999\/#primaryimage"},"thumbnailUrl":"https:\/\/www.freilichtbuehne-nettelstedt.de\/wp-content\/uploads\/2019\/05\/Michel_LR-e1558534049980.jpg","datePublished":"2011-02-21T22:31:58+00:00","dateModified":"2020-07-11T11:57:26+00:00","breadcrumb":{"@id":"https:\/\/www.freilichtbuehne-nettelstedt.de\/index.php\/michel-aus-loenneberga-1999\/#breadcrumb"},"inLanguage":"de","potentialAction":[{"@type":"ReadAction","target":["https:\/\/www.freilichtbuehne-nettelstedt.de\/index.php\/michel-aus-loenneberga-1999\/"]}]},{"@type":"ImageObject","inLanguage":"de","@id":"https:\/\/www.freilichtbuehne-nettelstedt.de\/index.php\/michel-aus-loenneberga-1999\/#primaryimage","url":"https:\/\/www.freilichtbuehne-nettelstedt.de\/wp-content\/uploads\/2019\/05\/Michel_LR-e1558534049980.jpg","contentUrl":"https:\/\/www.freilichtbuehne-nettelstedt.de\/wp-content\/uploads\/2019\/05\/Michel_LR-e1558534049980.jpg","width":700,"height":700,"caption":"OLYMPUS DIGITAL CAMERA"},{"@type":"BreadcrumbList","@id":"https:\/\/www.freilichtbuehne-nettelstedt.de\/index.php\/michel-aus-loenneberga-1999\/#breadcrumb","itemListElement":[{"@type":"ListItem","position":1,"name":"Startseite","item":"https:\/\/www.freilichtbuehne-nettelstedt.de\/"},{"@type":"ListItem","position":2,"name":"1999 &#8211; Michel aus L\u00f6nneberga"}]},{"@type":"WebSite","@id":"https:\/\/www.freilichtbuehne-nettelstedt.de\/#website","url":"https:\/\/www.freilichtbuehne-nettelstedt.de\/","name":"Freilichtb\u00fchne Nettelstedt","description":"Theater, das einfach Spa\u00df macht","publisher":{"@id":"https:\/\/www.freilichtbuehne-nettelstedt.de\/#organization"},"potentialAction":[{"@type":"SearchAction","target":{"@type":"EntryPoint","urlTemplate":"https:\/\/www.freilichtbuehne-nettelstedt.de\/?s={search_term_string}"},"query-input":{"@type":"PropertyValueSpecification","valueRequired":true,"valueName":"search_term_string"}}],"inLanguage":"de"},{"@type":"Organization","@id":"https:\/\/www.freilichtbuehne-nettelstedt.de\/#organization","name":"Freilichtb\u00fchne Nettelstedt e.V","url":"https:\/\/www.freilichtbuehne-nettelstedt.de\/","logo":{"@type":"ImageObject","inLanguage":"de","@id":"https:\/\/www.freilichtbuehne-nettelstedt.de\/#\/schema\/logo\/image\/","url":"https:\/\/www.freilichtbuehne-nettelstedt.de\/wp-content\/uploads\/2016\/02\/Logo_Final_2016_Transp_klein.png","contentUrl":"https:\/\/www.freilichtbuehne-nettelstedt.de\/wp-content\/uploads\/2016\/02\/Logo_Final_2016_Transp_klein.png","width":250,"height":100,"caption":"Freilichtb\u00fchne Nettelstedt e.V"},"image":{"@id":"https:\/\/www.freilichtbuehne-nettelstedt.de\/#\/schema\/logo\/image\/"},"sameAs":["https:\/\/www.facebook.com\/freilichtbuehne.nettelstedt\/","https:\/\/www.instagram.com\/freilichtbuehnenettelstedt\/"]},{"@type":"Person","@id":"https:\/\/www.freilichtbuehne-nettelstedt.de\/#\/schema\/person\/4e91ec7580d6c9b5fb05a4d8959d7c1d","name":"Manfred M\u00f6hlmann","url":"https:\/\/www.freilichtbuehne-nettelstedt.de\/index.php\/author\/mammut\/"}]}},"_links":{"self":[{"href":"https:\/\/www.freilichtbuehne-nettelstedt.de\/index.php\/wp-json\/wp\/v2\/posts\/1136","targetHints":{"allow":["GET"]}}],"collection":[{"href":"https:\/\/www.freilichtbuehne-nettelstedt.de\/index.php\/wp-json\/wp\/v2\/posts"}],"about":[{"href":"https:\/\/www.freilichtbuehne-nettelstedt.de\/index.php\/wp-json\/wp\/v2\/types\/post"}],"author":[{"embeddable":true,"href":"https:\/\/www.freilichtbuehne-nettelstedt.de\/index.php\/wp-json\/wp\/v2\/users\/2"}],"replies":[{"embeddable":true,"href":"https:\/\/www.freilichtbuehne-nettelstedt.de\/index.php\/wp-json\/wp\/v2\/comments?post=1136"}],"version-history":[{"count":2,"href":"https:\/\/www.freilichtbuehne-nettelstedt.de\/index.php\/wp-json\/wp\/v2\/posts\/1136\/revisions"}],"predecessor-version":[{"id":10054,"href":"https:\/\/www.freilichtbuehne-nettelstedt.de\/index.php\/wp-json\/wp\/v2\/posts\/1136\/revisions\/10054"}],"wp:featuredmedia":[{"embeddable":true,"href":"https:\/\/www.freilichtbuehne-nettelstedt.de\/index.php\/wp-json\/wp\/v2\/media\/9524"}],"wp:attachment":[{"href":"https:\/\/www.freilichtbuehne-nettelstedt.de\/index.php\/wp-json\/wp\/v2\/media?parent=1136"}],"wp:term":[{"taxonomy":"category","embeddable":true,"href":"https:\/\/www.freilichtbuehne-nettelstedt.de\/index.php\/wp-json\/wp\/v2\/categories?post=1136"},{"taxonomy":"post_tag","embeddable":true,"href":"https:\/\/www.freilichtbuehne-nettelstedt.de\/index.php\/wp-json\/wp\/v2\/tags?post=1136"}],"curies":[{"name":"wp","href":"https:\/\/api.w.org\/{rel}","templated":true}]}}